{"id":16668,"date":"2022-01-10T17:39:12","date_gmt":"2022-01-10T14:39:12","guid":{"rendered":"https:\/\/iletim.istanbul.edu.tr\/?p=16668"},"modified":"2022-01-10T19:55:01","modified_gmt":"2022-01-10T16:55:01","slug":"prof-dr-arzu-kihtire-medya-ve-iletisim-profesyonelleri-birliginden-davet","status":"publish","type":"post","link":"https:\/\/iletim.istanbul.edu.tr\/index.php\/2022\/01\/10\/prof-dr-arzu-kihtire-medya-ve-iletisim-profesyonelleri-birliginden-davet\/","title":{"rendered":"Prof. Dr. Arzu Kihtir\u2019e Medya ve \u0130leti\u015fim Profesyonelleri Birli\u011finden davet"},"content":{"rendered":"\n<p><strong>Haber:<\/strong> Mutlu Bilge<\/p>\n\n\n\n<p>\u0130stanbul \u00dcniversitesi \u0130leti\u015fim Fak\u00fcltesi \u0130leti\u015fim Sosyolojisi Anabilim Dal\u0131 Ba\u015fkan\u0131 Prof. Dr. Arzu Kihtir, Medya ve \u0130leti\u015fim Profesyonelleri Birli\u011fi\/AMCAP (Assocation of Media and Communication Professionals) taraf\u0131ndan Pakistan Okara \u00dcniversitesi\u2019nde d\u00fczenlenen Uluslararas\u0131 Medya Konferans\u0131\u2019na a\u00e7\u0131l\u0131\u015f konu\u015fmas\u0131 yapmak \u00fczere davet edildi.<\/p>\n\n\n\n<p>Kihtir, 2-3 \u015eubat\u2019taki konferans\u0131n ard\u0131ndan, Pakistan Punjap \u00dcniversitesi\u2019nde ger\u00e7ekle\u015ftirilecek 3. AMCAP Bahar D\u00f6nemi Doktora Program\u0131na da kat\u0131lacak<\/p>\n\n\n\n<p>\u201cSa\u011fl\u0131k \u0130leti\u015fimi Kapsam\u0131nda \u0130leti\u015fim ve Medyan\u0131n Rol\u00fc ve G\u00f6revleri\u201d  ba\u015fl\u0131kl\u0131 a\u00e7\u0131l\u0131\u015f konu\u015fmas\u0131n\u0131 yapacak olan Prof. Dr. Arzu Kihtir, doktora program\u0131nda ise Medya ve Demokrasi \u0130li\u015fkisi Ba\u011flam\u0131nda Medya E\u011fitimi ve Devlet Politikas\u0131  konusunda ders verecek. <\/p>\n\n\n\n<figure class=\"wp-block-image\"><img decoding=\"async\" width=\"1024\" height=\"871\" src=\"https:\/\/iletim.istanbul.edu.tr\/wp-content\/uploads\/66F60408-64E4-4CBF-9E2A-B0705F3F18B7-1024x871.jpeg\" alt=\"\" class=\"wp-image-16675\" srcset=\"https:\/\/iletim.istanbul.edu.tr\/wp-content\/uploads\/66F60408-64E4-4CBF-9E2A-B0705F3F18B7.jpeg 1024w, https:\/\/iletim.istanbul.edu.tr\/wp-content\/uploads\/66F60408-64E4-4CBF-9E2A-B0705F3F18B7-300x255.jpeg 300w\" sizes=\"(max-width: 1024px) 100vw, 1024px\" \/><\/figure>\n","protected":false},"excerpt":{"rendered":"<p>Haber: Mutlu Bilge \u0130stanbul \u00dcniversitesi \u0130leti\u015fim Fak\u00fcltesi \u0130leti\u015fim Sosyolojisi Anabilim Dal\u0131 Ba\u015fkan\u0131 Prof. Dr. Arzu Kihtir, Medya ve \u0130leti\u015fim Profesyonelleri Birli\u011fi\/AMCAP (Assocation of Media and Communication Professionals) taraf\u0131ndan Pakistan Okara \u00dcniversitesi\u2019nde d\u00fczenlenen Uluslararas\u0131 Medya Konferans\u0131\u2019na a\u00e7\u0131l\u0131\u015f konu\u015fmas\u0131 yapmak \u00fczere davet edildi. Kihtir, 2-3 \u015eubat\u2019taki konferans\u0131n ard\u0131ndan, Pakistan Punjap \u00dcniversitesi\u2019nde ger\u00e7ekle\u015ftirilecek 3. AMCAP Bahar D\u00f6nemi Doktora [&hellip;]<\/p>\n","protected":false},"author":14,"featured_media":16670,"comment_status":"open","ping_status":"open","sticky":false,"template":"","format":"standard","meta":{"jnews-multi-image_gallery":[],"jnews_single_post":[],"jnews_primary_category":[],"jnews_social_meta":[],"jnews_override_counter":[],"footnotes":""},"categories":[24,34,178],"tags":[],"class_list":["post-16668","post","type-post","status-publish","format-standard","has-post-thumbnail","hentry","category-bilim","category-universite","category-fakultemizden"],"_links":{"self":[{"href":"https:\/\/iletim.istanbul.edu.tr\/index.php\/wp-json\/wp\/v2\/posts\/16668","targetHints":{"allow":["GET"]}}],"collection":[{"href":"https:\/\/iletim.istanbul.edu.tr\/index.php\/wp-json\/wp\/v2\/posts"}],"about":[{"href":"https:\/\/iletim.istanbul.edu.tr\/index.php\/wp-json\/wp\/v2\/types\/post"}],"author":[{"embeddable":true,"href":"https:\/\/iletim.istanbul.edu.tr\/index.php\/wp-json\/wp\/v2\/users\/14"}],"replies":[{"embeddable":true,"href":"https:\/\/iletim.istanbul.edu.tr\/index.php\/wp-json\/wp\/v2\/comments?post=16668"}],"version-history":[{"count":0,"href":"https:\/\/iletim.istanbul.edu.tr\/index.php\/wp-json\/wp\/v2\/posts\/16668\/revisions"}],"wp:featuredmedia":[{"embeddable":true,"href":"https:\/\/iletim.istanbul.edu.tr\/index.php\/wp-json\/wp\/v2\/media\/16670"}],"wp:attachment":[{"href":"https:\/\/iletim.istanbul.edu.tr\/index.php\/wp-json\/wp\/v2\/media?parent=16668"}],"wp:term":[{"taxonomy":"category","embeddable":true,"href":"https:\/\/iletim.istanbul.edu.tr\/index.php\/wp-json\/wp\/v2\/categories?post=16668"},{"taxonomy":"post_tag","embeddable":true,"href":"https:\/\/iletim.istanbul.edu.tr\/index.php\/wp-json\/wp\/v2\/tags?post=16668"}],"curies":[{"name":"wp","href":"https:\/\/api.w.org\/{rel}","templated":true}]}}