{"id":16689,"date":"2022-01-17T15:01:42","date_gmt":"2022-01-17T12:01:42","guid":{"rendered":"https:\/\/iletim.istanbul.edu.tr\/?p=16689"},"modified":"2022-01-17T15:01:44","modified_gmt":"2022-01-17T12:01:44","slug":"dr-serafettin-ekici-hayatin-her-alanina-dokunan-bir-alan-bilisim-hukuku","status":"publish","type":"post","link":"https:\/\/iletim.istanbul.edu.tr\/index.php\/2022\/01\/17\/dr-serafettin-ekici-hayatin-her-alanina-dokunan-bir-alan-bilisim-hukuku\/","title":{"rendered":"Dr. \u015eerafettin Ekici \u201cHayat\u0131n her alan\u0131na dokunan bir alan: Bili\u015fim hukuku\u201d"},"content":{"rendered":"\n<p style=\"text-align:left\"><strong>S\u00f6yle\u015fi:<\/strong> Melisa Y\u0131ld\u0131r\u0131m<\/p>\n\n\n\n<p>Medeniyet \u00dcniversitesi Hukuk Fak\u00fcltesi Bili\u015fim ve Teknoloji Hukuku \u00d6\u011fretim \u00dcyesi, Bili\u015fim ve Teknoloji Hukuku Derne\u011fi Y\u00f6netim kurulu Ba\u015fkan\u0131 Dr. \u015eerafettin Ekici, T\u00fcrkiye de ilk defa ger\u00e7ekle\u015fen Uluslararas\u0131 Bili\u015fim ve Teknoloji Hukuku ve \u00a0Sempozyumu Hakk\u0131nda a\u00e7\u0131klamalarda bulundu.<\/p>\n\n\n\n<p>1950\u2019lerde bilgisayarlar\u0131n ke\u015ffi, 1960\u2019lardan itibaren ulusal ve k\u00fcresel ileti\u015fim a\u011flar\u0131n\u0131n kurulmaya ba\u015flanmas\u0131, 1989\u2019da internetin icad\u0131 ile devam eden s\u00fcrecin, yeni su\u00e7 \u015fekilleri ve daha bir\u00e7ok yenili\u011f\u00fcn hukuk sistemine dahil olmas\u0131yla bili\u015fim hukukunu olu\u015fturdu\u011funu s\u00f6yleyen Dr. \u015eerafettin Ekici,  T\u00fcrkiye&#8217;nin, bili\u015fim ve bili\u015fim hukuku alan\u0131ndaki geli\u015fmeleri yak\u0131ndan takip etmeye \u00e7al\u0131\u015ft\u0131\u011f\u0131 halde, gerek bili\u015fim teknolojileri gerekse bili\u015fim hukuku alan\u0131ndaki yenilikler konusunda zaman zaman geli\u015fmi\u015f \u00fclkelerin gerisinde kalabildi\u011fini belirtti.<\/p>\n\n\n\n<figure class=\"wp-block-image\"><img decoding=\"async\" width=\"800\" height=\"1024\" src=\"https:\/\/iletim.istanbul.edu.tr\/wp-content\/uploads\/3C5DBC49-8861-471E-B801-A01E5F39CA6E-800x1024.jpeg\" alt=\"\" class=\"wp-image-16698\" srcset=\"https:\/\/iletim.istanbul.edu.tr\/wp-content\/uploads\/3C5DBC49-8861-471E-B801-A01E5F39CA6E-800x1024.jpeg 800w, https:\/\/iletim.istanbul.edu.tr\/wp-content\/uploads\/3C5DBC49-8861-471E-B801-A01E5F39CA6E-234x300.jpeg 234w, https:\/\/iletim.istanbul.edu.tr\/wp-content\/uploads\/3C5DBC49-8861-471E-B801-A01E5F39CA6E.jpeg 1600w\" sizes=\"(max-width: 800px) 100vw, 800px\" \/><figcaption>Dr. \u00d6\u011fretim \u00dcyesi \u015eerafettin Ekici<\/figcaption><\/figure>\n\n\n\n<p>Dr. Ekici, ba\u015fkan\u0131 oldu\u011fu Bili\u015fim ve Teknoloji Hukuku Derne\u011fi hakk\u0131nda, &#8221; Derne\u011fimiz, t\u00fcz\u00fc\u011f\u00fcnde belirtilen ama\u00e7lar do\u011frultusunda gerek bili\u015fim teknolojileri alan\u0131nda, gerekse bili\u015fim hukuku alan\u0131nda yap\u0131lan akademik \u00e7al\u0131\u015fmalar\u0131 bir araya toplayarak bili\u015fim hukukunun, t\u00fcm alt dallar\u0131 ile birlikte \u00fclkemizde do\u011fru ve h\u0131zl\u0131 \u015fekilde geli\u015fmesi i\u00e7in kurulmu\u015f olan, kar amac\u0131 g\u00fctmeyen sivil toplum \u00f6rg\u00fct\u00fcd\u00fcr.\u201d  ifadelerini kulland\u0131.<\/p>\n\n\n\n<p><strong>\u201cT\u00fcrkiye\u2019de ilk defa Uluslararas\u0131 Bili\u015fim ve teknoloji hukuku sempozyumu ger\u00e7ekle\u015ftirdik\u201d<\/strong><\/p>\n\n\n\n<p> &#8220;Bili\u015fim ve Teknoloji Hukuku Sempozyumu, \u0130stanbul Medeniyet \u00dcniversitesi ve Bili\u015fim ve Teknoloji Hukuku Derne\u011fi i\u015fbirli\u011fi ile uluslararas\u0131 bir sempozyum olarak d\u00fczenlendi.&#8221;  diyen Dr. Ekici \u015f\u00f6yle konu\u015ftu: &#8221;Bu sempozyum, alan\u0131nda ilk ve T\u00fcrkiye de bu geni\u015flikte tek sempozyum.  Ger\u00e7ekten beklentimizin \u00e7ok daha \u00fczerinde ciddi bir tevecc\u00fch g\u00f6rd\u00fc ve \u00e7ok ciddi kat\u0131l\u0131mc\u0131lar kat\u0131ld\u0131. Sempozyumumuza 13 farkl\u0131 \u00fcniversiteden 70&#8217;in \u00fczerinde akademisyen kat\u0131ld\u0131. Tebli\u011f sundular, ayn\u0131 zamanda sekt\u00f6rden, sivil toplum \u00f6rg\u00fctlerinden ve barolardan ciddi bir kat\u0131l\u0131m sa\u011flamd\u0131.\u201d <\/p>\n\n\n\n<p><strong>\u201c<\/strong><strong>Sadece\nhukuk\u00e7ular de\u011fil, m\u00fchendislerimizin de oldu\u011fu bir dernek\u201d<\/strong><\/p>\n\n\n\n<p>Sempozyumun, bili\u015fim ve teknoloji hukukunun geli\u015fmesi y\u00f6n\u00fcnde \u00f6nemli ad\u0131mlardan bir tanesi oldu\u011funa dikkat \u00e7eken Dr. Ekici, &#8221;Bili\u015fim ve teknoloji hukuku, hukukta yeni geli\u015fen alanlardan bir tanesi. Bir taraftan bor\u00e7lar hukuku kanunu, medeni kanun, ki\u015fisel veriler, ki\u015filer hukuku gibi \u00f6zel hukuk alanlar\u0131na de\u011finirken, di\u011fer taraftan bili\u015fim su\u00e7lar\u0131, vergilendirme, dijital anayasac\u0131l\u0131k gibi kamu hukuku alanlar\u0131na da de\u011finiyor ve bu haliyle biz art\u0131k interdisipliner bir alan olarak kabul ediyoruz.  Hayat\u0131n her alan\u0131na dokunan bir alan bili\u015fim hukuku. Yani bilim dallar\u0131n\u0131n bulu\u015fma noktas\u0131nda. Bu anlamda, \u0130stanbul Medeniyet \u00dcniversitesi de \u00f6nc\u00fc kurumlardan bir tanesi. B\u00fcnyesinde bili\u015fim ve teknoloji hukuku ana bilim dal\u0131n\u0131 a\u00e7an, bili\u015fim ve teknoloji hukuku alan\u0131nda y\u00fcksek lisans programlar\u0131n\u0131 a\u00e7an ilk devlet \u00fcniversitesi. Bili\u015fim ve teknoloji hukuku derne\u011fi ile birlikte bu program\u0131 d\u00fczenledi\u011fi i\u00e7in onlara da ayr\u0131ca te\u015fekk\u00fcr ediyoruz. Bili\u015fim ve teknoloji hukuku derne\u011fi, kurulu\u015fundan bu g\u00fcne kadar bu alanda faaliyet g\u00f6steren \u00e7ok \u00f6nemli bir dernek oldu. Herkesin bulu\u015fma noktas\u0131 oldu. Sadece hukuk\u00e7ular de\u011fil, m\u00fchendislerimizin de oldu\u011fu bir dernek. Telekom\u00fcnikasyon m\u00fchendisleri, elektronik m\u00fchendisleri gibi bir \u00e7ok m\u00fchendislik dal\u0131ndan da \u00fcyelerimiz var. Geli\u015ferek b\u00fcy\u00fcmeyi \u00fcmit ediyoruz. Ayr\u0131ca sempozyumumuza sponsor olan \u00f6nemli sponsorlar\u0131m\u0131za da te\u015fekk\u00fcr ediyoruz. Herkesin i\u015fbirli\u011fi ile g\u00fczel bir sempozyum oldu &#8221; diye konu\u015ftu.<\/p>\n\n\n\n<p><strong>\u201cHukuk toplumu geriden takip eder\u201d<\/strong><\/p>\n\n\n\n<p>Kendi e\u011fitim hayat\u0131ndan da bahseden Dr. \u015eerafettin Ekici,  2001 y\u0131l\u0131nda Marmara \u00dcniversitesi Hukuk Fak\u00fcltesi&#8217;nden mezun oldu\u011funu, y\u00fcksek lisans\u0131n\u0131 Marmara \u00dcniversitesi&#8217;nde &nbsp;Bili\u015fim alan\u0131nda yapt\u0131\u011f\u0131n\u0131 belirterek bu alanda yazd\u0131\u011f\u0131 makaleler ve kitaplar oldu\u011funu s\u00f6yledi.  \u201cHukuk toplumu geriden takip eder bundan dolay\u0131 teknoloji ve bili\u015fimin geli\u015fmesinden \u00e7ok sonra hukuk alan\u0131 geli\u015fmeye ba\u015flam\u0131\u015ft\u0131r.&#8221; diyen Dr. Ekici,  2021 y\u0131l\u0131ndan beri hayat\u0131m\u0131z\u0131n her alan\u0131nda bili\u015fim ve teknoloji ile i\u00e7 i\u00e7eyiz. Eskiden lisans \u00e7a\u011f\u0131nda bili\u015fim dersleri olurken g\u00fcn\u00fcm\u00fczde ilkokul seviyesinde ki \u00f6\u011frencilerin de bili\u015fim dersi g\u00f6rd\u00fc\u011f\u00fcn\u00fc ilkokula giden k\u0131z\u0131m arac\u0131l\u0131\u011f\u0131yla \u00f6\u011frendim. Alan bu kadar hayat\u0131m\u0131za etki ediyorken bu alan\u0131n hukuki alan\u0131 da geli\u015fmeye ba\u015flad\u0131.&#8221; dedi.<\/p>\n\n\n\n<p>Dr. Ekici son olarak,  uluslararas\u0131 bili\u015fim ve teknoloji hukuku sempozyumunun 3-4-5 Aral\u0131k tarihlerinde \u00dcsk\u00fcdar Bilim merkezinde ger\u00e7ekle\u015fti\u011fini belirterek, sempozyumda 18 farkl\u0131 \u00fcniversiteden 70 akademisyen taraf\u0131ndan sunum yap\u0131ld\u0131\u011f\u0131n\u0131 s\u00f6yledi.<\/p>\n\n\n\n<figure class=\"wp-block-image\"><img decoding=\"async\" width=\"612\" height=\"298\" src=\"https:\/\/iletim.istanbul.edu.tr\/wp-content\/uploads\/E96CE7C2-04E9-4A12-8812-82F82ACD956B.jpeg\" alt=\"\" class=\"wp-image-16699\" srcset=\"https:\/\/iletim.istanbul.edu.tr\/wp-content\/uploads\/E96CE7C2-04E9-4A12-8812-82F82ACD956B.jpeg 612w, https:\/\/iletim.istanbul.edu.tr\/wp-content\/uploads\/E96CE7C2-04E9-4A12-8812-82F82ACD956B-300x146.jpeg 300w\" sizes=\"(max-width: 612px) 100vw, 612px\" \/><\/figure>\n","protected":false},"excerpt":{"rendered":"<p>S\u00f6yle\u015fi: Melisa Y\u0131ld\u0131r\u0131m Medeniyet \u00dcniversitesi Hukuk Fak\u00fcltesi Bili\u015fim ve Teknoloji Hukuku \u00d6\u011fretim \u00dcyesi, Bili\u015fim ve Teknoloji Hukuku Derne\u011fi Y\u00f6netim kurulu Ba\u015fkan\u0131 Dr. \u015eerafettin Ekici, T\u00fcrkiye de ilk defa ger\u00e7ekle\u015fen Uluslararas\u0131 Bili\u015fim ve Teknoloji Hukuku ve \u00a0Sempozyumu Hakk\u0131nda a\u00e7\u0131klamalarda bulundu. 1950\u2019lerde bilgisayarlar\u0131n ke\u015ffi, 1960\u2019lardan itibaren ulusal ve k\u00fcresel ileti\u015fim a\u011flar\u0131n\u0131n kurulmaya ba\u015flanmas\u0131, 1989\u2019da internetin icad\u0131 ile [&hellip;]<\/p>\n","protected":false},"author":14,"featured_media":16691,"comment_status":"open","ping_status":"open","sticky":false,"template":"","format":"standard","meta":{"jnews-multi-image_gallery":[],"jnews_single_post":[],"jnews_primary_category":[],"jnews_social_meta":[],"jnews_override_counter":[],"footnotes":""},"categories":[1],"tags":[],"class_list":["post-16689","post","type-post","status-publish","format-standard","has-post-thumbnail","hentry","category-genel"],"_links":{"self":[{"href":"https:\/\/iletim.istanbul.edu.tr\/index.php\/wp-json\/wp\/v2\/posts\/16689","targetHints":{"allow":["GET"]}}],"collection":[{"href":"https:\/\/iletim.istanbul.edu.tr\/index.php\/wp-json\/wp\/v2\/posts"}],"about":[{"href":"https:\/\/iletim.istanbul.edu.tr\/index.php\/wp-json\/wp\/v2\/types\/post"}],"author":[{"embeddable":true,"href":"https:\/\/iletim.istanbul.edu.tr\/index.php\/wp-json\/wp\/v2\/users\/14"}],"replies":[{"embeddable":true,"href":"https:\/\/iletim.istanbul.edu.tr\/index.php\/wp-json\/wp\/v2\/comments?post=16689"}],"version-history":[{"count":0,"href":"https:\/\/iletim.istanbul.edu.tr\/index.php\/wp-json\/wp\/v2\/posts\/16689\/revisions"}],"wp:featuredmedia":[{"embeddable":true,"href":"https:\/\/iletim.istanbul.edu.tr\/index.php\/wp-json\/wp\/v2\/media\/16691"}],"wp:attachment":[{"href":"https:\/\/iletim.istanbul.edu.tr\/index.php\/wp-json\/wp\/v2\/media?parent=16689"}],"wp:term":[{"taxonomy":"category","embeddable":true,"href":"https:\/\/iletim.istanbul.edu.tr\/index.php\/wp-json\/wp\/v2\/categories?post=16689"},{"taxonomy":"post_tag","embeddable":true,"href":"https:\/\/iletim.istanbul.edu.tr\/index.php\/wp-json\/wp\/v2\/tags?post=16689"}],"curies":[{"name":"wp","href":"https:\/\/api.w.org\/{rel}","templated":true}]}}