{"id":16810,"date":"2022-01-25T22:10:07","date_gmt":"2022-01-25T19:10:07","guid":{"rendered":"https:\/\/iletim.istanbul.edu.tr\/?p=16810"},"modified":"2022-01-25T22:12:27","modified_gmt":"2022-01-25T19:12:27","slug":"istanbulun-gizemli-mekanlari","status":"publish","type":"post","link":"https:\/\/iletim.istanbul.edu.tr\/index.php\/2022\/01\/25\/istanbulun-gizemli-mekanlari\/","title":{"rendered":"\u0130stanbul\u2019un gizemli mek\u00e2nlar\u0131"},"content":{"rendered":"\n<p><strong>Haber:<\/strong> Sevcan S\u0131\u011f\u0131rc\u0131<\/p>\n\n\n\n<p>\u0130stanbul; ta\u015f\u0131 topra\u011f\u0131 alt\u0131n olan, \u00fczerinde bir\u00e7ok medeniyetin ya\u015fad\u0131\u011f\u0131, izini b\u0131rakt\u0131\u011f\u0131 tarih ve k\u00fclt\u00fcr merkezi bir \u015fehir. Bir\u00e7ok hikayeye, \u015fiire, \u015fark\u0131ya konu olan \u0130stanbul, g\u00fczel oldu\u011fu kadar gizemli bir kent. Ne var ki bu gizemleri \u00e7\u00f6zmek, okumak o kadar kolay de\u011fil. Tarih boyunca bir\u00e7ok gizemli olaylara ve mekanlara sahip olan \u0130stanbul&#8217;un tuhaf bir o kadar da \u00fcrk\u00fct\u00fcc\u00fc hikayeleri olan mekanlar\u0131n\u0131 ara\u015ft\u0131rd\u0131k. <\/p>\n\n\n\n<p><strong> Molla Zeyrek Cami<\/strong><\/p>\n\n\n\n<figure class=\"wp-block-image\"><img decoding=\"async\" width=\"582\" height=\"551\" src=\"https:\/\/iletim.istanbul.edu.tr\/wp-content\/uploads\/11313.png\" alt=\"\" class=\"wp-image-16812\" srcset=\"https:\/\/iletim.istanbul.edu.tr\/wp-content\/uploads\/11313.png 582w, https:\/\/iletim.istanbul.edu.tr\/wp-content\/uploads\/11313-300x284.png 300w\" sizes=\"(max-width: 582px) 100vw, 582px\" \/><\/figure>\n\n\n\n<p>Fatih il\u00e7esinde bulunan cami, \u0130stanbul\u2019da camiye d\u00f6n\u00fc\u015ft\u00fcr\u00fclen ilk kilisedir. Bizans d\u00f6nemine ait Pantokrator Manast\u0131r\u2019\u0131n kilisesi olup Hali\u00e7\u2019e h\u00e2kim bir tepenin \u00fcst\u00fcnde d\u00fczenlemi\u015f geni\u015f bir arazi \u00fczerinde in\u015fa edilmi\u015f.<\/p>\n\n\n\n<p><strong>\u00c7evredekiler Ah\u0131ra Girmekten Korkuyor<\/strong><\/p>\n\n\n\n<p>Manast\u0131r \u0130mparator 2. Joanes Komnenos\u2019un e\u015fi, Macar Kral\u0131 Laszio\u2019n\u00fcn k\u0131z\u0131 Eirene taraf\u0131ndan 1124 y\u0131l\u0131nda in\u015fa edilmeye ba\u015fland\u0131\u011f\u0131 bilinen caminin \u015fimdilerde park alan\u0131 olan arazisine bakan sokakla ilgili pek \u00e7ok \u00fcrpertici s\u00f6ylenti mevcut. B\u00f6lgede ya\u015fayan insanlar, park alan\u0131n\u0131n \u00f6ncelerde bir ah\u0131r b\u00f6lgesi oldu\u011funu s\u00f6yl\u00fcyor. S\u00f6ylenenlere g\u00f6re, ah\u0131r\u0131n i\u00e7inde \u00fcrk\u00fct\u00fcc\u00fc bir kuyu varm\u0131\u015f ve hayvanlar\u0131n\u0131 ah\u0131ra b\u0131rakanlar ak\u015famlar\u0131 oraya girmekten korkarlarm\u0131\u015f. O mahallede uzun zamandan beri ya\u015fayanlar, orada eskiden bir ah\u0131r bulundu\u011funu ama ah\u0131r\u0131n uzun zaman \u00f6nce \u00e7\u0131kan bir yang\u0131nla k\u00fcle d\u00f6nd\u00fc\u011f\u00fcn\u00fc s\u00f6ylediler. Ayr\u0131ca hikayelerin ger\u00e7ek olmad\u0131\u011f\u0131n\u0131n a\u015fikar olmas\u0131na ra\u011fmen, mahallelinin ger\u00e7ekten de ah\u0131rdan korktu\u011funu ilave ettiler. G\u00fcn\u00fcm\u00fczde o y\u0131k\u0131lan ah\u0131r\u0131n yerinde bir \u00e7ay bah\u00e7esi bulunuyor. <\/p>\n\n\n\n<figure class=\"wp-block-image\"><img decoding=\"async\" width=\"519\" height=\"553\" src=\"https:\/\/iletim.istanbul.edu.tr\/wp-content\/uploads\/42142.png\" alt=\"\" class=\"wp-image-16813\" srcset=\"https:\/\/iletim.istanbul.edu.tr\/wp-content\/uploads\/42142.png 519w, https:\/\/iletim.istanbul.edu.tr\/wp-content\/uploads\/42142-282x300.png 282w\" sizes=\"(max-width: 519px) 100vw, 519px\" \/><figcaption> Y\u0131k\u0131lan ah\u0131r\u0131n yerine yap\u0131lan \u00e7ay bah\u00e7esinin bug\u00fcnk\u00fc h\u00e2li <\/figcaption><\/figure>\n\n\n\n<p><strong> Perili K\u00f6\u015fk<\/strong><\/p>\n\n\n\n<figure class=\"wp-block-image\"><img decoding=\"async\" width=\"455\" height=\"547\" src=\"https:\/\/iletim.istanbul.edu.tr\/wp-content\/uploads\/463346.png\" alt=\"\" class=\"wp-image-16814\" srcset=\"https:\/\/iletim.istanbul.edu.tr\/wp-content\/uploads\/463346.png 455w, https:\/\/iletim.istanbul.edu.tr\/wp-content\/uploads\/463346-250x300.png 250w\" sizes=\"(max-width: 455px) 100vw, 455px\" \/><\/figure>\n\n\n\n<p><strong> Peki Ger\u00e7ekten Perili mi?<\/strong><\/p>\n\n\n\n<p>Bir sonraki gizemli mekan ise Bak\u0131rk\u00f6y \u0130ncirli&#8217;de bulunan &#8216;Perili K\u00f6\u015fk&#8217; ad\u0131yla bilinen Resneli K\u00f6\u015fk. Resneli Niyazi Bey&#8217; in karde\u015fi \u0130hsan Bey taraf\u0131ndan 1909 y\u0131l\u0131nda yapt\u0131r\u0131ld\u0131. \u0130ki karde\u015f \u00f6ld\u00fckten sonra kimse bu k\u00f6\u015fkte ya\u015famam\u0131\u015f. Anlat\u0131lanlara g\u00f6re, miras\u0131n payla\u015f\u0131lamamas\u0131 nedeniyle imar \u00e7al\u0131\u015fmalar\u0131na izin verilmedi\u011fi i\u00e7in k\u00f6\u015fk at\u0131l kalm\u0131\u015f. K\u00f6\u015fk\u00fcn \u201cPerili\u201d diye an\u0131lmas\u0131na gelirsek, k\u00f6\u015fk\u00fcn yak\u0131nlar\u0131nda ikamet edenlerin aktard\u0131klar\u0131na g\u00f6re, 1970\u2019li y\u0131llarda metruk binadan \u00e7\u0131\u011fl\u0131k sesi geliyormu\u015f ve hatta y\u0131lda birka\u00e7 kez be\u015f saniyeli\u011fine kayboluyormu\u015f. Ger\u00e7ekten y\u0131l\u0131n belli zamanlar\u0131nda kayboluyor mu diye sordu\u011fumuzda g\u00fclerek do\u011fru olmad\u0131\u011f\u0131n\u0131, bu s\u00f6ylentinin kulaktan kula\u011fa yay\u0131ld\u0131\u011f\u0131n\u0131 belirttiler. G\u00fcn\u00fcm\u00fczde ise birka\u00e7 aile ve evsiz ki\u015filerin burada konaklad\u0131\u011f\u0131, r\u00f6portaj yapmak isteyenlere olumlu cevap vermediklerini s\u00f6ylediler.<\/p>\n\n\n\n<p><strong> Cemil Molla K\u00f6\u015fk\u00fc<\/strong><\/p>\n\n\n\n<figure class=\"wp-block-image\"><img decoding=\"async\" width=\"785\" height=\"542\" src=\"https:\/\/iletim.istanbul.edu.tr\/wp-content\/uploads\/5225.png\" alt=\"\" class=\"wp-image-16815\" srcset=\"https:\/\/iletim.istanbul.edu.tr\/wp-content\/uploads\/5225.png 785w, https:\/\/iletim.istanbul.edu.tr\/wp-content\/uploads\/5225-300x207.png 300w\" sizes=\"(max-width: 785px) 100vw, 785px\" \/><\/figure>\n\n\n\n<p>Kuzguncuk&#8217;ta bulunan Cemil Molla K\u00f6\u015fk\u00fc, Sultan Abd\u00fclhamit\u2019in Adliye Naz\u0131r\u0131 \u00dcryanizadesi ve yak\u0131n dostu olan Cemil Molla\u2019n\u0131n 22 ya\u015f\u0131ndayken yapt\u0131rd\u0131\u011f\u0131 k\u00f6\u015fkt\u00fcr. D\u00f6nemin en iyi k\u00f6\u015fklerinden say\u0131lan bu yap\u0131 1940\u2019lar\u0131n sonunda Cemil Molla&#8217;n\u0131n vefat\u0131yla ailenin bor\u00e7lar\u0131 \u00f6deyemedi\u011finden Emniyet Sand\u0131\u011f\u0131 el koyar. <\/p>\n\n\n\n<p><strong>\u201cU\u011fursuz oldu\u011funa inan\u0131l\u0131rd\u0131\u201d<\/strong><\/p>\n\n\n\n<p>Civardakilerin aktard\u0131\u011f\u0131na g\u00f6re, Emniyet Sand\u0131\u011f\u0131&#8217;ndan k\u00f6\u015fk\u00fc sat\u0131n alan aile, bu k\u00f6\u015fk\u00fcn i\u00e7inde mutlulu\u011fu bulamaz. Beklenmedik \u00f6l\u00fcmler ya\u015fay\u0131nca di\u011fer aile fertleri aras\u0131nda bir tedirginlik h\u00e2li ortaya \u00e7\u0131kar ve o k\u00f6\u015fk\u00fc terk ederler. Cemil Molla K\u00f6\u015fk\u00fc 1950\u2019lerin ba\u015f\u0131ndan 1990\u2019lar\u0131n sonuna kadar bo\u015f kal\u0131r. K\u00f6\u015fk, 2000\u2019lerin ba\u015f\u0131nda bir \u015firket taraf\u0131ndan sat\u0131n al\u0131n\u0131r. S\u00f6ylenti odur ki k\u00f6\u015fk bu \u015firketin sahibi olan aileye pek yaramaz. Aile bu k\u00f6\u015fk\u00fc  kullanmamaya ba\u015flar. Sabah gazetesinin 2012\u2019de yapt\u0131\u011f\u0131 bir habere g\u00f6re, k\u00f6\u015fkte \u00e7al\u0131\u015fma yapan i\u015f\u00e7ilerden baz\u0131lar\u0131n\u0131n binada g\u00f6rd\u00fckleri bir \u015feyden dolay\u0131 dilleri tutulmu\u015f ve hastanede tedavi alt\u0131na al\u0131nm\u0131\u015f. G\u00fcn\u00fcm\u00fczde bu olay tam olarak \u00e7\u00f6z\u00fclm\u00fc\u015f de\u011fil. Kuzguncuk halk\u0131 Cemil Molla&#8217;n\u0131n ermi\u015f biri oldu\u011funu, bu y\u00fczden di\u011fer ailelerin burada ya\u015fayamad\u0131\u011f\u0131na \u015fekilde inan\u0131yorlar. Hatta k\u00f6\u015fk\u00fcn hemen arkas\u0131nda \u00dcryanizade aile b\u00fcy\u00fcklerinin mezarlar\u0131 oldu\u011fu i\u00e7in mahalle sakinleri o k\u00f6\u015fk\u00fcn yak\u0131n\u0131ndan ge\u00e7mekten bile \u00e7ekiniyorlar.<\/p>\n\n\n\n<p>\u015eu anda bir \u015firkete ait olan yap\u0131, b\u00fcro olarak kullan\u0131l\u0131yor. <\/p>\n","protected":false},"excerpt":{"rendered":"<p>Haber: Sevcan S\u0131\u011f\u0131rc\u0131 \u0130stanbul; ta\u015f\u0131 topra\u011f\u0131 alt\u0131n olan, \u00fczerinde bir\u00e7ok medeniyetin ya\u015fad\u0131\u011f\u0131, izini b\u0131rakt\u0131\u011f\u0131 tarih ve k\u00fclt\u00fcr merkezi bir \u015fehir. Bir\u00e7ok hikayeye, \u015fiire, \u015fark\u0131ya konu olan \u0130stanbul, g\u00fczel oldu\u011fu kadar gizemli bir kent. Ne var ki bu gizemleri \u00e7\u00f6zmek, okumak o kadar kolay de\u011fil. Tarih boyunca bir\u00e7ok gizemli olaylara ve mekanlara sahip olan \u0130stanbul&#8217;un tuhaf [&hellip;]<\/p>\n","protected":false},"author":14,"featured_media":16818,"comment_status":"open","ping_status":"open","sticky":false,"template":"","format":"standard","meta":{"jnews-multi-image_gallery":[],"jnews_single_post":[],"jnews_primary_category":[],"jnews_social_meta":[],"jnews_override_counter":[],"footnotes":""},"categories":[1,28,30],"tags":[1939,410,1937,1938],"class_list":["post-16810","post","type-post","status-publish","format-standard","has-post-thumbnail","hentry","category-genel","category-istanbul","category-kultur-sanat","tag-cemil-molla-kosku","tag-istanbul","tag-molla-zeyrek-cami","tag-perili-kosk"],"_links":{"self":[{"href":"https:\/\/iletim.istanbul.edu.tr\/index.php\/wp-json\/wp\/v2\/posts\/16810","targetHints":{"allow":["GET"]}}],"collection":[{"href":"https:\/\/iletim.istanbul.edu.tr\/index.php\/wp-json\/wp\/v2\/posts"}],"about":[{"href":"https:\/\/iletim.istanbul.edu.tr\/index.php\/wp-json\/wp\/v2\/types\/post"}],"author":[{"embeddable":true,"href":"https:\/\/iletim.istanbul.edu.tr\/index.php\/wp-json\/wp\/v2\/users\/14"}],"replies":[{"embeddable":true,"href":"https:\/\/iletim.istanbul.edu.tr\/index.php\/wp-json\/wp\/v2\/comments?post=16810"}],"version-history":[{"count":0,"href":"https:\/\/iletim.istanbul.edu.tr\/index.php\/wp-json\/wp\/v2\/posts\/16810\/revisions"}],"wp:featuredmedia":[{"embeddable":true,"href":"https:\/\/iletim.istanbul.edu.tr\/index.php\/wp-json\/wp\/v2\/media\/16818"}],"wp:attachment":[{"href":"https:\/\/iletim.istanbul.edu.tr\/index.php\/wp-json\/wp\/v2\/media?parent=16810"}],"wp:term":[{"taxonomy":"category","embeddable":true,"href":"https:\/\/iletim.istanbul.edu.tr\/index.php\/wp-json\/wp\/v2\/categories?post=16810"},{"taxonomy":"post_tag","embeddable":true,"href":"https:\/\/iletim.istanbul.edu.tr\/index.php\/wp-json\/wp\/v2\/tags?post=16810"}],"curies":[{"name":"wp","href":"https:\/\/api.w.org\/{rel}","templated":true}]}}