{"id":17134,"date":"2022-03-07T17:49:34","date_gmt":"2022-03-07T14:49:34","guid":{"rendered":"https:\/\/iletim.istanbul.edu.tr\/?p=17134"},"modified":"2022-03-09T13:03:49","modified_gmt":"2022-03-09T10:03:49","slug":"al-farabi-universitesinden-fakultemize-ziyaret","status":"publish","type":"post","link":"https:\/\/iletim.istanbul.edu.tr\/index.php\/2022\/03\/07\/al-farabi-universitesinden-fakultemize-ziyaret\/","title":{"rendered":"Al-Farabi \u00dcniversitesinden fak\u00fcltemize ziyaret"},"content":{"rendered":"\n<p>\u00dcniversitemiz ile Kazakistan, Al-Farabi \u00dcniversitesi aras\u0131nda akademik ili\u015fkileri geli\u015ftirmek amac\u0131yla imzalanan i\u015f birli\u011fi antla\u015fmas\u0131 kapsam\u0131nda Kazak \u00f6\u011frenciler fak\u00fcltemizi ziyaret etti.<\/p>\n\n\n\n<figure class=\"wp-block-image\"><img decoding=\"async\" width=\"1024\" height=\"576\" src=\"https:\/\/iletim.istanbul.edu.tr\/wp-content\/uploads\/DSCF3183-1024x576.jpg\" alt=\"\" class=\"wp-image-17145\" srcset=\"https:\/\/iletim.istanbul.edu.tr\/wp-content\/uploads\/DSCF3183-1024x576.jpg 1024w, https:\/\/iletim.istanbul.edu.tr\/wp-content\/uploads\/DSCF3183-300x169.jpg 300w\" sizes=\"(max-width: 1024px) 100vw, 1024px\" \/><\/figure>\n\n\n\n<p>\u0130ki \u00fcniversite aras\u0131ndaki bilgi ve g\u00f6rg\u00fcy\u00fc art\u0131rmay\u0131 ama\u00e7layan, 21 \u015eubat ve 6 Mart tarihleri aras\u0131nda ger\u00e7ekle\u015fen ziyarette, misafir \u00f6\u011frenciler fak\u00fcltemizin uygulama birimlerinin i\u015fleyi\u015fi hakk\u0131nda e\u011fitim ald\u0131. \u00c7e\u015fitli derslere de kat\u0131l\u0131m sa\u011flayan \u00f6\u011frenciler, ziyaretlerini ger\u00e7ekle\u015ftirilen k\u00fclt\u00fcrel etkile\u015fim toplant\u0131s\u0131yla sonland\u0131rd\u0131lar.<\/p>\n\n\n\n<figure class=\"wp-block-image\"><img decoding=\"async\" width=\"1024\" height=\"683\" src=\"https:\/\/iletim.istanbul.edu.tr\/wp-content\/uploads\/ara-1024x683.jpeg\" alt=\"\" class=\"wp-image-17164\" srcset=\"https:\/\/iletim.istanbul.edu.tr\/wp-content\/uploads\/ara-1024x683.jpeg 1024w, https:\/\/iletim.istanbul.edu.tr\/wp-content\/uploads\/ara-300x200.jpeg 300w, https:\/\/iletim.istanbul.edu.tr\/wp-content\/uploads\/ara.jpeg 1968w\" sizes=\"(max-width: 1024px) 100vw, 1024px\" \/><\/figure>\n\n\n\n<figure class=\"wp-block-image\"><img decoding=\"async\" width=\"1024\" height=\"680\" src=\"https:\/\/iletim.istanbul.edu.tr\/wp-content\/uploads\/DSC0528-2-1024x680.jpg\" alt=\"\" class=\"wp-image-17165\" srcset=\"https:\/\/iletim.istanbul.edu.tr\/wp-content\/uploads\/DSC0528-2-1024x680.jpg 1024w, https:\/\/iletim.istanbul.edu.tr\/wp-content\/uploads\/DSC0528-2-300x199.jpg 300w\" sizes=\"(max-width: 1024px) 100vw, 1024px\" \/><\/figure>\n\n\n\n<p>Toplant\u0131n\u0131n sonunda \u0130stanbul \u00dcniversitesi \u0130leti\u015fim Fak\u00fcltesi Dekan\u0131 Prof. Dr. Abdullah \u00d6zkan taraf\u0131ndan Kazak \u00f6\u011frencilere te\u015fekk\u00fcr belgeleri takdim edildi. <\/p>\n\n\n\n<figure class=\"wp-block-image\"><img decoding=\"async\" width=\"1024\" height=\"683\" src=\"https:\/\/iletim.istanbul.edu.tr\/wp-content\/uploads\/DSCF3329-1024x683.jpg\" alt=\"\" class=\"wp-image-17162\" srcset=\"https:\/\/iletim.istanbul.edu.tr\/wp-content\/uploads\/DSCF3329-1024x683.jpg 1024w, https:\/\/iletim.istanbul.edu.tr\/wp-content\/uploads\/DSCF3329-300x200.jpg 300w\" sizes=\"(max-width: 1024px) 100vw, 1024px\" \/><\/figure>\n\n\n\n<p><\/p>\n","protected":false},"excerpt":{"rendered":"<p>\u00dcniversitemiz ile Kazakistan, Al-Farabi \u00dcniversitesi aras\u0131nda akademik ili\u015fkileri geli\u015ftirmek amac\u0131yla imzalanan i\u015f birli\u011fi antla\u015fmas\u0131 kapsam\u0131nda Kazak \u00f6\u011frenciler fak\u00fcltemizi ziyaret etti. \u0130ki \u00fcniversite aras\u0131ndaki bilgi ve g\u00f6rg\u00fcy\u00fc art\u0131rmay\u0131 ama\u00e7layan, 21 \u015eubat ve 6 Mart tarihleri aras\u0131nda ger\u00e7ekle\u015fen ziyarette, misafir \u00f6\u011frenciler fak\u00fcltemizin uygulama birimlerinin i\u015fleyi\u015fi hakk\u0131nda e\u011fitim ald\u0131. \u00c7e\u015fitli derslere de kat\u0131l\u0131m sa\u011flayan \u00f6\u011frenciler, ziyaretlerini ger\u00e7ekle\u015ftirilen k\u00fclt\u00fcrel [&hellip;]<\/p>\n","protected":false},"author":14,"featured_media":17161,"comment_status":"open","ping_status":"open","sticky":false,"template":"","format":"standard","meta":{"jnews-multi-image_gallery":[],"jnews_single_post":[],"jnews_primary_category":[],"jnews_social_meta":[],"jnews_override_counter":[],"footnotes":""},"categories":[34,178],"tags":[],"class_list":["post-17134","post","type-post","status-publish","format-standard","has-post-thumbnail","hentry","category-universite","category-fakultemizden"],"_links":{"self":[{"href":"https:\/\/iletim.istanbul.edu.tr\/index.php\/wp-json\/wp\/v2\/posts\/17134","targetHints":{"allow":["GET"]}}],"collection":[{"href":"https:\/\/iletim.istanbul.edu.tr\/index.php\/wp-json\/wp\/v2\/posts"}],"about":[{"href":"https:\/\/iletim.istanbul.edu.tr\/index.php\/wp-json\/wp\/v2\/types\/post"}],"author":[{"embeddable":true,"href":"https:\/\/iletim.istanbul.edu.tr\/index.php\/wp-json\/wp\/v2\/users\/14"}],"replies":[{"embeddable":true,"href":"https:\/\/iletim.istanbul.edu.tr\/index.php\/wp-json\/wp\/v2\/comments?post=17134"}],"version-history":[{"count":0,"href":"https:\/\/iletim.istanbul.edu.tr\/index.php\/wp-json\/wp\/v2\/posts\/17134\/revisions"}],"wp:featuredmedia":[{"embeddable":true,"href":"https:\/\/iletim.istanbul.edu.tr\/index.php\/wp-json\/wp\/v2\/media\/17161"}],"wp:attachment":[{"href":"https:\/\/iletim.istanbul.edu.tr\/index.php\/wp-json\/wp\/v2\/media?parent=17134"}],"wp:term":[{"taxonomy":"category","embeddable":true,"href":"https:\/\/iletim.istanbul.edu.tr\/index.php\/wp-json\/wp\/v2\/categories?post=17134"},{"taxonomy":"post_tag","embeddable":true,"href":"https:\/\/iletim.istanbul.edu.tr\/index.php\/wp-json\/wp\/v2\/tags?post=17134"}],"curies":[{"name":"wp","href":"https:\/\/api.w.org\/{rel}","templated":true}]}}