{"id":17179,"date":"2022-03-08T11:06:44","date_gmt":"2022-03-08T08:06:44","guid":{"rendered":"https:\/\/iletim.istanbul.edu.tr\/?p=17179"},"modified":"2022-03-08T11:10:20","modified_gmt":"2022-03-08T08:10:20","slug":"5-uluslararasi-kadin-yonetmenler-festivali-ardindan","status":"publish","type":"post","link":"https:\/\/iletim.istanbul.edu.tr\/index.php\/2022\/03\/08\/5-uluslararasi-kadin-yonetmenler-festivali-ardindan\/","title":{"rendered":"5.Uluslararas\u0131 Kad\u0131n Y\u00f6netmenler Festivali Ard\u0131ndan"},"content":{"rendered":"\n<div class=\"wp-block-image\"><figure class=\"aligncenter\"><img decoding=\"async\" width=\"500\" height=\"350\" src=\"https:\/\/iletim.istanbul.edu.tr\/wp-content\/uploads\/11-1.png\" alt=\"\" class=\"wp-image-17180\" srcset=\"https:\/\/iletim.istanbul.edu.tr\/wp-content\/uploads\/11-1.png 500w, https:\/\/iletim.istanbul.edu.tr\/wp-content\/uploads\/11-1-300x210.png 300w\" sizes=\"(max-width: 500px) 100vw, 500px\" \/><\/figure><\/div>\n\n\n\n<p>27 \u015eubat-8 Mart tarihleri\naras\u0131nda \u00e7evrimi\u00e7i olarak T\u00fcrkiye&#8217;de, 27 \u015eubat &#8211; 5 Mart tarihleri aras\u0131nda\nInstitut fran\u00e7ais \u0130zmir&#8217;de, 6-7-8 Mart tarihleri aras\u0131nda Tire&#8217;de izleyici ile\nbulu\u015fan 5.Uluslararas\u0131 Kad\u0131n Y\u00f6netmenler Festivali kad\u0131nlara ait d\u00fcnyalar\u0131n kap\u0131lar\u0131n\u0131\naral\u0131yor. 30 \u00fclkeden, 150 filmin ba\u015fvuru yapt\u0131\u011f\u0131 festivalde, 80 y\u00f6netmenin 95\nfilmi g\u00f6sterilmekte ve 12 film d\u00fcnyada, 27 film ise, T\u00fcrkiye&#8217;de ilk kez g\u00f6sterilmektedir.\n<\/p>\n\n\n\n<p>Ulusal ve\nuluslararas\u0131&nbsp; kategorilerde yar\u0131\u015fan\nbir\u00e7ok&nbsp; film t\u00fcr\u00fc, G\u00fclten Taran\u00e7\u2019\u0131n\nkoordinat\u00f6rl\u00fc\u011f\u00fcnde bu festivalle birlikte izleyicinin kar\u015f\u0131na \u00e7\u0131kt\u0131. &nbsp;Daha \u00e7ok kad\u0131nlara ait hikayelerin oda\u011fa\nal\u0131nd\u0131\u011f\u0131 filmlerin g\u00f6sterildi\u011fi festivalde, kad\u0131nlar\u0131n bak\u0131\u015f a\u00e7\u0131s\u0131ndan hayat\u0131n anlamland\u0131r\u0131lma\nmeselesinin alt\u0131 \u00e7izilmekte. Kad\u0131n y\u00f6netmenlerin perspektifinden d\u00fcnyaya\nbakabilmek, kad\u0131nlar\u0131n var olu\u015flar\u0131n\u0131 d\u00fc\u015f\u00fcnmek ba\u011flam\u0131nda olduk\u00e7a \u00f6nemlidir. Bir\nkad\u0131n\u0131n, ba\u015fka bir kad\u0131n\u0131n hikayesini anlatma meselesi, izleyicilerin filmi\nal\u0131mlama s\u00fcre\u00e7lerinde i\u015flevsel bir rol \u00fcstlenmektedir. Bu noktada, kad\u0131n\ny\u00f6netmenin temsil stratejisiyle, kad\u0131nlara ait hikayelerin, kad\u0131n izleyici ile\nbulu\u015fmas\u0131, payla\u015f\u0131lan ortak d\u00fcnyan\u0131n i\u00e7inde s\u00fcregelen sessiz ve manidar\nuzla\u015fmalar\u0131n \u015fekillenmesinde \u00f6nemli hale gelmektedir.<\/p>\n\n\n\n<p>Festivalde, \u00e7e\u015fitli film\nt\u00fcrlerinin izleyiciyle bulu\u015fmas\u0131n\u0131n yan\u0131 s\u0131ra film sonras\u0131 y\u00f6netmenlerle\nyap\u0131lan s\u00f6yle\u015filer, y\u00f6netmenin zihnine ve ruhuna ula\u015fabilme imkan\u0131 sunmaktad\u0131r.\nOyunculuk at\u00f6lyeleri, \u00e7ocuklarla yap\u0131lan m\u00fczik at\u00f6lyeleri, film yap\u0131m\u0131\nat\u00f6lyeleri, belgesel film at\u00f6lyesi gibi bir\u00e7ok at\u00f6lye, festival izleyicisinin\nsinemayla olan ili\u015fkisinin geli\u015fiminde \u00f6nemli g\u00f6revler \u00fcstlenmektedir. Filmleri\nizlemek ve anlamak noktas\u0131nda, sinemaya g\u00f6n\u00fcl veren izleyiciler bu festivalle\nbirlikte sineman\u0131n s\u00fcrreal gezegenine ayak basarak bu gezegenin etraf\u0131nda\nsinemayla bire bir etkile\u015fim i\u00e7ine girmekteler.<\/p>\n\n\n\n<p>Bazen g\u00fclerek bazen\nd\u00fc\u015f\u00fcnerek bazen hi\u00e7bir \u015fey s\u00f6ylemeden film izleme s\u00fcreci sonras\u0131 sinema\nsalonundan \u00e7\u0131kan izleyiciler, onlara sunulan d\u00fcnyalar\u0131n i\u00e7ine dalarken belki de\nkendi d\u00fcnyalar\u0131na ait baz\u0131 par\u00e7alar\u0131 kendileriyle b\u00fct\u00fcnle\u015ftirmekteler. Kad\u0131nlar\u0131n\nsessiz \u00e7\u0131\u011fl\u0131klar\u0131yla hayk\u0131rd\u0131klar\u0131 her m\u00fccadele alan\u0131nda, kad\u0131n izleyici de\nkad\u0131n karakterler arac\u0131l\u0131\u011f\u0131yla kendi \u00e7\u0131\u011fl\u0131klar\u0131n\u0131 atabilmenin olanakl\u0131l\u0131\u011f\u0131n\u0131\ng\u00f6rmekte. <\/p>\n\n\n\n<div class=\"wp-block-image\"><figure class=\"aligncenter\"><img decoding=\"async\" width=\"1024\" height=\"576\" src=\"https:\/\/iletim.istanbul.edu.tr\/wp-content\/uploads\/22-3-1024x576.jpg\" alt=\"\" class=\"wp-image-17181\" srcset=\"https:\/\/iletim.istanbul.edu.tr\/wp-content\/uploads\/22-3-1024x576.jpg 1024w, https:\/\/iletim.istanbul.edu.tr\/wp-content\/uploads\/22-3-300x169.jpg 300w, https:\/\/iletim.istanbul.edu.tr\/wp-content\/uploads\/22-3.jpg 1280w\" sizes=\"(max-width: 1024px) 100vw, 1024px\" \/><\/figure><\/div>\n\n\n\n<p>Bir d\u00fcnya yaratman\u0131n ne\ndenli zor oldu\u011funu bilenler, yarat\u0131lan bu d\u00fcnyan\u0131n sunumunun da o denli zor\noldu\u011funun bilincindedirler. Kad\u0131n y\u00f6netmenlerin, bu d\u00fcnyalar\u0131 yaratabilme\nolanaklar\u0131 erkeklere oranla daha zor ve me\u015fakkatli bir tablo \u00e7izmekte.\nT\u00fcrkiye\u2019de sineman\u0131n ba\u015flang\u0131\u00e7 ser\u00fcveninden g\u00fcn\u00fcm\u00fcze gelene kadar ge\u00e7en s\u00fcrede\nfilm y\u00f6netmi\u015f kad\u0131n say\u0131s\u0131, erkek say\u0131s\u0131ndan olduk\u00e7a azd\u0131r. T\u00fcrk sinemas\u0131nda\n2000 ile 2012 y\u0131llar\u0131 aras\u0131nda vizyona giren filmlerden, y\u00fczlerce erkek\ny\u00f6netmenin \u00e7ekmi\u015f oldu\u011fu filmlere kar\u015f\u0131l\u0131k sadece 26 kad\u0131n y\u00f6netmenin film\n\u00e7ekti\u011fi ger\u00e7e\u011fi somut olarak ortadad\u0131r (\u00d6zdemir 2019: 39). <\/p>\n\n\n\n<p>Kad\u0131n y\u00f6netmenler film\nfestivali ba\u015fl\u0131\u011f\u0131yla ad\u0131n\u0131 duyuran bir festival, kad\u0131nlar\u0131n sinemada var olma\nm\u00fccadelesinde bu ba\u011flamda \u00f6nemli bir g\u00f6revler \u00fcstlenmektedir. Daha fazla kad\u0131n\nhikayesinin daha fazla kad\u0131n y\u00f6netmen taraf\u0131ndan izleyiciye sunuluyor olmas\u0131\nkad\u0131nlar\u0131n g\u00f6r\u00fcn\u00fcrl\u00fc\u011f\u00fcnde ve bilin\u00e7lenmesinde etkendir. Bu denli i\u015flevsel\ng\u00f6revleri yerine getiren 5. Uluslararas\u0131 Kad\u0131n Y\u00f6netmenler Festivali,\nkad\u0131nlar\u0131n hayata katt\u0131klar\u0131 t\u00fcm renkleri g\u00f6stermesi ba\u011flam\u0131nda ve gen\u00e7,\n\u00fcretken kad\u0131n y\u00f6netmenlerin te\u015fvik edilmesi ba\u011flam\u0131nda da sinemaya katk\u0131\nsa\u011flamaktad\u0131r.<\/p>\n\n\n\n<p>Kad\u0131nlar\u0131n eme\u011fi, kamusal\nalan\u0131n ve \u00f6zel alan\u0131n her k\u00f6\u015fesine s\u0131zm\u0131\u015f ve hayat\u0131n en g\u00f6r\u00fcnmez zor\nk\u00f6\u015felerini&nbsp; t\u00f6rp\u00fcleyen bir i\u015flev\ng\u00f6stermektedir. Bu emek, tek bir g\u00fcn ile hat\u0131rlanmamal\u0131, her zaman \u00f6nemi ve\nde\u011feri anla\u015f\u0131l\u0131r k\u0131l\u0131nmal\u0131d\u0131r.<\/p>\n\n\n\n<p>Sinemada kad\u0131nlar\u0131n\nseslerinin \u00e7o\u011falmas\u0131, kad\u0131nlar\u0131n var olma m\u00fccadelesinde itici bir kuvvettir. <\/p>\n\n\n\n<div class=\"wp-block-image\"><figure class=\"aligncenter\"><img decoding=\"async\" width=\"620\" height=\"755\" src=\"https:\/\/iletim.istanbul.edu.tr\/wp-content\/uploads\/33-3.jpg\" alt=\"\" class=\"wp-image-17182\" srcset=\"https:\/\/iletim.istanbul.edu.tr\/wp-content\/uploads\/33-3.jpg 620w, https:\/\/iletim.istanbul.edu.tr\/wp-content\/uploads\/33-3-246x300.jpg 246w\" sizes=\"(max-width: 620px) 100vw, 620px\" \/><figcaption> \u0130zmir Frans\u0131z K\u00fclt\u00fcr Merkezi, S\u0131radan Birka\u00e7 G\u00fcn (P\u0131nar Okan) filmi \u00fczerine s\u00f6yle\u015fi. <\/figcaption><\/figure><\/div>\n\n\n\n<p>Kamera G\u00f6z Ulusal ve\nUluslararas\u0131 Film kategorisinde j\u00fcri oldu\u011fum bu festivalin s\u00fcreklili\u011fini devam\netmesi dile\u011fimle, nice kad\u0131n y\u00f6netmenle tan\u0131\u015fmak \u00fczere nice festivallere\u2026<\/p>\n\n\n\n<p>\u00dcreten ve kendi hayat\nhikayesinde m\u00fcnferit olan kad\u0131nlara sayg\u0131 ve sevgiyle.<\/p>\n\n\n\n<p><strong>Do\u00e7. Dr. Berceste G\u00fcl\u00e7in\n\u00d6zdemir\/ Sinema ABD<\/strong><\/p>\n\n\n\n<p><strong>Kaynak\u00e7a<\/strong><\/p>\n\n\n\n<p>\u00d6zdemir, B. G. (2019).\nT\u00fcrk Sinemas\u0131n\u0131n Kad\u0131n Y\u00f6netmenleri Konu\u015fuyor. \u0130stanbul: Der Yay\u0131nlar\u0131. <\/p>\n","protected":false},"excerpt":{"rendered":"<p>27 \u015eubat-8 Mart tarihleri aras\u0131nda \u00e7evrimi\u00e7i olarak T\u00fcrkiye&#8217;de, 27 \u015eubat &#8211; 5 Mart tarihleri aras\u0131nda Institut fran\u00e7ais \u0130zmir&#8217;de, 6-7-8 Mart tarihleri aras\u0131nda Tire&#8217;de izleyici ile bulu\u015fan 5.Uluslararas\u0131 Kad\u0131n Y\u00f6netmenler Festivali kad\u0131nlara ait d\u00fcnyalar\u0131n kap\u0131lar\u0131n\u0131 aral\u0131yor. 30 \u00fclkeden, 150 filmin ba\u015fvuru yapt\u0131\u011f\u0131 festivalde, 80 y\u00f6netmenin 95 filmi g\u00f6sterilmekte ve 12 film d\u00fcnyada, 27 film ise, T\u00fcrkiye&#8217;de [&hellip;]<\/p>\n","protected":false},"author":18,"featured_media":17186,"comment_status":"open","ping_status":"open","sticky":false,"template":"","format":"standard","meta":{"jnews-multi-image_gallery":[],"jnews_single_post":[],"jnews_primary_category":[],"jnews_social_meta":[],"jnews_override_counter":[],"footnotes":""},"categories":[1515],"tags":[],"class_list":["post-17179","post","type-post","status-publish","format-standard","has-post-thumbnail","hentry","category-kose-yazilari"],"_links":{"self":[{"href":"https:\/\/iletim.istanbul.edu.tr\/index.php\/wp-json\/wp\/v2\/posts\/17179","targetHints":{"allow":["GET"]}}],"collection":[{"href":"https:\/\/iletim.istanbul.edu.tr\/index.php\/wp-json\/wp\/v2\/posts"}],"about":[{"href":"https:\/\/iletim.istanbul.edu.tr\/index.php\/wp-json\/wp\/v2\/types\/post"}],"author":[{"embeddable":true,"href":"https:\/\/iletim.istanbul.edu.tr\/index.php\/wp-json\/wp\/v2\/users\/18"}],"replies":[{"embeddable":true,"href":"https:\/\/iletim.istanbul.edu.tr\/index.php\/wp-json\/wp\/v2\/comments?post=17179"}],"version-history":[{"count":0,"href":"https:\/\/iletim.istanbul.edu.tr\/index.php\/wp-json\/wp\/v2\/posts\/17179\/revisions"}],"wp:featuredmedia":[{"embeddable":true,"href":"https:\/\/iletim.istanbul.edu.tr\/index.php\/wp-json\/wp\/v2\/media\/17186"}],"wp:attachment":[{"href":"https:\/\/iletim.istanbul.edu.tr\/index.php\/wp-json\/wp\/v2\/media?parent=17179"}],"wp:term":[{"taxonomy":"category","embeddable":true,"href":"https:\/\/iletim.istanbul.edu.tr\/index.php\/wp-json\/wp\/v2\/categories?post=17179"},{"taxonomy":"post_tag","embeddable":true,"href":"https:\/\/iletim.istanbul.edu.tr\/index.php\/wp-json\/wp\/v2\/tags?post=17179"}],"curies":[{"name":"wp","href":"https:\/\/api.w.org\/{rel}","templated":true}]}}