{"id":17187,"date":"2022-03-08T13:19:41","date_gmt":"2022-03-08T10:19:41","guid":{"rendered":"https:\/\/iletim.istanbul.edu.tr\/?p=17187"},"modified":"2022-03-08T14:15:05","modified_gmt":"2022-03-08T11:15:05","slug":"iletisim-fakultesi-dekani-prof-dr-ozkan-kadin-calisanlarin-dunya-kadinlar-gununu-kutladi","status":"publish","type":"post","link":"https:\/\/iletim.istanbul.edu.tr\/index.php\/2022\/03\/08\/iletisim-fakultesi-dekani-prof-dr-ozkan-kadin-calisanlarin-dunya-kadinlar-gununu-kutladi\/","title":{"rendered":"\u0130leti\u015fim Fak\u00fcltesi Dekan\u0131 Prof. Dr. \u00d6zkan Kad\u0131n \u00c7al\u0131\u015fanlar\u0131n D\u00fcnya Kad\u0131nlar G\u00fcn\u00fc\u2019n\u00fc kutlad\u0131"},"content":{"rendered":"\n<p><\/p>\n\n\n\n<p>\u0130stanbul \u00dcniversitesi \u0130leti\u015fim Fak\u00fcltesi Dekan\u0131 Prof. Dr. Abdullah \u00d6zkan, 8 Mart D\u00fcnya Kad\u0131nlar g\u00fcn\u00fc vesilesiyle kad\u0131n \u00f6\u011fretim \u00fcyelerinin ve idari personelin Kad\u0131nlar G\u00fcn\u00fcn\u00fc kutlayarak \u00e7i\u00e7ek verdi.<\/p>\n\n\n\n<ul class=\"wp-block-gallery columns-1 is-cropped wp-block-gallery-1 is-layout-flex wp-block-gallery-is-layout-flex\"><li class=\"blocks-gallery-item\"><figure><img decoding=\"async\" width=\"1024\" height=\"768\" src=\"https:\/\/iletim.istanbul.edu.tr\/wp-content\/uploads\/40D0E02C-C978-41FA-9CC3-E2EDC1D9F9AB-1024x768.jpeg\" alt=\"\" data-id=\"17188\" data-link=\"https:\/\/iletim.istanbul.edu.tr\/?attachment_id=17188\" class=\"wp-image-17188\" srcset=\"https:\/\/iletim.istanbul.edu.tr\/wp-content\/uploads\/40D0E02C-C978-41FA-9CC3-E2EDC1D9F9AB.jpeg 1024w, https:\/\/iletim.istanbul.edu.tr\/wp-content\/uploads\/40D0E02C-C978-41FA-9CC3-E2EDC1D9F9AB-300x225.jpeg 300w\" sizes=\"(max-width: 1024px) 100vw, 1024px\" \/><figcaption>Prof. Dr. Abdullah \u00d6zkan<\/figcaption><\/figure><\/li><\/ul>\n\n\n\n<p>8 Mart D\u00fcnya Kad\u0131nlar g\u00fcn\u00fcnde \u0130leti\u015fim Fak\u00fcltesi Dekan\u0131 Prof. Dr. Abdullah \u00d6zkan\u2019dan anlaml\u0131 bir jest geldi. Prof. Dr. Abdullah \u00d6zkan Fak\u00fcltedeki birimleri ziyaret ederek burada g\u00f6rev yapan kad\u0131n \u00f6\u011fretim \u00fcyelerinin ve idari personelin kad\u0131nlar g\u00fcn\u00fcn\u00fc kutlad\u0131 ve \u00e7i\u00e7ek verdi.<\/p>\n\n\n\n<ul class=\"wp-block-gallery columns-1 is-cropped wp-block-gallery-2 is-layout-flex wp-block-gallery-is-layout-flex\"><li class=\"blocks-gallery-item\"><figure><img decoding=\"async\" width=\"1024\" height=\"768\" src=\"https:\/\/iletim.istanbul.edu.tr\/wp-content\/uploads\/1AE3E137-ED51-4322-A015-6028AA9767CF-1024x768.jpeg\" alt=\"\" data-id=\"17189\" data-link=\"https:\/\/iletim.istanbul.edu.tr\/?attachment_id=17189\" class=\"wp-image-17189\" srcset=\"https:\/\/iletim.istanbul.edu.tr\/wp-content\/uploads\/1AE3E137-ED51-4322-A015-6028AA9767CF.jpeg 1024w, https:\/\/iletim.istanbul.edu.tr\/wp-content\/uploads\/1AE3E137-ED51-4322-A015-6028AA9767CF-300x225.jpeg 300w\" sizes=\"(max-width: 1024px) 100vw, 1024px\" \/><\/figure><\/li><\/ul>\n\n\n\n<p>Prof. Dr. Abdullah \u00d6zkan&#8217;a Dekan Yard\u0131mc\u0131s\u0131 Prof. Dr. \u015e\u00fckr\u00fc Sim ve Fak\u00fclte Sekreteri Veli Ko\u00e7 e\u015flik etti.<\/p>\n","protected":false},"excerpt":{"rendered":"<p>\u0130stanbul \u00dcniversitesi \u0130leti\u015fim Fak\u00fcltesi Dekan\u0131 Prof. Dr. Abdullah \u00d6zkan, 8 Mart D\u00fcnya Kad\u0131nlar g\u00fcn\u00fc vesilesiyle kad\u0131n \u00f6\u011fretim \u00fcyelerinin ve idari personelin Kad\u0131nlar G\u00fcn\u00fcn\u00fc kutlayarak \u00e7i\u00e7ek verdi. 8 Mart D\u00fcnya Kad\u0131nlar g\u00fcn\u00fcnde \u0130leti\u015fim Fak\u00fcltesi Dekan\u0131 Prof. Dr. Abdullah \u00d6zkan\u2019dan anlaml\u0131 bir jest geldi. Prof. Dr. Abdullah \u00d6zkan Fak\u00fcltedeki birimleri ziyaret ederek burada g\u00f6rev yapan kad\u0131n \u00f6\u011fretim [&hellip;]<\/p>\n","protected":false},"author":14,"featured_media":17191,"comment_status":"open","ping_status":"open","sticky":false,"template":"","format":"standard","meta":{"jnews-multi-image_gallery":[],"jnews_single_post":[],"jnews_primary_category":[],"jnews_social_meta":[],"jnews_override_counter":[],"footnotes":""},"categories":[1],"tags":[],"class_list":["post-17187","post","type-post","status-publish","format-standard","has-post-thumbnail","hentry","category-genel"],"_links":{"self":[{"href":"https:\/\/iletim.istanbul.edu.tr\/index.php\/wp-json\/wp\/v2\/posts\/17187","targetHints":{"allow":["GET"]}}],"collection":[{"href":"https:\/\/iletim.istanbul.edu.tr\/index.php\/wp-json\/wp\/v2\/posts"}],"about":[{"href":"https:\/\/iletim.istanbul.edu.tr\/index.php\/wp-json\/wp\/v2\/types\/post"}],"author":[{"embeddable":true,"href":"https:\/\/iletim.istanbul.edu.tr\/index.php\/wp-json\/wp\/v2\/users\/14"}],"replies":[{"embeddable":true,"href":"https:\/\/iletim.istanbul.edu.tr\/index.php\/wp-json\/wp\/v2\/comments?post=17187"}],"version-history":[{"count":0,"href":"https:\/\/iletim.istanbul.edu.tr\/index.php\/wp-json\/wp\/v2\/posts\/17187\/revisions"}],"wp:featuredmedia":[{"embeddable":true,"href":"https:\/\/iletim.istanbul.edu.tr\/index.php\/wp-json\/wp\/v2\/media\/17191"}],"wp:attachment":[{"href":"https:\/\/iletim.istanbul.edu.tr\/index.php\/wp-json\/wp\/v2\/media?parent=17187"}],"wp:term":[{"taxonomy":"category","embeddable":true,"href":"https:\/\/iletim.istanbul.edu.tr\/index.php\/wp-json\/wp\/v2\/categories?post=17187"},{"taxonomy":"post_tag","embeddable":true,"href":"https:\/\/iletim.istanbul.edu.tr\/index.php\/wp-json\/wp\/v2\/tags?post=17187"}],"curies":[{"name":"wp","href":"https:\/\/api.w.org\/{rel}","templated":true}]}}