{"id":17221,"date":"2022-03-14T20:52:55","date_gmt":"2022-03-14T17:52:55","guid":{"rendered":"https:\/\/iletim.istanbul.edu.tr\/?p=17221"},"modified":"2022-03-14T20:53:00","modified_gmt":"2022-03-14T17:53:00","slug":"iu-iletisim-fakultesi-akademisyenlerinden-yeni-bir-calisma-medya-ve-iletisim-calismalari","status":"publish","type":"post","link":"https:\/\/iletim.istanbul.edu.tr\/index.php\/2022\/03\/14\/iu-iletisim-fakultesi-akademisyenlerinden-yeni-bir-calisma-medya-ve-iletisim-calismalari\/","title":{"rendered":"\u0130\u00dc \u0130leti\u015fim Fak\u00fcltesi Akademisyenlerinden yeni bir \u00e7al\u0131\u015fma: \u201cMedya ve \u0130leti\u015fim \u00c7al\u0131\u015fmalar\u0131\u201d"},"content":{"rendered":"\n<p><\/p>\n\n\n\n<p><strong>Mazlum BUCUKA<\/strong> <\/p>\n\n\n\n<p>D\u00fcnyan\u0131n \u00f6nemli \u00fcniversitelerinde; ara\u015ft\u0131rmac\u0131lar\u0131n, sosyologlar\u0131n, psikologlar\u0131n ve ileti\u015fimcilerin ilgi oda\u011f\u0131 olan \u201cMedya ve ileti\u015fim \u00c7al\u0131\u015fmalar\u0131\u201d alan\u0131nda \u00f6nc\u00fcl\u00fc\u011f\u00fc yine \u0130stanbul \u00dcniversitesi \u0130leti\u015fim Fak\u00fcltesi ald\u0131.<\/p>\n\n\n\n<p>\u0130leti\u015fime dair farkl\u0131 alanlarda \u00e7al\u0131\u015fmalar y\u00fcr\u00fcten ve \u00e7al\u0131\u015fmalar\u0131yla literat\u00fcre katk\u0131da bulunan, medyaya y\u00f6n veren \u0130stanbul \u00dcniversitesi \u0130leti\u015fim Fak\u00fcltesi akademisyenleri, yazd\u0131klar\u0131 makaleler ve yapt\u0131klar\u0131 \u00e7al\u0131\u015fmalarla, medya ve ileti\u015fim alanlar\u0131nda \u00e7al\u0131\u015fma yapan ara\u015ft\u0131rmac\u0131lara ve \u00f6\u011frencilere kaynak olu\u015fturmaya devam ediyor. <\/p>\n\n\n\n<p>\u0130stanbul \u00dcniversitesi \u0130leti\u015fim Fak\u00fcltesi \u00f6\u011fretim \u00fcyelerinden; Do\u00e7.Dr.Onur Akyol, Do\u00e7.Dr.Mesut Aytekin, Do\u00e7.Dr.\u00dcmit Sar\u0131 ve doktora e\u011fitimini \u0130stanbul \u00dcniversitesi\u2019nde tamamlayan Dr. Serdar \u00c7il&#8217;den olu\u015fan akademisyen ekibinin ilk projesi olan, farkl\u0131 \u00fcniversitelerin akademisyenlerinin de makalelerinin bulundu\u011fu ve edit\u00f6rl\u00fc\u011f\u00fcn\u00fc Do\u00e7.Dr Onur Akyol\u2019un Dr. Serdal \u00c7il ile payla\u015ft\u0131\u011f\u0131 \u201cMedya ve \u0130leti\u015fim \u00c7al\u0131\u015fmalar\u0131\u201d kitab\u0131 da ileti\u015fim ve medya alan\u0131nda \u00f6nemli bir kaynak niteli\u011finde. Medya ve ileti\u015fim alan\u0131na ilgi duyan okuyucular\u0131n, farkl\u0131 medya t\u00fcrlerine ili\u015fkin \u00e7al\u0131\u015fmalar\u0131 bulabilecekleri bu kitapta, geleneksel medya, yeni medya ve ileti\u015fim alanlar\u0131n\u0131 konu edinen makalelere yer veriliyor.<\/p>\n\n\n\n<figure class=\"wp-block-image\"><img decoding=\"async\" width=\"701\" height=\"1024\" src=\"https:\/\/iletim.istanbul.edu.tr\/wp-content\/uploads\/FJVJ9gRWUAQWcsP-701x1024.jpg\" alt=\"\" class=\"wp-image-17231\" srcset=\"https:\/\/iletim.istanbul.edu.tr\/wp-content\/uploads\/FJVJ9gRWUAQWcsP-701x1024.jpg 701w, https:\/\/iletim.istanbul.edu.tr\/wp-content\/uploads\/FJVJ9gRWUAQWcsP-206x300.jpg 206w, https:\/\/iletim.istanbul.edu.tr\/wp-content\/uploads\/FJVJ9gRWUAQWcsP.jpg 1394w\" sizes=\"(max-width: 701px) 100vw, 701px\" \/><\/figure>\n\n\n\n<p><\/p>\n\n\n\n<p>\u0130stanbul \u00dcniversitesi \u0130leti\u015fim Fak\u00fcltesi\u2019nden 5 akademisyenin de makalesinin bulundu\u011fu kitapta, farkl\u0131 medya kanallar\u0131n\u0131 irdeleyen 9 farkl\u0131 makale yer al\u0131yor. Bu makaleler, son y\u0131llarda \u00f6nemli bir tart\u0131\u015fma konusu olan geleneksel medya ve yeni medya alanlar\u0131n\u0131 kar\u015f\u0131la\u015ft\u0131rmal\u0131 bir y\u00f6ntemle konu ediniyor.<\/p>\n\n\n\n<p>Makalelerde; sinema ve d\u00f6n\u00fc\u015fen yap\u0131s\u0131yla\ninteraktif sinema, televizyon ve televizyon dramalar\u0131n\u0131n toplumsal boyutu,\ninternet ve sosyal medya ba\u011f\u0131ml\u0131l\u0131\u011f\u0131, podcast, twitch gibi yeni medya ara\u00e7lar\u0131 ve\ngeleneksel medya ile olan etkile\u015fimleri, b\u00fcy\u00fck veri, medyaya olan g\u00fcven,\nsimgesel anlam\u0131n dijitalle\u015fme ile d\u00f6n\u00fc\u015f\u00fcm\u00fc konular\u0131, alan\u0131nda uzman akademisyen\nve ara\u015ft\u0131rmac\u0131lar taraf\u0131ndan inceleniyor.<\/p>\n\n\n\n<p>&#8220;Medya ve \u0130leti\u015fim \u00c7al\u0131\u015fmalar\u0131&#8221;  kitab\u0131n\u0131n edit\u00f6rlerinden Do\u00e7.Dr. Onur Akyol\u2019la, kitab\u0131n haz\u0131rl\u0131k s\u00fcrecini, y\u00f6ntemini ve amac\u0131n\u0131 konu\u015ftuk.<\/p>\n\n\n\n<figure class=\"wp-block-image\"><img decoding=\"async\" width=\"1024\" height=\"680\" src=\"https:\/\/iletim.istanbul.edu.tr\/wp-content\/uploads\/DSC_0011-1024x680.jpg\" alt=\"\" class=\"wp-image-17232\" srcset=\"https:\/\/iletim.istanbul.edu.tr\/wp-content\/uploads\/DSC_0011-1024x680.jpg 1024w, https:\/\/iletim.istanbul.edu.tr\/wp-content\/uploads\/DSC_0011-300x199.jpg 300w\" sizes=\"(max-width: 1024px) 100vw, 1024px\" \/><\/figure>\n\n\n\n<p><strong>\u201cS\u00fcreklili\u011fi\nolan bir kitap\u201d<\/strong><\/p>\n\n\n\n<p>Kitaptaki yazarlar\u0131n b\u00fcy\u00fck \u00e7o\u011funlu\u011funun doktora e\u011fitiminden s\u0131n\u0131f arkada\u015f\u0131 oldu\u011funu ya da \u0130stanbul \u00dcniversitesi \u0130leti\u015fim Fak\u00fcltesi\u2019nden birbirini tan\u0131yan, birbiriyle fikir birli\u011fi yapm\u0131\u015f arkada\u015flar, hocalar ve \u00f6\u011frenciler oldu\u011funu belirten Akyol, bu kitab\u0131 s\u00fcreklili\u011fi olan bir proje olarak d\u00fc\u015f\u00fcnd\u00fcklerini s\u00f6yledi. Do\u00e7.Dr. \u00dcmit Sar\u0131, Do\u00e7.Dr. Mesut Aytekin, Dr. Serdal \u00c7il ve kendisinin, bu projeyi sadece bu d\u00f6nem i\u00e7in de\u011fil, s\u00fcreklili\u011fi olan bir proje olarak d\u00fc\u015f\u00fcnd\u00fcklerini ifade eden Akyol: \u201c Arkada\u015fl\u0131\u011f\u0131m\u0131z\u0131, ili\u015fkimizi ve fikir birli\u011fimizi akademik d\u00fczeyde de de\u011ferlendirelim istedik. Bu projeyi bir kitaba d\u00f6n\u00fc\u015ft\u00fcrelim ve bu kitab\u0131n s\u00fcreklili\u011fi olsun istedik. O zaman Serdar Hoca\u2019yla beraber \u00e7al\u0131\u015ft\u0131\u011f\u0131m\u0131z makaleler vard\u0131 ve kendisiyle birlikte bir \u015feyler yapabilir miyiz diye konu\u015fmu\u015ftuk. Asl\u0131nda bu kitap \u201cMedya ve \u0130leti\u015fim \u00c7al\u0131\u015fmalar\u0131 1\u201d diye d\u00fc\u015f\u00fcnd\u00fc\u011f\u00fcm\u00fcz bir kitapt\u0131. \u0130kinci kitab\u0131 da ba\u015fka edit\u00f6rlerle yine Medya ve \u0130leti\u015fim alan\u0131yla ilgili geni\u015f bir \u00e7al\u0131\u015fma yapal\u0131m diye d\u00fc\u015f\u00fcnd\u00fck\u201d ifadelerini kulland\u0131.<\/p>\n\n\n\n<p><strong>\u201cBu\n\u00e7al\u0131\u015fma medyan\u0131n t\u00fcm birimlerine dokunabilecek bir kaynak niteli\u011finde\u201d<\/strong><\/p>\n\n\n\n<p>Projenin \u00e7a\u011fr\u0131 yap\u0131larak de\u011fil arkada\u015flar\u0131yla beraber fikir al\u0131\u015fveri\u015fiyle tamamland\u0131\u011f\u0131n\u0131 vurgulayan Akyol, \u201c 5 ki\u015filik ekibimizle her sene bir \u00e7al\u0131\u015fma ortaya \u00e7\u0131karaca\u011f\u0131z diye yola \u00e7\u0131kt\u0131k. Bu \u00e7al\u0131\u015fmam\u0131z\u0131n edit\u00f6rleri ben ve Serdar Hoca oldu. Serdar Hoca\u2019n\u0131n daha fazla eme\u011fi oldu\u011fu i\u00e7in onu birinci edit\u00f6r olarak g\u00f6sterdik. Yak\u0131n \u00e7evremizden \u00f6\u011frenci ve akademisyenlerimizden destek ald\u0131k\u201d dedi. Kitaba, medyan\u0131n t\u00fcm birimlerine dokunabilecek bir kaynak niteli\u011fini olu\u015fturmak istedikleri i\u00e7in genel bir isim verdiklerini belirten Akyol, \u201c \u00c7al\u0131\u015fmam\u0131zda podcastten televizyona, sinemadan yeni nesil medyaya kadar bir\u00e7ok alanda makalelere yer verdik. Geleneksel ve yeni medya ara\u00e7lar\u0131n\u0131 en az bir makalede de\u011ferlendirdik. Mesela sinema ile ilgili Mesut Hoca\u2019m\u0131z\u0131n \u0130ran Sinemas\u0131 \u00fczerine bir makalesi var, onunla birlikte doktora \u00f6\u011frencimiz T\u00fcrkay T\u00fcrkan \u00dcnl\u00fc\u2019yle beraber kaleme ald\u0131\u011f\u0131m\u0131z, yine sinema ama interaktif sinemayla ilgili makalemiz var. Televizyon ile ilgili \u00dcmit Sar\u0131\u2019n\u0131n bir \u00e7al\u0131\u015fmas\u0131 var, yine yeni medya ile ilgili \u00f6nemli tezler \u00fcretilmi\u015f Yelda \u00d6zko\u00e7ak ve Tamer T\u00fcreg\u00fcn\u2019\u00fcn birlikte yazd\u0131\u011f\u0131 makale var. Serdal \u00c7il\u2019in radyo yay\u0131nc\u0131l\u0131\u011f\u0131 ve podcast ile ilgili makalesi var. Temelde bu \u00e7al\u0131\u015fma hem konvansiyonel anlamda hem de yeni medya anlam\u0131nda medyaya bakabilmek amac\u0131n\u0131 ta\u015f\u0131yor\u201d diye konu\u015ftu.<\/p>\n\n\n\n<figure class=\"wp-block-image\"><img decoding=\"async\" width=\"800\" height=\"432\" src=\"https:\/\/iletim.istanbul.edu.tr\/wp-content\/uploads\/eski-yeni-medya.jpg\" alt=\"\" class=\"wp-image-17233\" srcset=\"https:\/\/iletim.istanbul.edu.tr\/wp-content\/uploads\/eski-yeni-medya.jpg 800w, https:\/\/iletim.istanbul.edu.tr\/wp-content\/uploads\/eski-yeni-medya-300x162.jpg 300w\" sizes=\"(max-width: 800px) 100vw, 800px\" \/><\/figure>\n\n\n\n<p><strong>\u201cHem\ngeleneksel medyaya hem de yeni medyaya yer veren bir \u00e7al\u0131\u015fma oldu\u201d<\/strong><\/p>\n\n\n\n<p>Kitapta, konvansiyonel televizyon ve yeni medyan\u0131n televizyon ile ili\u015fkisini de yans\u0131tmaya \u00e7al\u0131\u015ft\u0131klar\u0131n\u0131n alt\u0131n\u0131 \u00e7izen Akyol, \u201c Art\u0131k yeni medya ile yay\u0131nc\u0131l\u0131k de\u011fi\u015fiyor. Herkesin yay\u0131nc\u0131 olabildi\u011fi bir s\u00fcre\u00e7teyiz. Herkes televizyon yay\u0131nc\u0131s\u0131 olabiliyor ama bildi\u011fimiz anlamda uydu \u00fczerinden ya da karasal anlamda de\u011fil yeni medya ortam\u0131nda, Twitch ortam\u0131nda, sosyal medyada ya da Youtube\u2019da oluyor. Burada \u00d6mer K\u0131sao\u011flu Hocam\u0131zla birlikte Twitch yay\u0131nc\u0131l\u0131\u011f\u0131 konvansiyonel televizyon programlar\u0131 \u00e7er\u00e7evesinde de\u011ferlendirip, televizyon yay\u0131nc\u0131l\u0131\u011f\u0131n\u0131n \u00f6n\u00fcne ge\u00e7ebilir mi diye konu\u015ftuk. Art\u0131k izleyici de yeni medyaya y\u00f6neldi. Biz de bu \u00e7al\u0131\u015fman\u0131n literat\u00fcre bir katk\u0131s\u0131 olsun istedik. Ayr\u0131ca kar\u015f\u0131la\u015ft\u0131rmal\u0131 bir y\u00f6ntem kulland\u0131k. Hem \u00f6\u011frenciler i\u00e7in hem de medya ve ileti\u015fim alan\u0131nda \u00e7al\u0131\u015fma yapan ara\u015ft\u0131rmac\u0131lar i\u00e7in bir kaynak olsun istedik\u201d \u015feklinde s\u00f6zlerini tamamlad\u0131.<\/p>\n","protected":false},"excerpt":{"rendered":"<p>Mazlum BUCUKA D\u00fcnyan\u0131n \u00f6nemli \u00fcniversitelerinde; ara\u015ft\u0131rmac\u0131lar\u0131n, sosyologlar\u0131n, psikologlar\u0131n ve ileti\u015fimcilerin ilgi oda\u011f\u0131 olan \u201cMedya ve ileti\u015fim \u00c7al\u0131\u015fmalar\u0131\u201d alan\u0131nda \u00f6nc\u00fcl\u00fc\u011f\u00fc yine \u0130stanbul \u00dcniversitesi \u0130leti\u015fim Fak\u00fcltesi ald\u0131. \u0130leti\u015fime dair farkl\u0131 alanlarda \u00e7al\u0131\u015fmalar y\u00fcr\u00fcten ve \u00e7al\u0131\u015fmalar\u0131yla literat\u00fcre katk\u0131da bulunan, medyaya y\u00f6n veren \u0130stanbul \u00dcniversitesi \u0130leti\u015fim Fak\u00fcltesi akademisyenleri, yazd\u0131klar\u0131 makaleler ve yapt\u0131klar\u0131 \u00e7al\u0131\u015fmalarla, medya ve ileti\u015fim alanlar\u0131nda \u00e7al\u0131\u015fma yapan [&hellip;]<\/p>\n","protected":false},"author":14,"featured_media":17234,"comment_status":"open","ping_status":"open","sticky":false,"template":"","format":"standard","meta":{"jnews-multi-image_gallery":[],"jnews_single_post":[],"jnews_primary_category":[],"jnews_social_meta":[],"jnews_override_counter":[],"footnotes":""},"categories":[24,159,178],"tags":[1983,1985,161,40,410,43,252,1984],"class_list":["post-17221","post","type-post","status-publish","format-standard","has-post-thumbnail","hentry","category-bilim","category-sag-manset","category-fakultemizden","tag-arastirma","tag-geleneksel-medya","tag-iletisim","tag-iletisim-fakultesi","tag-istanbul","tag-istanbul-universitesi","tag-medya","tag-yeni-medya"],"_links":{"self":[{"href":"https:\/\/iletim.istanbul.edu.tr\/index.php\/wp-json\/wp\/v2\/posts\/17221","targetHints":{"allow":["GET"]}}],"collection":[{"href":"https:\/\/iletim.istanbul.edu.tr\/index.php\/wp-json\/wp\/v2\/posts"}],"about":[{"href":"https:\/\/iletim.istanbul.edu.tr\/index.php\/wp-json\/wp\/v2\/types\/post"}],"author":[{"embeddable":true,"href":"https:\/\/iletim.istanbul.edu.tr\/index.php\/wp-json\/wp\/v2\/users\/14"}],"replies":[{"embeddable":true,"href":"https:\/\/iletim.istanbul.edu.tr\/index.php\/wp-json\/wp\/v2\/comments?post=17221"}],"version-history":[{"count":0,"href":"https:\/\/iletim.istanbul.edu.tr\/index.php\/wp-json\/wp\/v2\/posts\/17221\/revisions"}],"wp:featuredmedia":[{"embeddable":true,"href":"https:\/\/iletim.istanbul.edu.tr\/index.php\/wp-json\/wp\/v2\/media\/17234"}],"wp:attachment":[{"href":"https:\/\/iletim.istanbul.edu.tr\/index.php\/wp-json\/wp\/v2\/media?parent=17221"}],"wp:term":[{"taxonomy":"category","embeddable":true,"href":"https:\/\/iletim.istanbul.edu.tr\/index.php\/wp-json\/wp\/v2\/categories?post=17221"},{"taxonomy":"post_tag","embeddable":true,"href":"https:\/\/iletim.istanbul.edu.tr\/index.php\/wp-json\/wp\/v2\/tags?post=17221"}],"curies":[{"name":"wp","href":"https:\/\/api.w.org\/{rel}","templated":true}]}}