{"id":17336,"date":"2022-04-05T17:02:16","date_gmt":"2022-04-05T14:02:16","guid":{"rendered":"https:\/\/iletim.istanbul.edu.tr\/?p=17336"},"modified":"2022-04-11T12:05:27","modified_gmt":"2022-04-11T09:05:27","slug":"ruhun-lekesi-sinema-filminin-cekimleri-devam-ediyor","status":"publish","type":"post","link":"https:\/\/iletim.istanbul.edu.tr\/index.php\/2022\/04\/05\/ruhun-lekesi-sinema-filminin-cekimleri-devam-ediyor\/","title":{"rendered":"&#8216;Ruhun Lekesi&#8217; sinema filminin \u00e7ekimleri devam ediyor"},"content":{"rendered":"\n<p><strong>Haber<\/strong>: Kas\u0131m Sars\u0131lmaz<\/p>\n\n\n\n<p>Y\u00f6netmenli\u011fini \u0130stanbul \u00dcniversitesi \u0130leti\u015fim Fak\u00fcltesi Radyo Televizyon ve Sinema (RTS) B\u00f6l\u00fcm\u00fc \u00d6\u011fretim \u00dcyesi Prof. Dr. Ceyhan Kandemir\u2019in yapt\u0131\u011f\u0131 Ruhun Lekesi filminin \u00e7ekimleri devam ediyor. <\/p>\n\n\n\n<p>Filmin Y\u00f6netmen Yard\u0131mc\u0131l\u0131\u011f\u0131n\u0131 \u0130\u00dc \u0130leti\u015fim Fak\u00fcltesi RTS B\u00f6l\u00fcm\u00fc \u00d6\u011fretim \u00dcyeleri Do\u00e7. Dr. Mesut Aytekin ve Do\u00e7. Dr. \u00dcmit Sar\u0131, G\u00f6r\u00fcnt\u00fc Y\u00f6netmenli\u011fini ise \u0130\u00dc \u0130leti\u015fim Fak\u00fcltesi RTS B\u00f6l\u00fcm\u00fc \u00d6\u011fretim \u00dcyesi Do\u00e7. Dr. Onur Akyol \u00fcstleniyor. Yap\u0131mc\u0131l\u0131\u011f\u0131n\u0131 Dr. \u00d6\u011fretim \u00dcyesi Cansu \u00d6zdenak\u2019\u0131n \u00fcstlendi\u011fi Ruhun Lekesi filminde, \u0130\u00dc \u0130leti\u015fim Fak\u00fcltesi \u00f6\u011fretim \u00fcyeleri, mezunlar\u0131 ve \u00f6\u011frencileri g\u00f6rev al\u0131yor.<\/p>\n\n\n\n<p>Galip Niya, Melek Yel ve Murat P\u0131nar \u00d6zdemir\u2019in ba\u015frollerini oynad\u0131\u011f\u0131 filmde Dr. Fikret Kutlu, Mehmet \u015eim\u015fek, \u015eafak Altun ve \u00e7ocuk oyuncu olarak Karla Kandemir rol al\u0131yor.<\/p>\n\n\n\n<p>Ruhun Lekesi, 70 ya\u015flar\u0131nda \u201cka\u00e7\u0131ngan ba\u011flanma\u201d sorunlar\u0131 ya\u015fayan Taylan ad\u0131nda bir m\u00fczisyenin ya\u015fam\u0131n\u0131 konu ediniyor. G\u00fc\u00e7l\u00fc bir i\u015fitme duyusuna sahip olan gitarist ve besteci Taylan\u2019\u0131n bir konserde t\u00fcm hayat\u0131 de\u011fi\u015fir. Modern d\u00fcnyaya ayak uydurmaya \u00e7al\u0131\u015fan Taylan, psikolojik sorunlar\u0131 ve her \u015feyi kaybetme korkusuyla yaln\u0131zl\u0131\u011fa s\u0131\u011f\u0131n\u0131r. Ancak a\u015fk\u0131 bundan b\u00fcy\u00fck darbe al\u0131r. G\u00fcvendi\u011fi kendi k\u00fc\u00e7\u00fck d\u00fcnyas\u0131nda \u00e7\u0131k\u0131\u015f arayan Taylan, eski yeteneklerine kavu\u015fabilecek midir? A\u015fk\u0131, m\u00fczi\u011fi, dans\u0131, arkada\u015fl\u0131\u011f\u0131 ve \u00e7ok\u00e7a yaln\u0131zl\u0131\u011f\u0131 g\u00f6rebilece\u011fimiz film, \u00f6zellikle pandemi sonras\u0131 yaln\u0131zla\u015fan modern insan\u0131n \u00e7\u0131kmazlar\u0131n\u0131 g\u00f6zler \u00f6n\u00fcne sermeyi ama\u00e7l\u0131yor.<\/p>\n\n\n\n<p>Ruhun Lekesi, 2022 y\u0131l\u0131n\u0131n sonlar\u0131na do\u011fru izleyiciyle bulu\u015fmay\u0131 planl\u0131yor. Filmin, T\u00fcrkiye\u2019deki festivaller ve a\u011f\u0131rl\u0131kl\u0131 olarak yurt d\u0131\u015f\u0131ndaki ba\u011f\u0131ms\u0131z sinema festivallerine kat\u0131lmas\u0131 \u00f6ng\u00f6r\u00fcl\u00fcyor. Sette ziyaret etti\u011fimiz Ruhun Lekesi filminin ekibiyle projenin \u00e7\u0131k\u0131\u015f noktas\u0131n\u0131, \u00e7ekimlerin nas\u0131l devam etti\u011fini konu\u015ftuk.<\/p>\n\n\n\n<p> <strong>\u201cFilmde bireyin yaln\u0131zla\u015fmas\u0131n\u0131 sorguluyoruz\u201d<\/strong> <\/p>\n\n\n\n<figure class=\"wp-block-image\"><img decoding=\"async\" width=\"1024\" height=\"576\" src=\"https:\/\/iletim.istanbul.edu.tr\/wp-content\/uploads\/ruhun-lekesi-11-1024x576.jpg\" alt=\"\" class=\"wp-image-17338\" srcset=\"https:\/\/iletim.istanbul.edu.tr\/wp-content\/uploads\/ruhun-lekesi-11-1024x576.jpg 1024w, https:\/\/iletim.istanbul.edu.tr\/wp-content\/uploads\/ruhun-lekesi-11-300x169.jpg 300w, https:\/\/iletim.istanbul.edu.tr\/wp-content\/uploads\/ruhun-lekesi-11.jpg 1600w\" sizes=\"(max-width: 1024px) 100vw, 1024px\" \/><figcaption><strong>Y\u00f6netmen Prof. Dr. Ceyhan Kandemir<\/strong><\/figcaption><\/figure>\n\n\n\n<p>Ruhun Lekesi filmini, \u201cba\u011f\u0131ms\u0131z bir sanat filmi\u201d olarak tan\u0131mlayan y\u00f6netmen Prof. Dr. Ceyhan Kandemir, filmin yap\u0131m ve \u00e7ekim ekibinin \u0130\u00dc \u0130leti\u015fim Fak\u00fcltesi \u00f6\u011fretim \u00fcyeleri ve \u00f6\u011frencilerinden olu\u015ftu\u011funu belirtiyor. Filmde, \u201cka\u00e7\u0131ngan ba\u011flanma\u201d sorunu ya\u015fayan, 70 ya\u015flar\u0131nda bir ana karakterin, hayat\u0131nda, sanat d\u0131\u015f\u0131ndaki \u00e7al\u0131\u015fmalar\u0131nda yaln\u0131zla\u015fmas\u0131n\u0131n sorguland\u0131\u011f\u0131n\u0131 belirten Prof. Kandemir, \u201c\u00d6zellikle ya\u015fad\u0131\u011f\u0131m\u0131z bu d\u00f6nem zaten t\u00fcm bireyleri yaln\u0131zla\u015ft\u0131rd\u0131. Bireyler kendi kabu\u011funa \u00e7ekilmek zorunda kald\u0131. Taylan karakterinin i\u00e7inde bulundu\u011fu psikolojik durumdan dolay\u0131 ili\u015fkisini do\u011fru ya\u015fayam\u0131yor ve bunu anlamland\u0131ram\u0131yor. Filmde onun i\u00e7sel yolculu\u011funu g\u00f6r\u00fcyoruz.\u201d dedi.<\/p>\n\n\n\n<p>Ruhun Lekesi filminin ikinci uzun metrajl\u0131 film \u00e7al\u0131\u015fmas\u0131 oldu\u011funa dikkat \u00e7eken Kandemir, \u201cKimseden maddi bir destek almadan yine ba\u011f\u0131ms\u0131z bir sanat filmi \u00e7ekiyoruz. Maddi a\u00e7\u0131dan hi\u00e7bir beklenti ve kayg\u0131m\u0131zda yok. Amac\u0131m\u0131z \u00f6zverili ekibimizle birlikte sinematografik, estetik bir i\u00e7erik \u00fcretmek, sanatsal bir \u00fcr\u00fcn ortaya koymak.\u201d de\u011ferlendirmesinde bulundu.<\/p>\n\n\n\n<p>Ruhun Lekesi filminde \u00f6\u011frencilerin, bir filmin fikir a\u015famas\u0131ndan yap\u0131m a\u015famas\u0131na, kurgu a\u015famas\u0131ndan izleyiciye sunulmas\u0131na kadarki s\u00fcreci g\u00f6zlemleme f\u0131rsat\u0131 yakalad\u0131klar\u0131n\u0131 vurgulayan Kandemir, \u201c\u00c7ok g\u00fczel, keyifli bir set ortam\u0131m\u0131z var. K\u00fcresel krizlerin ve ruhsal sorunlar\u0131m\u0131z\u0131n \u00e7ok yo\u011fun oldu\u011fu bir d\u00f6nemde burada asl\u0131nda seti rehabilite ortam\u0131 gibi g\u00f6r\u00fcyorum. Farkl\u0131 anlat\u0131m teknikleri deniyoruz.\u201d ifadelerini kulland\u0131.<\/p>\n\n\n\n<p> <strong>\u201cKaraktere uygun bir atmosfer yaratmaya \u00e7al\u0131\u015f\u0131yoruz\u201d<\/strong> <\/p>\n\n\n\n<figure class=\"wp-block-image size-large\"><img decoding=\"async\" width=\"1024\" height=\"576\" src=\"https:\/\/iletim.istanbul.edu.tr\/wp-content\/uploads\/ruhun-lekesi-3-2-1024x576.jpg\" alt=\"\" class=\"wp-image-17347\" srcset=\"https:\/\/iletim.istanbul.edu.tr\/wp-content\/uploads\/ruhun-lekesi-3-2-1024x576.jpg 1024w, https:\/\/iletim.istanbul.edu.tr\/wp-content\/uploads\/ruhun-lekesi-3-2-300x169.jpg 300w, https:\/\/iletim.istanbul.edu.tr\/wp-content\/uploads\/ruhun-lekesi-3-2-1536x864.jpg 1536w, https:\/\/iletim.istanbul.edu.tr\/wp-content\/uploads\/ruhun-lekesi-3-2.jpg 2048w\" sizes=\"(max-width: 1024px) 100vw, 1024px\" \/><figcaption> <strong>Do\u00e7. Dr. Onur Akyol  ve set ekibi<\/strong><\/figcaption><\/figure>\n\n\n\n<p>Ruhun Lekesi filminin g\u00f6r\u00fcnt\u00fc y\u00f6netmenli\u011fini \u00fcstlenen Do\u00e7. Dr. Onur Akyol, g\u00f6r\u00fcnt\u00fcyle anlatmak istedikleri hik\u00e2yeye dair teknik anlamda uygun kamera a\u00e7\u0131lar\u0131n\u0131, hareketlerini, lens se\u00e7imi yapt\u0131klar\u0131n\u0131 s\u00f6yl\u00fcyor. Film setinin keyifli ve g\u00fczel s\u00fcrd\u00fc\u011f\u00fcne de\u011finen Akyol, \u201cGenel olarak anlat\u0131m\u0131m\u0131zda yeni nesil teknikleri deniyoruz. Kameram\u0131z\u0131 daha hareketli kullanmaya \u00e7al\u0131\u015f\u0131yoruz.\u201d \u015feklinde konu\u015ftu.<\/p>\n\n\n\n<p>Akyol konu\u015fmas\u0131n\u0131 \u015fu \u015fekilde sonland\u0131rd\u0131; \u201cSinematografik anlamda ortam ayd\u0131nlatman\u0131n \u00f6tesinde karakterin ya\u015fad\u0131\u011f\u0131 yaln\u0131zl\u0131\u011f\u0131, s\u0131k\u0131\u015f\u0131kl\u0131\u011f\u0131 vermek i\u00e7in farkl\u0131 \u0131\u015f\u0131k renklerini de kullanmaya \u00e7al\u0131\u015ft\u0131k. Ger\u00e7ek\u00e7i bir ayd\u0131nlatma atmosferi yaratman\u0131n \u00f6tesinde karakterin duygusal yo\u011funlu\u011funu ayd\u0131nlatacak \u0131\u015f\u0131\u011f\u0131 kullanmaya \u00f6zen g\u00f6sterdik.\u201d<\/p>\n\n\n\n<p> <strong>\u201c\u0130yi bir ekip kurduk\u201d<\/strong> <\/p>\n\n\n\n<figure class=\"wp-block-image size-large\"><img decoding=\"async\" width=\"1024\" height=\"683\" src=\"https:\/\/iletim.istanbul.edu.tr\/wp-content\/uploads\/ruhun-lekesi-1-1-1024x683.jpg\" alt=\"\" class=\"wp-image-17365\" srcset=\"https:\/\/iletim.istanbul.edu.tr\/wp-content\/uploads\/ruhun-lekesi-1-1-1024x683.jpg 1024w, https:\/\/iletim.istanbul.edu.tr\/wp-content\/uploads\/ruhun-lekesi-1-1-300x200.jpg 300w, https:\/\/iletim.istanbul.edu.tr\/wp-content\/uploads\/ruhun-lekesi-1-1-1536x1024.jpg 1536w, https:\/\/iletim.istanbul.edu.tr\/wp-content\/uploads\/ruhun-lekesi-1-1.jpg 1776w\" sizes=\"(max-width: 1024px) 100vw, 1024px\" \/><\/figure>\n\n\n\n<p>Yap\u0131mc\u0131 Dr. Cansu \u00d6zdenak, sette teorik ve pratik bilginin birle\u015fti\u011fine vurgu yaparak s\u00f6zlerine \u015funlar\u0131 ekledi: \u201c\u0130yi bir ekip kurduk. \u00c7ekimler t\u00fcm h\u0131z\u0131yla devam ediyor. Sinema ve m\u00fczik \u00e7ocukken beni b\u00fcy\u00fcleyen sanat dallar\u0131. M\u00fczik ve videoyu kapsayan di\u011fer sanatsal \u00e7al\u0131\u015fmalar\u0131m\u0131n \u00f6z\u00fc bu tutku. Dolay\u0131s\u0131yla bu filmin \u00fcretim s\u00fcrecinin i\u00e7inde olmak benim i\u00e7in \u00e7ok anlaml\u0131\u2026\u201d<\/p>\n\n\n\n<p><strong>\u201c\u0130yi\nbir koordinasyon olu\u015fturduk\u201d<\/strong><\/p>\n\n\n\n<p>Set s\u00fcrecinin verimli bir \u015fekilde s\u00fcrd\u00fc\u011f\u00fcn\u00fc kaydeden senarist \u0130\u00dc Sosyal Bilimler Enstit\u00fcs\u00fc RTS Ana Bilim Dal\u0131 Doktora \u00d6\u011frencisi Nafiseh Laleh, \u201cTaylan karakteri g\u00fcn\u00fcm\u00fczde insanlar\u0131n i\u00e7 d\u00fcnyalar\u0131nda ne kadar yaln\u0131z olduklar\u0131n\u0131, dijitalle\u015fmi\u015f bir d\u00fcnyaya nas\u0131l s\u0131\u011f\u0131nd\u0131klar\u0131n\u0131 anlatmaya \u00e7al\u0131\u015f\u0131yor. Hocalar\u0131m\u0131z\u0131n y\u00f6nlendirmeleriyle beraber k\u0131sa bir s\u00fcre i\u00e7erisinde iyi bir koordinasyon olu\u015fturduk ve h\u0131zl\u0131ca \u00e7ekimlere ba\u015flad\u0131k. Her \u015fey m\u00fckemmel bir \u015fekilde ilerliyor.\u201d diye konu\u015ftu.<\/p>\n\n\n\n<p> <strong>\u201cE\u015fime bazen Taylan\u2019\u0131n replikleriyle cevap veriyorum\u201d<\/strong> <\/p>\n\n\n\n<figure class=\"wp-block-image size-large\"><img decoding=\"async\" width=\"1024\" height=\"682\" src=\"https:\/\/iletim.istanbul.edu.tr\/wp-content\/uploads\/ruhun-lekesi-19-1-1024x682.jpg\" alt=\"\" class=\"wp-image-17348\" srcset=\"https:\/\/iletim.istanbul.edu.tr\/wp-content\/uploads\/ruhun-lekesi-19-1-1024x682.jpg 1024w, https:\/\/iletim.istanbul.edu.tr\/wp-content\/uploads\/ruhun-lekesi-19-1-300x200.jpg 300w, https:\/\/iletim.istanbul.edu.tr\/wp-content\/uploads\/ruhun-lekesi-19-1-1536x1023.jpg 1536w, https:\/\/iletim.istanbul.edu.tr\/wp-content\/uploads\/ruhun-lekesi-19-1.jpg 1600w\" sizes=\"(max-width: 1024px) 100vw, 1024px\" \/><figcaption> Galip Niya ve set ekibi<\/figcaption><\/figure>\n\n\n\n<p>Filmin ba\u015frol oyuncusu olan Galip Niya (Taylan), ilk defa set ortam\u0131nda bulundu\u011funu ve bu s\u00fcrecin kendisi i\u00e7in olduk\u00e7a keyifli ge\u00e7ti\u011fini s\u00f6yledi. Filmde oynad\u0131\u011f\u0131 karakter hakk\u0131nda Niya \u015fu a\u00e7\u0131klamada bulundu; \u201cTaylan, \u00e7ocuklu\u011fu dar bir arkada\u015f \u00e7evresinde ge\u00e7mi\u015f, aile ba\u011flar\u0131n\u0131n kuvvetli olmad\u0131\u011f\u0131 bir ortamda b\u00fcy\u00fcm\u00fc\u015f bir karakter. Sevgisini kar\u015f\u0131s\u0131ndaki insanlara belli edemeyen bu y\u00fczden de sanata y\u00f6nelen biri. Duygusal anlamda \u00e7ekingen, ba\u011flanmak istemeyen bir yap\u0131ya sahip.\u201d<\/p>\n\n\n\n<p>Filmde b\u00fcr\u00fcnd\u00fc\u011f\u00fc karakteri olduk\u00e7a i\u00e7selle\u015ftirdi\u011fini belirten Niya, ger\u00e7ek ya\u015famda e\u015fi ile olan ili\u015fkisinde ona Taylan\u2019\u0131n replikleriyle cevap verdi\u011fini s\u00f6yl\u00fcyor.<\/p>\n\n\n\n<p><strong>\u201cSette s\u0131cak ve samimi bir ortam var\u201d<\/strong><\/p>\n\n\n\n<p>Oynad\u0131\u011f\u0131 karakterin g\u00fc\u00e7l\u00fc bir ki\u015fili\u011fe sahip olu\u011funu\nvurgulayan Melek Yel, hayat verdi\u011fi I\u015f\u0131l karakterinin ne istedi\u011fini bilen,\nistedi\u011fi \u015fey i\u00e7inde eme\u011finden vazge\u00e7meyen biri oldu\u011funu belirtti. Profesyonel\nolarak dans\u00e7\u0131l\u0131kla ilgilenen Yel, \u201cDans\u00e7\u0131 oldu\u011fum i\u00e7in bedeniyle konu\u015fan\nbirisiyim. Bu sefer sesimi de kullanmak durumunda kald\u0131m. Benim i\u00e7in zor oldu.\nAncak bu t\u00fcr zorluklar bizi b\u00fcy\u00fcten durumlar.\u201d dedi. Konu\u015fmas\u0131n\u0131 film ekibinin\nsette s\u0131cak ve samimi bir ortam\u0131n olu\u015fturdu\u011funu aktararak sonland\u0131rd\u0131.<\/p>\n\n\n\n<p><strong>\u201cFilmde kendimi buldum\u201d<\/strong><\/p>\n\n\n\n<p>Filmde Taylan\u2019\u0131n en yak\u0131n arkada\u015f\u0131 olarak izleyece\u011fimiz Vedat\u2019\u0131 \u00fcnl\u00fc m\u00fczik direkt\u00f6rlerinden Murat P\u0131nar \u00d6zdemir canland\u0131r\u0131yor. \u00d6zdemir rol\u00fc hakk\u0131nda \u015fu a\u00e7\u0131klamalarda bulundu: \u201cFilmde kendimi bulmu\u015f olmak benim i\u00e7in bir \u015fans asl\u0131nda. Taylan karakterinin i\u00e7 d\u00fcnyas\u0131nda ya\u015fad\u0131klar\u0131n\u0131 anlamam a\u00e7\u0131s\u0131ndan Vedat rol\u00fcn\u00fc oynarken m\u00fczik hayat\u0131m\u0131n bana katt\u0131klar\u0131ndan faydaland\u0131\u011f\u0131m\u0131 s\u00f6yleyebilirim&#8230;\u201d<\/p>\n\n\n\n<figure class=\"wp-block-image size-large\"><img decoding=\"async\" width=\"1024\" height=\"576\" src=\"https:\/\/iletim.istanbul.edu.tr\/wp-content\/uploads\/ruhun-lekesi-13-1024x576.jpg\" alt=\"\" class=\"wp-image-17350\" srcset=\"https:\/\/iletim.istanbul.edu.tr\/wp-content\/uploads\/ruhun-lekesi-13-1024x576.jpg 1024w, https:\/\/iletim.istanbul.edu.tr\/wp-content\/uploads\/ruhun-lekesi-13-300x169.jpg 300w, https:\/\/iletim.istanbul.edu.tr\/wp-content\/uploads\/ruhun-lekesi-13-1536x864.jpg 1536w, https:\/\/iletim.istanbul.edu.tr\/wp-content\/uploads\/ruhun-lekesi-13.jpg 2048w\" sizes=\"(max-width: 1024px) 100vw, 1024px\" \/><figcaption><strong>&#8220;Ruhun Lekesi&#8221; film ekibi<\/strong><\/figcaption><\/figure>\n\n\n\n<p><\/p>\n\n\n\n<p><strong>RUHUN LEKES\u0130 K\u00dcNYE<\/strong><\/p>\n\n\n\n<p><strong>Y\u00d6NETMEN: <\/strong>CEYHAN KANDEM\u0130R<\/p>\n\n\n\n<p><strong>G\u00d6R\u00dcNT\u00dc Y\u00d6NETMEN\u0130:&nbsp; <\/strong>ONUR AKYOL<\/p>\n\n\n\n<p><strong>Y\u00d6NETMEN\nYARDIMCISI: <\/strong>MESUT AYTEK\u0130N, \u00dcM\u0130T SARI<\/p>\n\n\n\n<p><strong>SENARYO:\n<\/strong>NAF\u0130SEH LALEH<\/p>\n\n\n\n<p><strong>YAPIMCI:\n<\/strong>CANSU \u00d6ZDENAK KANDEM\u0130R<\/p>\n\n\n\n<p><strong>OYUNCULAR:\n<\/strong>GAL\u0130P N\u0130YA, MELEK YEL, MURAT PINAR\n\u00d6ZDEM\u0130R, F\u0130KRET KUTLU, MEHMET \u015e\u0130M\u015eEK, \u015eAFAK ALTUN, KARLA KANDEM\u0130R, MERT AL\u0130\n\u00d6ZT\u00dcRK, \u0130LAYDA YAMAN, RUMEYSA KARAK\u00d6SE, BERKAN BEYSEL<\/p>\n\n\n\n<p><strong>KURGU: <\/strong>G\u00d6RKEM KATMER<\/p>\n\n\n\n<p><strong>KURGU OPERAT\u00d6R\u00dc: <\/strong>BARAN BEK\u0130R TA\u015eDEM\u0130R<\/p>\n\n\n\n<p><strong>M\u00dcZ\u0130K:\n<\/strong>EMRE EMREM<\/p>\n\n\n\n<p><strong>KAMERA:\n<\/strong>AHMET SERDAR TA\u015eY\u00dcREK, EMRE TEMUR <\/p>\n\n\n\n<p><strong>I\u015eIK:\n<\/strong>H\u00dcR ALKAN <\/p>\n\n\n\n<p><strong>SANAT\nY\u00d6NETMEN\u0130: <\/strong>EL\u0130F TEMEL <\/p>\n\n\n\n<p><strong>YAPIM KOORD\u0130NAT\u00d6R\u00dc: <\/strong>ESMA SANCAR<\/p>\n\n\n\n<p><strong>YAPIM\nSORUMLUSU: <\/strong>HAL\u0130L T\u00dcRKER<\/p>\n\n\n\n<p><strong>YAPIM\nAS\u0130STANI: <\/strong>KAAN \u00c7AKICI<\/p>\n\n\n\n<p><strong>KAMERA\nAS\u0130STANI: <\/strong>RAB\u0130A KABUL <\/p>\n\n\n\n<p><strong>SES:\n<\/strong>BERNA G\u00dcLA\u00c7TI, FAR\u0130D HUSEYNZADE,\nIRMAK KUTLU <\/p>\n\n\n\n<p><strong>SANAT\nAS\u0130STANLARI: <\/strong>RUMEYSA KARAKOSE,&nbsp; CEMRE \u00c7\u0130\u00c7EK<\/p>\n\n\n\n<p><strong>Y\u00d6NETMEN\nAS\u0130STANLARI: <\/strong>CEMRE G\u00dcL BA\u015eO\u011eLU, ISABELA KOZEL\u0130<\/p>\n\n\n\n<p><strong>I\u015eIK AS\u0130STANI: <\/strong>G\u00dcLAY \u015eENG\u00dcL, Y\u0130\u011e\u0130T DURU<\/p>\n\n\n\n<p><strong>FOTO\u011eRAF: <\/strong>B\u00dc\u015eRA TA\u015eY\u00dcREK <\/p>\n","protected":false},"excerpt":{"rendered":"<p>Haber: Kas\u0131m Sars\u0131lmaz Y\u00f6netmenli\u011fini \u0130stanbul \u00dcniversitesi \u0130leti\u015fim Fak\u00fcltesi Radyo Televizyon ve Sinema (RTS) B\u00f6l\u00fcm\u00fc \u00d6\u011fretim \u00dcyesi Prof. Dr. Ceyhan Kandemir\u2019in yapt\u0131\u011f\u0131 Ruhun Lekesi filminin \u00e7ekimleri devam ediyor. Filmin Y\u00f6netmen Yard\u0131mc\u0131l\u0131\u011f\u0131n\u0131 \u0130\u00dc \u0130leti\u015fim Fak\u00fcltesi RTS B\u00f6l\u00fcm\u00fc \u00d6\u011fretim \u00dcyeleri Do\u00e7. Dr. Mesut Aytekin ve Do\u00e7. Dr. \u00dcmit Sar\u0131, G\u00f6r\u00fcnt\u00fc Y\u00f6netmenli\u011fini ise \u0130\u00dc \u0130leti\u015fim Fak\u00fcltesi RTS B\u00f6l\u00fcm\u00fc \u00d6\u011fretim [&hellip;]<\/p>\n","protected":false},"author":14,"featured_media":17337,"comment_status":"open","ping_status":"open","sticky":false,"template":"","format":"standard","meta":{"jnews-multi-image_gallery":[],"jnews_single_post":[],"jnews_primary_category":[],"jnews_social_meta":[],"jnews_override_counter":[],"footnotes":""},"categories":[1,34,178],"tags":[332,43,52,1990,1991],"class_list":["post-17336","post","type-post","status-publish","format-standard","has-post-thumbnail","hentry","category-genel","category-universite","category-fakultemizden","tag-ceyhan-kandemir","tag-istanbul-universitesi","tag-iu-iletisim-fakultesi","tag-iu-rts","tag-ruhun-lekesi"],"_links":{"self":[{"href":"https:\/\/iletim.istanbul.edu.tr\/index.php\/wp-json\/wp\/v2\/posts\/17336","targetHints":{"allow":["GET"]}}],"collection":[{"href":"https:\/\/iletim.istanbul.edu.tr\/index.php\/wp-json\/wp\/v2\/posts"}],"about":[{"href":"https:\/\/iletim.istanbul.edu.tr\/index.php\/wp-json\/wp\/v2\/types\/post"}],"author":[{"embeddable":true,"href":"https:\/\/iletim.istanbul.edu.tr\/index.php\/wp-json\/wp\/v2\/users\/14"}],"replies":[{"embeddable":true,"href":"https:\/\/iletim.istanbul.edu.tr\/index.php\/wp-json\/wp\/v2\/comments?post=17336"}],"version-history":[{"count":0,"href":"https:\/\/iletim.istanbul.edu.tr\/index.php\/wp-json\/wp\/v2\/posts\/17336\/revisions"}],"wp:featuredmedia":[{"embeddable":true,"href":"https:\/\/iletim.istanbul.edu.tr\/index.php\/wp-json\/wp\/v2\/media\/17337"}],"wp:attachment":[{"href":"https:\/\/iletim.istanbul.edu.tr\/index.php\/wp-json\/wp\/v2\/media?parent=17336"}],"wp:term":[{"taxonomy":"category","embeddable":true,"href":"https:\/\/iletim.istanbul.edu.tr\/index.php\/wp-json\/wp\/v2\/categories?post=17336"},{"taxonomy":"post_tag","embeddable":true,"href":"https:\/\/iletim.istanbul.edu.tr\/index.php\/wp-json\/wp\/v2\/tags?post=17336"}],"curies":[{"name":"wp","href":"https:\/\/api.w.org\/{rel}","templated":true}]}}