{"id":17367,"date":"2022-04-07T23:16:02","date_gmt":"2022-04-07T20:16:02","guid":{"rendered":"https:\/\/iletim.istanbul.edu.tr\/?p=17367"},"modified":"2022-04-07T23:16:08","modified_gmt":"2022-04-07T20:16:08","slug":"istanbul-iletisimin-gurur-tablosu","status":"publish","type":"post","link":"https:\/\/iletim.istanbul.edu.tr\/index.php\/2022\/04\/07\/istanbul-iletisimin-gurur-tablosu\/","title":{"rendered":"\u0130stanbul \u0130leti\u015fimin gurur tablosu"},"content":{"rendered":"\n<p><strong>Haber: Mutlu Bilge<\/strong><\/p>\n\n\n\n<p>\u00d6\u011frencilerinden gelen ba\u015far\u0131 haberleriyle ad\u0131ndan s\u0131k\u00e7a s\u00f6z ettiren ve gelece\u011fin ileti\u015fimcilerini yeti\u015ftiren \u0130stanbul \u00dcniversitesi \u0130leti\u015fim Fak\u00fcltesi gurur tablosuna yeni isimler ekledi.<\/p>\n\n\n\n<p>32. T\u00fcrkiye Gazeteciler Cemiyeti Ayd\u0131n Do\u011fan Gen\u00e7 \u0130leti\u015fimciler Yar\u0131\u015fmas\u0131\u2019nda \u0130stanbul \u00dcniversitesi \u0130leti\u015fim Fak\u00fcltesi \u00f6\u011frencisi Egehan Erk\u00fcn  &#8221;Yaz\u0131l\u0131 Dal \u00dcst\u00fcn Ba\u015far\u0131 \u00d6d\u00fcl\u00fc&#8221;n\u00fcn sahibi oldu. <\/p>\n\n\n\n<figure class=\"wp-block-image size-large\"><img decoding=\"async\" width=\"1024\" height=\"538\" src=\"https:\/\/iletim.istanbul.edu.tr\/wp-content\/uploads\/B30D57B6-D8FF-402D-9A67-7C11B722C77E-1024x538.jpeg\" alt=\"\" class=\"wp-image-17370\" srcset=\"https:\/\/iletim.istanbul.edu.tr\/wp-content\/uploads\/B30D57B6-D8FF-402D-9A67-7C11B722C77E-1024x538.jpeg 1024w, https:\/\/iletim.istanbul.edu.tr\/wp-content\/uploads\/B30D57B6-D8FF-402D-9A67-7C11B722C77E-300x158.jpeg 300w, https:\/\/iletim.istanbul.edu.tr\/wp-content\/uploads\/B30D57B6-D8FF-402D-9A67-7C11B722C77E-351x185.jpeg 351w, https:\/\/iletim.istanbul.edu.tr\/wp-content\/uploads\/B30D57B6-D8FF-402D-9A67-7C11B722C77E.jpeg 1151w\" sizes=\"(max-width: 1024px) 100vw, 1024px\" \/><\/figure>\n\n\n\n<p>Ba\u015far\u0131 haberi bununla s\u0131n\u0131rl\u0131 kalmad\u0131. \u0130leti\u015fim Fak\u00fcltesi \u00f6\u011frencileri Beyza Nur Y\u0131lmaz, Didem Mente ve Erdo\u011fan \u015einik\u00e7i,  &#8221;Televizyon Haberi&#8221; Kategorisi\u2019nde   birinci oldu. <\/p>\n\n\n\n<figure class=\"wp-block-image size-large\"><img decoding=\"async\" width=\"1024\" height=\"537\" src=\"https:\/\/iletim.istanbul.edu.tr\/wp-content\/uploads\/5E7D077D-091E-412D-BA62-F3C6B4F27E1A-1024x537.jpeg\" alt=\"\" class=\"wp-image-17371\" srcset=\"https:\/\/iletim.istanbul.edu.tr\/wp-content\/uploads\/5E7D077D-091E-412D-BA62-F3C6B4F27E1A-1024x537.jpeg 1024w, https:\/\/iletim.istanbul.edu.tr\/wp-content\/uploads\/5E7D077D-091E-412D-BA62-F3C6B4F27E1A-300x157.jpeg 300w, https:\/\/iletim.istanbul.edu.tr\/wp-content\/uploads\/5E7D077D-091E-412D-BA62-F3C6B4F27E1A-351x185.jpeg 351w, https:\/\/iletim.istanbul.edu.tr\/wp-content\/uploads\/5E7D077D-091E-412D-BA62-F3C6B4F27E1A.jpeg 1086w\" sizes=\"(max-width: 1024px) 100vw, 1024px\" \/><\/figure>\n\n\n\n<p>Egehan Erk\u00fcn&#8217;e \u00dcst\u00fcn Ba\u015far\u0131 \u00d6d\u00fcl\u00fc&#8217;n\u00fc &#8221;Anahtar Kelimemiz Medya Eti\u011fi: T\u00fcrkiye&#8217;de SEO Habercili\u011finin Portresi&#8221; ba\u015fl\u0131kl\u0131 haberi getirirken, Beyza Nur Y\u0131lmaz, Didem Mente ve Erdo\u011fan \u015einik\u00e7i &#8221;Filipinli Hayvansever Amca Hassan Ahmad&#8221; isimli haber ile birinci oldu.<\/p>\n","protected":false},"excerpt":{"rendered":"<p>Haber: Mutlu Bilge \u00d6\u011frencilerinden gelen ba\u015far\u0131 haberleriyle ad\u0131ndan s\u0131k\u00e7a s\u00f6z ettiren ve gelece\u011fin ileti\u015fimcilerini yeti\u015ftiren \u0130stanbul \u00dcniversitesi \u0130leti\u015fim Fak\u00fcltesi gurur tablosuna yeni isimler ekledi. 32. T\u00fcrkiye Gazeteciler Cemiyeti Ayd\u0131n Do\u011fan Gen\u00e7 \u0130leti\u015fimciler Yar\u0131\u015fmas\u0131\u2019nda \u0130stanbul \u00dcniversitesi \u0130leti\u015fim Fak\u00fcltesi \u00f6\u011frencisi Egehan Erk\u00fcn &#8221;Yaz\u0131l\u0131 Dal \u00dcst\u00fcn Ba\u015far\u0131 \u00d6d\u00fcl\u00fc&#8221;n\u00fcn sahibi oldu. Ba\u015far\u0131 haberi bununla s\u0131n\u0131rl\u0131 kalmad\u0131. \u0130leti\u015fim Fak\u00fcltesi \u00f6\u011frencileri [&hellip;]<\/p>\n","protected":false},"author":14,"featured_media":17369,"comment_status":"open","ping_status":"open","sticky":false,"template":"","format":"standard","meta":{"jnews-multi-image_gallery":[],"jnews_single_post":[],"jnews_primary_category":[],"jnews_social_meta":[],"jnews_override_counter":[],"footnotes":""},"categories":[1,178],"tags":[],"class_list":["post-17367","post","type-post","status-publish","format-standard","has-post-thumbnail","hentry","category-genel","category-fakultemizden"],"_links":{"self":[{"href":"https:\/\/iletim.istanbul.edu.tr\/index.php\/wp-json\/wp\/v2\/posts\/17367","targetHints":{"allow":["GET"]}}],"collection":[{"href":"https:\/\/iletim.istanbul.edu.tr\/index.php\/wp-json\/wp\/v2\/posts"}],"about":[{"href":"https:\/\/iletim.istanbul.edu.tr\/index.php\/wp-json\/wp\/v2\/types\/post"}],"author":[{"embeddable":true,"href":"https:\/\/iletim.istanbul.edu.tr\/index.php\/wp-json\/wp\/v2\/users\/14"}],"replies":[{"embeddable":true,"href":"https:\/\/iletim.istanbul.edu.tr\/index.php\/wp-json\/wp\/v2\/comments?post=17367"}],"version-history":[{"count":0,"href":"https:\/\/iletim.istanbul.edu.tr\/index.php\/wp-json\/wp\/v2\/posts\/17367\/revisions"}],"wp:featuredmedia":[{"embeddable":true,"href":"https:\/\/iletim.istanbul.edu.tr\/index.php\/wp-json\/wp\/v2\/media\/17369"}],"wp:attachment":[{"href":"https:\/\/iletim.istanbul.edu.tr\/index.php\/wp-json\/wp\/v2\/media?parent=17367"}],"wp:term":[{"taxonomy":"category","embeddable":true,"href":"https:\/\/iletim.istanbul.edu.tr\/index.php\/wp-json\/wp\/v2\/categories?post=17367"},{"taxonomy":"post_tag","embeddable":true,"href":"https:\/\/iletim.istanbul.edu.tr\/index.php\/wp-json\/wp\/v2\/tags?post=17367"}],"curies":[{"name":"wp","href":"https:\/\/api.w.org\/{rel}","templated":true}]}}