{"id":17376,"date":"2022-04-12T13:39:52","date_gmt":"2022-04-12T10:39:52","guid":{"rendered":"https:\/\/iletim.istanbul.edu.tr\/?p=17376"},"modified":"2022-04-12T13:39:58","modified_gmt":"2022-04-12T10:39:58","slug":"genc-iletisimciler-yarismasinda-odul-alan-ogrencilere-tesekkur-belgesi-verildi","status":"publish","type":"post","link":"https:\/\/iletim.istanbul.edu.tr\/index.php\/2022\/04\/12\/genc-iletisimciler-yarismasinda-odul-alan-ogrencilere-tesekkur-belgesi-verildi\/","title":{"rendered":"Gen\u00e7 \u0130leti\u015fimciler Yar\u0131\u015fmas\u0131&#8217;nda \u00f6d\u00fcl alan \u00f6\u011frencilere te\u015fekk\u00fcr belgesi verildi"},"content":{"rendered":"\n<p><strong>Halit \u015eahin &#8211; Mithat \u00c7opur<\/strong><\/p>\n\n\n\n<p>T\u00fcrkiye Gazeteciler Cemiyeti Ayd\u0131n Do\u011fan Gen\u00e7 \u0130leti\u015fimciler Yar\u0131\u015fmas\u0131\u2019nda \u00f6d\u00fcl kazanan \u0130stanbul \u00dcniversitesi \u0130leti\u015fim Fak\u00fcltesi \u00f6\u011frencilerine, \u0130leti\u015fim Fak\u00fcltesi Dekanl\u0131\u011f\u0131 taraf\u0131ndan te\u015fekk\u00fcr belgesi takdim edildi. <\/p>\n\n\n\n<figure class=\"wp-block-image size-large\"><img decoding=\"async\" width=\"1024\" height=\"680\" src=\"https:\/\/iletim.istanbul.edu.tr\/wp-content\/uploads\/DSC0555-1-1024x680.jpg\" alt=\"\" class=\"wp-image-17379\" srcset=\"https:\/\/iletim.istanbul.edu.tr\/wp-content\/uploads\/DSC0555-1-1024x680.jpg 1024w, https:\/\/iletim.istanbul.edu.tr\/wp-content\/uploads\/DSC0555-1-300x199.jpg 300w, https:\/\/iletim.istanbul.edu.tr\/wp-content\/uploads\/DSC0555-1-1536x1020.jpg 1536w, https:\/\/iletim.istanbul.edu.tr\/wp-content\/uploads\/DSC0555-1-2048x1360.jpg 2048w\" sizes=\"(max-width: 1024px) 100vw, 1024px\" \/><figcaption>Prof. Dr. Abdullah \u00d6zkan &#8211; Didem Mente<\/figcaption><\/figure>\n\n\n\n<p>TGC Ayd\u0131n Do\u011fan Gen\u00e7 \u0130leti\u015fimciler Yar\u0131\u015fmas\u0131\u2019nda \u201cYaz\u0131l\u0131 Dal Kategorisi\u2019nde\u201d \u0130stanbul \u00dcniversitesi \u0130leti\u015fim Fak\u00fcltesi \u00f6\u011frencilerinden Egehan Erk\u00fcn, Televizyon Haberi Kategorisi\u2019nde ise Didem Mente, Beyza Nur Y\u0131lmaz ve Erdo\u011fan \u015einik\u00e7i \u00f6d\u00fcl ald\u0131.<\/p>\n\n\n\n<figure class=\"wp-block-image size-large\"><img decoding=\"async\" width=\"1024\" height=\"680\" src=\"https:\/\/iletim.istanbul.edu.tr\/wp-content\/uploads\/DSC0558-1024x680.jpg\" alt=\"\" class=\"wp-image-17380\" srcset=\"https:\/\/iletim.istanbul.edu.tr\/wp-content\/uploads\/DSC0558-1024x680.jpg 1024w, https:\/\/iletim.istanbul.edu.tr\/wp-content\/uploads\/DSC0558-300x199.jpg 300w, https:\/\/iletim.istanbul.edu.tr\/wp-content\/uploads\/DSC0558-1536x1020.jpg 1536w, https:\/\/iletim.istanbul.edu.tr\/wp-content\/uploads\/DSC0558-2048x1360.jpg 2048w\" sizes=\"(max-width: 1024px) 100vw, 1024px\" \/><figcaption> Beyza Nur Y\u0131lmaz &#8211; Do\u00e7. Dr. Berceste G\u00fcl\u00e7in \u00d6zdemir<\/figcaption><\/figure>\n\n\n\n<p>\u0130leti\u015fim Fak\u00fcltesi Dekan\u0131 Prof. Dr. Abdullah \u00d6zkan, Halkla \u0130li\u015fkiler ve Tan\u0131t\u0131m B\u00f6l\u00fcm Ba\u015fkan\u0131 Prof. Dr. Sevimece Karado\u011fan Doruk, Gazetecilik B\u00f6l\u00fcm Ba\u015fkan\u0131 Prof. Dr. Ali Murat Vural, Dekan Yard\u0131mc\u0131s\u0131 Do\u00e7. Dr. Berceste G\u00fcl\u00e7in \u00d6zdemir, \u0130letim Gazetesi Birim Sorumlusu Do\u00e7. Dr. \u0130brahim Sena Arvas \u00f6d\u00fcl alan \u00f6\u011frencilere te\u015fekk\u00fcr belgesi vererek ba\u015far\u0131lar\u0131n\u0131n devam\u0131n\u0131 dilediler.<\/p>\n\n\n\n<figure class=\"wp-block-image size-large\"><img decoding=\"async\" width=\"1024\" height=\"680\" src=\"https:\/\/iletim.istanbul.edu.tr\/wp-content\/uploads\/DSC0562-1024x680.jpg\" alt=\"\" class=\"wp-image-17381\" srcset=\"https:\/\/iletim.istanbul.edu.tr\/wp-content\/uploads\/DSC0562-1024x680.jpg 1024w, https:\/\/iletim.istanbul.edu.tr\/wp-content\/uploads\/DSC0562-300x199.jpg 300w, https:\/\/iletim.istanbul.edu.tr\/wp-content\/uploads\/DSC0562-1536x1020.jpg 1536w, https:\/\/iletim.istanbul.edu.tr\/wp-content\/uploads\/DSC0562-2048x1360.jpg 2048w\" sizes=\"(max-width: 1024px) 100vw, 1024px\" \/><figcaption>Egehan Erk\u00fcn &#8211; Prof. Dr. Ali Murat Vural<\/figcaption><\/figure>\n\n\n\n<p>Yar\u0131\u015fma \u00f6ncesinde ve sonras\u0131nda \u00f6\u011frencilerden deste\u011fini esirgemeyen Do\u00e7. Dr. \u0130brahim Sena Arvas, Ar\u015f. G\u00f6r. Tansu Akdemir ve Ar\u015f. G\u00f6r. Emre Koparan&#8217;a da \u0130leti\u015fim Fak\u00fcltesi Dekanl\u0131\u011f\u0131 taraf\u0131ndan te\u015fekk\u00fcr belgesi verildi. <\/p>\n\n\n\n<figure class=\"wp-block-image size-large\"><img decoding=\"async\" width=\"1024\" height=\"680\" src=\"https:\/\/iletim.istanbul.edu.tr\/wp-content\/uploads\/DSC0567-2-1024x680.jpg\" alt=\"\" class=\"wp-image-17383\" srcset=\"https:\/\/iletim.istanbul.edu.tr\/wp-content\/uploads\/DSC0567-2-1024x680.jpg 1024w, https:\/\/iletim.istanbul.edu.tr\/wp-content\/uploads\/DSC0567-2-300x199.jpg 300w, https:\/\/iletim.istanbul.edu.tr\/wp-content\/uploads\/DSC0567-2-1536x1020.jpg 1536w, https:\/\/iletim.istanbul.edu.tr\/wp-content\/uploads\/DSC0567-2-2048x1360.jpg 2048w\" sizes=\"(max-width: 1024px) 100vw, 1024px\" \/><figcaption>Ar\u015f. G\u00f6r. Emre Koparan &#8211; Prof. Dr. Sevimece Karado\u011fan Doruk<\/figcaption><\/figure>\n\n\n\n<figure class=\"wp-block-gallery columns-1 is-cropped wp-block-gallery-1 is-layout-flex wp-block-gallery-is-layout-flex\"><ul class=\"blocks-gallery-grid\"><li class=\"blocks-gallery-item\"><figure><img decoding=\"async\" width=\"1024\" height=\"680\" src=\"https:\/\/iletim.istanbul.edu.tr\/wp-content\/uploads\/DSC0570-3-1024x680.jpg\" alt=\"\" data-id=\"17384\" data-full-url=\"https:\/\/iletim.istanbul.edu.tr\/wp-content\/uploads\/DSC0570-3-scaled.jpg\" data-link=\"https:\/\/iletim.istanbul.edu.tr\/?attachment_id=17384\" class=\"wp-image-17384\" srcset=\"https:\/\/iletim.istanbul.edu.tr\/wp-content\/uploads\/DSC0570-3-1024x680.jpg 1024w, https:\/\/iletim.istanbul.edu.tr\/wp-content\/uploads\/DSC0570-3-300x199.jpg 300w, https:\/\/iletim.istanbul.edu.tr\/wp-content\/uploads\/DSC0570-3-1536x1020.jpg 1536w, https:\/\/iletim.istanbul.edu.tr\/wp-content\/uploads\/DSC0570-3-2048x1360.jpg 2048w\" sizes=\"(max-width: 1024px) 100vw, 1024px\" \/><\/figure><\/li><\/ul><figcaption class=\"blocks-gallery-caption\">Ar\u015f. G\u00f6r. Tansu Akdemir &#8211; Do\u00e7. Dr. \u0130brahim Sena Arvas &#8211; Prof. Ali Murat Vural <\/figcaption><\/figure>\n","protected":false},"excerpt":{"rendered":"<p>Halit \u015eahin &#8211; Mithat \u00c7opur T\u00fcrkiye Gazeteciler Cemiyeti Ayd\u0131n Do\u011fan Gen\u00e7 \u0130leti\u015fimciler Yar\u0131\u015fmas\u0131\u2019nda \u00f6d\u00fcl kazanan \u0130stanbul \u00dcniversitesi \u0130leti\u015fim Fak\u00fcltesi \u00f6\u011frencilerine, \u0130leti\u015fim Fak\u00fcltesi Dekanl\u0131\u011f\u0131 taraf\u0131ndan te\u015fekk\u00fcr belgesi takdim edildi. TGC Ayd\u0131n Do\u011fan Gen\u00e7 \u0130leti\u015fimciler Yar\u0131\u015fmas\u0131\u2019nda \u201cYaz\u0131l\u0131 Dal Kategorisi\u2019nde\u201d \u0130stanbul \u00dcniversitesi \u0130leti\u015fim Fak\u00fcltesi \u00f6\u011frencilerinden Egehan Erk\u00fcn, Televizyon Haberi Kategorisi\u2019nde ise Didem Mente, Beyza Nur Y\u0131lmaz ve Erdo\u011fan [&hellip;]<\/p>\n","protected":false},"author":14,"featured_media":17378,"comment_status":"open","ping_status":"open","sticky":false,"template":"","format":"standard","meta":{"jnews-multi-image_gallery":[],"jnews_single_post":{"subtitle":"","format":"standard"},"jnews_primary_category":[],"jnews_social_meta":[],"jnews_override_counter":[],"footnotes":""},"categories":[34],"tags":[],"class_list":["post-17376","post","type-post","status-publish","format-standard","has-post-thumbnail","hentry","category-universite"],"_links":{"self":[{"href":"https:\/\/iletim.istanbul.edu.tr\/index.php\/wp-json\/wp\/v2\/posts\/17376","targetHints":{"allow":["GET"]}}],"collection":[{"href":"https:\/\/iletim.istanbul.edu.tr\/index.php\/wp-json\/wp\/v2\/posts"}],"about":[{"href":"https:\/\/iletim.istanbul.edu.tr\/index.php\/wp-json\/wp\/v2\/types\/post"}],"author":[{"embeddable":true,"href":"https:\/\/iletim.istanbul.edu.tr\/index.php\/wp-json\/wp\/v2\/users\/14"}],"replies":[{"embeddable":true,"href":"https:\/\/iletim.istanbul.edu.tr\/index.php\/wp-json\/wp\/v2\/comments?post=17376"}],"version-history":[{"count":0,"href":"https:\/\/iletim.istanbul.edu.tr\/index.php\/wp-json\/wp\/v2\/posts\/17376\/revisions"}],"wp:featuredmedia":[{"embeddable":true,"href":"https:\/\/iletim.istanbul.edu.tr\/index.php\/wp-json\/wp\/v2\/media\/17378"}],"wp:attachment":[{"href":"https:\/\/iletim.istanbul.edu.tr\/index.php\/wp-json\/wp\/v2\/media?parent=17376"}],"wp:term":[{"taxonomy":"category","embeddable":true,"href":"https:\/\/iletim.istanbul.edu.tr\/index.php\/wp-json\/wp\/v2\/categories?post=17376"},{"taxonomy":"post_tag","embeddable":true,"href":"https:\/\/iletim.istanbul.edu.tr\/index.php\/wp-json\/wp\/v2\/tags?post=17376"}],"curies":[{"name":"wp","href":"https:\/\/api.w.org\/{rel}","templated":true}]}}