{"id":17397,"date":"2022-04-21T11:47:16","date_gmt":"2022-04-21T08:47:16","guid":{"rendered":"https:\/\/iletim.istanbul.edu.tr\/?p=17397"},"modified":"2022-04-21T12:01:13","modified_gmt":"2022-04-21T09:01:13","slug":"havaciligin-bilimsel-gelecegi-havacilik-psikolojisi","status":"publish","type":"post","link":"https:\/\/iletim.istanbul.edu.tr\/index.php\/2022\/04\/21\/havaciligin-bilimsel-gelecegi-havacilik-psikolojisi\/","title":{"rendered":"Havac\u0131l\u0131\u011f\u0131n bilimsel gelece\u011fi: Havac\u0131l\u0131k Psikolojisi"},"content":{"rendered":"\n<p><strong>Haber-Foto\u011fraf:<\/strong> Mazlum BUCUKA<\/p>\n\n\n\n<p>\u0130nsanlar\u0131n ku\u015flar\u0131 taklit ederek ba\u015flayan u\u00e7ma ser\u00fcveni, teknolojinin geli\u015fmesiyle bug\u00fcn bamba\u015fka bir boyut kazand\u0131. Art\u0131k insanlar, daha b\u00fcy\u00fck ama daha hafif ara\u00e7larla, daha uzaklara daha h\u0131zl\u0131 ve g\u00fcvenli bir \u015fekilde seyahat edebiliyorlar. Bununla beraber bu u\u00e7u\u015flar\u0131n  g\u00fcvenli ve  konforlu olabilmesi i\u00e7in farkl\u0131 sekt\u00f6rler ve bilim dallar\u0131 da geli\u015fiyor. <\/p>\n\n\n\n<p>Havac\u0131l\u0131k psikolojisi de gittik\u00e7e \u00f6nemi artan, d\u00fcnyan\u0131n her\nyerinde ara\u015ft\u0131rmalar yap\u0131lan, \u00fcniversitelerde end\u00fcstrileri kurulan ve u\u00e7u\u015f\npersonellerinin se\u00e7iminde, e\u011fitiminde ve yerle\u015fmesinde rol oynayan ayn\u0131 zamanda\nt\u00fcm u\u00e7u\u015f s\u00fcre\u00e7lerinde personellerin ve yolcular\u0131n psikolojik durumlar\u0131n\u0131 tespit\neden ve iyile\u015ftirmeyi ama\u00e7layan bir bilim dal\u0131.<\/p>\n\n\n\n<p>Birinci D\u00fcnya Sava\u015f\u0131, \u0130kinci D\u00fcnya Sava\u015f\u0131 ve Germanwings Kazas\u0131 gibi insanl\u0131\u011f\u0131n k\u0131r\u0131lma noktalar\u0131nda \u00f6nemi ve i\u015flevi anla\u015f\u0131lmaya ba\u015flanan Havac\u0131l\u0131k Psikolojisi\u2019nin T\u00fcrkiye\u2019de ilk enstit\u00fcs\u00fc olan \u0130stanbul \u00dcniversitesi Havac\u0131l\u0131k Psikolojisi Ara\u015ft\u0131rmalar\u0131 Enstit\u00fcs\u00fc de uluslararas\u0131 platformlarda ara\u015ft\u0131rmalar\u0131 ve bilimsel \u00e7al\u0131\u015fmalar\u0131yla dikkatleri \u00fczerine \u00e7ekmeye devam ediyor.<\/p>\n\n\n\n<figure class=\"wp-block-gallery columns-1 is-cropped wp-block-gallery-1 is-layout-flex wp-block-gallery-is-layout-flex\"><ul class=\"blocks-gallery-grid\"><li class=\"blocks-gallery-item\"><figure><img decoding=\"async\" width=\"680\" height=\"1024\" src=\"https:\/\/iletim.istanbul.edu.tr\/wp-content\/uploads\/DSC_0041-1-680x1024.jpg\" alt=\"\" data-id=\"17399\" data-full-url=\"https:\/\/iletim.istanbul.edu.tr\/wp-content\/uploads\/DSC_0041-1-scaled.jpg\" data-link=\"https:\/\/iletim.istanbul.edu.tr\/?attachment_id=17399\" class=\"wp-image-17399\" srcset=\"https:\/\/iletim.istanbul.edu.tr\/wp-content\/uploads\/DSC_0041-1-680x1024.jpg 680w, https:\/\/iletim.istanbul.edu.tr\/wp-content\/uploads\/DSC_0041-1-199x300.jpg 199w, https:\/\/iletim.istanbul.edu.tr\/wp-content\/uploads\/DSC_0041-1-1020x1536.jpg 1020w, https:\/\/iletim.istanbul.edu.tr\/wp-content\/uploads\/DSC_0041-1-1360x2048.jpg 1360w, https:\/\/iletim.istanbul.edu.tr\/wp-content\/uploads\/DSC_0041-1-scaled.jpg 1700w\" sizes=\"(max-width: 680px) 100vw, 680px\" \/><\/figure><\/li><\/ul><figcaption class=\"blocks-gallery-caption\">\u0130stanbul \u00dcniversitesi Havac\u0131l\u0131k Psikolojisi Ara\u015ft\u0131rmalar\u0131 Enstit\u00fcs\u00fc Binas\u0131<\/figcaption><\/figure>\n\n\n\n<p>\u0130stanbul \u00dcniversitesi ve T\u00fcrk Hava Yollar\u0131 i\u015fbirli\u011fi ile 2017 y\u0131l\u0131nda kurulan Havac\u0131l\u0131k Psikolojisi Ara\u015ft\u0131rmalar\u0131 Enstit\u00fcs\u00fc, \u00f6ncelikli olarak ba\u015fta pilotlar olmak \u00fczere, havac\u0131l\u0131k alan\u0131nda \u00e7al\u0131\u015facak insan kayna\u011f\u0131n\u0131n bilimsel y\u00f6ntemlerle se\u00e7imi, psikolojik ve fiziksel sa\u011fl\u0131klar\u0131n\u0131n korunmas\u0131, havac\u0131l\u0131k alan\u0131na \u00f6zg\u00fc fiziksel ve psikolojik stres fakt\u00f6rleriyle etkili bi\u00e7imde ba\u015fa \u00e7\u0131kmalar\u0131n\u0131n sa\u011flanmas\u0131 konular\u0131nda ara\u015ft\u0131rmalar yaparak bilimsel bilgi \u00fcretmeyi hedefliyor. Ayn\u0131 zamanda da havac\u0131l\u0131k psikolojisi alan\u0131nda var olan bilgi birikiminden yararlanarak havac\u0131l\u0131k sekt\u00f6r\u00fcn\u00fcn ihtiya\u00e7lar\u0131n\u0131 kar\u015f\u0131lamaya y\u00f6nelik uygulamalar ger\u00e7ekle\u015ftirmeyi hedefliyor.<\/p>\n\n\n\n<figure class=\"wp-block-image size-large is-resized\"><img decoding=\"async\" src=\"https:\/\/iletim.istanbul.edu.tr\/wp-content\/uploads\/ADiRVC3F_400x400.jpg\" alt=\"\" class=\"wp-image-17457\" width=\"215\" height=\"215\" srcset=\"https:\/\/iletim.istanbul.edu.tr\/wp-content\/uploads\/ADiRVC3F_400x400.jpg 400w, https:\/\/iletim.istanbul.edu.tr\/wp-content\/uploads\/ADiRVC3F_400x400-300x300.jpg 300w, https:\/\/iletim.istanbul.edu.tr\/wp-content\/uploads\/ADiRVC3F_400x400-150x150.jpg 150w\" sizes=\"(max-width: 215px) 100vw, 215px\" \/><\/figure>\n\n\n\n<p>T\u00fcrkiye\u2019nin ilk Havac\u0131l\u0131k Psikolojisi Enstit\u00fcs\u00fc, \u0130stanbul\n\u00dcniversitesi Havac\u0131l\u0131k Psikolojisi Ara\u015ft\u0131rmalar\u0131 Enstit\u00fcs\u00fc M\u00fcd\u00fcr\u00fc Prof.Dr.\nP\u0131nar \u00dcnsal\u200b ve \u00d6\u011fr.G\u00f6r. Seda \u00c7eken ile havac\u0131l\u0131k psikolojisi alan\u0131n\u0131,\ni\u015flevini, gelece\u011fini ve enstit\u00fcy\u00fc konu\u015ftuk.<\/p>\n\n\n\n<p><\/p>\n\n\n\n<figure class=\"wp-block-gallery columns-1 is-cropped wp-block-gallery-2 is-layout-flex wp-block-gallery-is-layout-flex\"><ul class=\"blocks-gallery-grid\"><li class=\"blocks-gallery-item\"><figure><img decoding=\"async\" width=\"1024\" height=\"680\" src=\"https:\/\/iletim.istanbul.edu.tr\/wp-content\/uploads\/DSC_0020-1-1024x680.jpg\" alt=\"\" data-id=\"17398\" data-full-url=\"https:\/\/iletim.istanbul.edu.tr\/wp-content\/uploads\/DSC_0020-1-scaled.jpg\" data-link=\"https:\/\/iletim.istanbul.edu.tr\/?attachment_id=17398\" class=\"wp-image-17398\" srcset=\"https:\/\/iletim.istanbul.edu.tr\/wp-content\/uploads\/DSC_0020-1-1024x680.jpg 1024w, https:\/\/iletim.istanbul.edu.tr\/wp-content\/uploads\/DSC_0020-1-300x199.jpg 300w, https:\/\/iletim.istanbul.edu.tr\/wp-content\/uploads\/DSC_0020-1-1536x1020.jpg 1536w, https:\/\/iletim.istanbul.edu.tr\/wp-content\/uploads\/DSC_0020-1-2048x1360.jpg 2048w\" sizes=\"(max-width: 1024px) 100vw, 1024px\" \/><figcaption class=\"blocks-gallery-item__caption\"> Havac\u0131l\u0131k Psikolojisi Ara\u015ft\u0131rmalar\u0131 Enstit\u00fcs\u00fc M\u00fcd\u00fcr\u00fc Prof.Dr. P\u0131nar \u00dcnsal\u200b ve \u00d6\u011fr.G\u00f6r. Seda \u00c7eken <\/figcaption><\/figure><\/li><\/ul><\/figure>\n\n\n\n<p><strong>Havac\u0131l\u0131k Psikolojisi Ara\u015ft\u0131rmalar\u0131 Enstit\u00fcs\u00fc Nas\u0131l Kuruldu?<\/strong><\/p>\n\n\n\n<p>Enstit\u00fcn\u00fcn kurulma s\u00fcrecinin ilk olarak \u0130stanbul \u00dcniversitesi ile T\u00fcrk Hava Yollar\u0131 aras\u0131nda ger\u00e7ekle\u015ftirilen baz\u0131 g\u00f6r\u00fc\u015fmeler ve protokoller sonucunda ba\u015flad\u0131\u011f\u0131n\u0131 belirten Prof.Dr. P\u0131nar \u00dcnsal, \u201cO zaman i\u00e7in T\u00fcrk Hava Yollar\u0131, ikinci pilot aday adaylar\u0131n\u0131n se\u00e7im s\u00fcrecinin yerli bir kurum taraf\u0131ndan ger\u00e7ekle\u015ftirilmesini istiyordu. \u0130stanbul \u00dcniversitesi personelinin aday adaylar\u0131n\u0131 de\u011ferlendirmede rol oynayabilece\u011fi d\u00fc\u015f\u00fcn\u00fcld\u00fc. Dolay\u0131s\u0131yla biz havac\u0131l\u0131k alan\u0131ndaki \u00e7al\u0131\u015fmalara ilk olarak T\u00fcrk Hava Yollar\u0131 ile ortak \u00e7al\u0131\u015fmalar yaparak ba\u015flad\u0131k. 2017\u2019den pandemiye kadar ge\u00e7en s\u00fcre\u00e7te de bu \u00e7al\u0131\u015fmalar\u0131 yapmaya devam ettik. \u0130lk y\u0131l\u0131n sonunda yapt\u0131\u011f\u0131m\u0131z \u00e7al\u0131\u015fmalar\u0131 halihaz\u0131rda hizmet ald\u0131klar\u0131 kurumun \u00e7al\u0131\u015fmalar\u0131yla kar\u015f\u0131la\u015ft\u0131rd\u0131lar. \u0130yi oldu\u011funa karar verdiler. Sonra \u0130stanbul \u00dcniversitesi, THY U\u00e7u\u015f Akademisine se\u00e7ilecek pilot adaylar\u0131n\u0131n se\u00e7im s\u00fcrecini \u00fcstlendi\u201d diye konu\u015ftu.<\/p>\n\n\n\n<p><strong>\u201cPandemiden sonra\nbilimsel ara\u015ft\u0131rmalara a\u011f\u0131rl\u0131k verdik\u201d<\/strong><\/p>\n\n\n\n<p>Enstit\u00fcn\u00fcn ikinci pilot aday adaylar\u0131n\u0131n se\u00e7imi gibi pratik \u00e7al\u0131\u015fmalar \u00fczerine kuruldu\u011funu fakat pandemiden sonra akademik \u00e7al\u0131\u015fmalara a\u011f\u0131rl\u0131k verdiklerini ifade eden \u00dcnsal, \u201c T\u00fcrk Hava Yollar\u0131 ile ortakla\u015fa yapt\u0131\u011f\u0131m\u0131z i\u015flerden sonra, biraz da pandeminin etkisiyle i\u00e7 i\u015fleyi\u015fimize yo\u011funla\u015ft\u0131k. Aday adaylar\u0131n\u0131n m\u00fclakatlar\u0131n\u0131 ger\u00e7ekle\u015ftiriyorduk ama ayn\u0131 zamanda enstit\u00fcm\u00fczde y\u00fcksek lisans program\u0131 kurmak i\u00e7in \u00e7al\u0131\u015fmalar\u0131m\u0131z\u0131 ba\u015flatm\u0131\u015ft\u0131k. 2018 y\u0131l\u0131nda \u201cHavac\u0131l\u0131k Psikolojisi\u201d Anabilim dal\u0131 kuruldu. 2019 y\u0131l\u0131nda ise \u201cHavac\u0131l\u0131k Psikolojisi\u201d alan\u0131nda Y\u00fcksek Lisans program\u0131 kuruldu\u201d \u015feklinde konu\u015ftu.<\/p>\n\n\n\n<p><strong>Havac\u0131l\u0131k Psikolojisi\nnedir? Hangi alanlarla ilgilenir? \u0130\u015flevi nedir?<\/strong><\/p>\n\n\n\n<p>Havac\u0131l\u0131k psikolojisinin d\u00fcnyada ilk olarak Birinci D\u00fcnya Sava\u015f\u0131nda\npilot se\u00e7imleriyle g\u00fcndeme geldi\u011fini s\u00f6yleyen \u00d6\u011fr.G\u00f6r. Seda \u00c7eken, &nbsp;havac\u0131l\u0131k psikolojisinin ser\u00fcvenini k\u0131saca\n\u015f\u00f6yle \u00f6zetliyor: <\/p>\n\n\n\n<p>&nbsp;\u201c Birinci D\u00fcnya Sava\u015f\u0131 d\u00f6neminde en iyi pilot aday\u0131n\u0131 nas\u0131l bulabiliriz niyetiyle yola \u00e7\u0131k\u0131l\u0131yor. Tabii burada daha \u00e7ok askeri havac\u0131l\u0131ktan bahsediyoruz. O d\u00f6nemde do\u011frudan bu i\u015fi yapanlara havac\u0131l\u0131k psikolo\u011fu denilmiyor. T\u0131ptan, fizyolojiden, psikolojiden ve bununla ba\u011flant\u0131l\u0131 alanlardan gelen insanlar bu se\u00e7imleri yap\u0131yor. \u0130kinci D\u00fcnya Sava\u015f\u0131&#8217;na kadar da bu \u015fekilde devam ediyor. Sadece pilot adaylar\u0131n\u0131n se\u00e7ilmesi, yerle\u015ftirilmesi ve de\u011ferlendirilmesi \u00fczerine bir tak\u0131m \u00e7al\u0131\u015fmalar yap\u0131l\u0131yor. Bunun akabinde \u0130kinci D\u00fcnya Sava\u015f\u0131 d\u00f6neminde havac\u0131l\u0131k psikolojisi anlam\u0131nda y\u00fcksekli\u011fe, \u0131s\u0131ya, s\u0131cakl\u0131\u011fa, g\u00fcr\u00fclt\u00fcye, G noktas\u0131 dedi\u011fimiz \u00e7ekim kuvvetlerinin etkilerine de bak\u0131l\u0131yor.\u201d<\/p>\n\n\n\n<p>Havac\u0131l\u0131k psikolojisinin pratik anlamda geli\u015fmesinin yan\u0131nda akademik anlamda geli\u015fmesinden de bahseden \u00c7eken, \u201c&nbsp; Ohio Devlet \u00dcniversitesi\u2019nde &nbsp;1945 y\u0131l\u0131nda ilk havac\u0131l\u0131k enstit\u00fcs\u00fc kuruluyor. Ohio Devlet Havac\u0131l\u0131k Psikolojisi Laboratuvar\u0131, 1949 y\u0131l\u0131nda Paul Fitts\u2019in y\u00f6netiminde a\u00e7\u0131l\u0131yor. Havac\u0131l\u0131k psikolojisinde kayda de\u011fer \u00f6zel bir ba\u015fka akademik program da 1960\u2019lar\u0131n sonlar\u0131nda Heidelberg Koleji&#8217;nde ba\u015fl\u0131yor. Bunun devam\u0131nda da Bat\u0131 Avrupa Havac\u0131l\u0131k Psikolojisi Birli\u011fi bu geli\u015fmeyi takip ediyor.&#8221; diyerek alana ili\u015fkin akademik \u00e7al\u0131\u015fmalar\u0131n ba\u015flad\u0131\u011f\u0131n\u0131 belirtiyor.<\/p>\n\n\n\n<p>&#8216;Havac\u0131l\u0131k Psikolojisi&#8217; ve &#8216;Havac\u0131l\u0131k Psikiyatrisi&#8217; nin, &nbsp;Havac\u0131l\u0131k T\u0131bb\u0131&#8217;n\u0131n alt anabilim dallar\u0131 oldu\u011funun alt\u0131n\u0131 \u00e7izen \u00c7eken, Havac\u0131l\u0131k Psikolojisi\u2019nin Havac\u0131l\u0131k Psikiyatrisi\u2019nden ayr\u0131lan \u00f6zelliklerini de \u015f\u00f6yle a\u00e7\u0131klad\u0131: \u201cHavac\u0131l\u0131k psikiyatrisinde daha \u00e7ok ruhsal anlamda bir tak\u0131m takipler ve de\u011ferlendirmeler yap\u0131l\u0131yor, gerek havac\u0131l\u0131k personellerinin gerek ise yolcular\u0131n ruhsal anlamda tan\u0131lar\u0131n\u0131n konuldu\u011fu ve tedavilerinin yap\u0131ld\u0131\u011f\u0131 bir yol izlenirken; Havac\u0131l\u0131k Psikolojisi&#8217;nde psikolojik anlamda de\u011ferlendirmelerden bahsediyoruz. U\u00e7u\u015f korkusu, u\u00e7u\u015f stresi, liderlik, ekip kaynaklar\u0131, yolcular\u0131n stres kaynaklar\u0131  Havac\u0131l\u0131k Psikolojisi&#8217;nin alan\u0131na giriyor\u201d <\/p>\n\n\n\n<p><strong>Germanwings Kazas\u0131 ve\nHavac\u0131l\u0131k Psikolojisi<\/strong><\/p>\n\n\n\n<p>Havac\u0131l\u0131k Psikoloji ara\u015ft\u0131rmalar\u0131n\u0131n yo\u011funla\u015fmas\u0131n\u0131n ve bu alan\u0131n \u00f6neminin artmas\u0131n\u0131n en b\u00fcy\u00fck etkenlerinden birinin 2015 y\u0131l\u0131nda ya\u015fanan Germanwings kazas\u0131 oldu\u011funu belirten \u00c7eken, &nbsp;\u201cBu kazan\u0131n di\u011fer u\u00e7ak kazalar\u0131ndan \u00e7ok \u00f6nemli bir fark\u0131 vard\u0131. Bir pilot, depresyon sebebiyle intihar etti yani kasti olarak u\u00e7a\u011f\u0131 Alp Da\u011flar\u0131\u2019na \u00e7arpt\u0131. Bu kazadan sonra Havac\u0131l\u0131k Psikolojisi&#8217;nin \u00f6nemi daha da artt\u0131. D\u00fcnyan\u0131n d\u00f6rt bir yan\u0131nda ara\u015ft\u0131rmalar yap\u0131ld\u0131, enstit\u00fcler kurulmaya ba\u015fland\u0131\u201d <\/p>\n\n\n\n<p>Germanwings u\u00e7ak kazas\u0131nda psikolojik problemler ya\u015fayan yard\u0131mc\u0131 pilotun intihar giri\u015fimiyle u\u00e7akta bulunan &nbsp;144 yolcu, 6 m\u00fcrettebat hayat\u0131n\u0131 kaybetmi\u015fti. <\/p>\n\n\n\n<p><strong>Bir havac\u0131l\u0131k\npsikolo\u011fu ne yapar? Mezun olduktan sonra ne i\u015f yapar?<\/strong><\/p>\n\n\n\n<p>Bir havac\u0131l\u0131k psikolo\u011funun g\u00f6revinin do\u011fru aday\u0131 bulmak,\nse\u00e7mek ve yerle\u015ftirmek oldu\u011funu belirten \u00c7eken, havac\u0131l\u0131k psikolo\u011funun\ng\u00f6revlerini \u015f\u00f6yle s\u0131ralad\u0131:<\/p>\n\n\n\n<p>-Gerek u\u00e7u\u015f personeli anlam\u0131nda gerek yolcular anlam\u0131nda bir tak\u0131m stres fakt\u00f6rlerini saptamak ve bunlar\u0131 \u00e7\u00f6zmeye odakl\u0131 bir tak\u0131m faaliyetlerde bulunmak.<\/p>\n\n\n\n<p>-Tak\u0131m odakl\u0131 \u00e7al\u0131\u015fmalar\u0131n ve ileti\u015fimin g\u00fc\u00e7lendirilmesine y\u00f6nelik bir tak\u0131m \u00e7al\u0131\u015fmalar\u0131n desteklenmesini y\u00fcr\u00fctmek.<\/p>\n\n\n\n<p>-Her g\u00fcn de\u011fi\u015fen bir tak\u0131m teknolojik gereklilikler\nkonusunda havac\u0131l\u0131k personellerinin ve havac\u0131l\u0131k \u015firketlerinin bu gerekliliklere\nuyum sa\u011flamas\u0131na yard\u0131mc\u0131 olmak.<\/p>\n\n\n\n<p>Yine Havac\u0131l\u0131k Psikolojisi Ara\u015ft\u0131rmalar\u0131 Enstit\u00fcs\u00fc\u2019nden mezun olan \u00f6\u011frencilerin akademik anlamda ilerleyip bilimsel \u00e7al\u0131\u015fmalara katk\u0131lar sunabilece\u011finin alt\u0131n\u0131 \u00e7izen \u00c7eken, en temel ama\u00e7lar\u0131ndan birinin de Havac\u0131l\u0131k Psikolojisi alan\u0131nda bilimsel eserler \u00fcretmek oldu\u011funu s\u00f6yledi. <\/p>\n\n\n\n<p><strong>&nbsp; Enstit\u00fcn\u00fcn yapt\u0131\u011f\u0131 ve yapmay\u0131 planlad\u0131\u011f\u0131 \u00e7al\u0131\u015fmalar nelerdir?<\/strong><\/p>\n\n\n\n<p>Kuruldu\u011fu g\u00fcnden beri akademik \u00e7al\u0131\u015fmalar yapmaya devam eden Havac\u0131l\u0131k Psikoloji Enstit\u00fcs\u00fc\u2019n\u00fcn uluslararas\u0131 sempozyumlarda yer ald\u0131\u011f\u0131n\u0131 ve bildiriler yay\u0131nlad\u0131\u011f\u0131n\u0131 belirten Prof.Dr. P\u0131nar \u00dcnsal ve \u00d6\u011fr.G\u00f6r. Seda \u00c7eken, akademik \u00e7al\u0131\u015fmalar\u0131na devam ettiklerini ve Eyl\u00fcl ay\u0131nda Cebelitar\u0131k\u2019ta ger\u00e7ekle\u015fecek olan Uluslararas\u0131 Havac\u0131l\u0131k Sempozyumu&#8217;na da 3 bildiri ile kat\u0131lacaklar\u0131n\u0131 s\u00f6yledi. Bununla beraber yak\u0131n tarihte bir \u00e7al\u0131\u015ftay yapmay\u0131 planlad\u0131klar\u0131n\u0131 ve bu \u00e7al\u0131\u015ftayda gerek akademiden gerek sekt\u00f6rden alan\u0131n \u00f6nc\u00fcleri olarak nitelendirilebilecek ki\u015fileri \u00e7a\u011f\u0131r\u0131p \u00f6\u011frencilerle bulu\u015fturmay\u0131 hedeflediklerini belirttiler. <\/p>\n\n\n\n<p>Havac\u0131l\u0131k alan\u0131nda deneyimli pilotlar\u0131n ve u\u00e7u\u015f g\u00f6revlilerin farkl\u0131 alanlarda kaleme ald\u0131\u011f\u0131 \u00e7al\u0131\u015fmalar\u0131n da yer ald\u0131\u011f\u0131 25 b\u00f6l\u00fcml\u00fck edit\u00f6ryal kitaplar\u0131n\u0131n da yak\u0131n zamanda yay\u0131nlanacaklar\u0131n\u0131 belirten Prof. Dr. P\u0131nar \u00dcnsal, \u201c \u00c7ok geni\u015f \u00e7apl\u0131 bir kitap projemiz de yay\u0131nlanmaya haz\u0131r. Hem akademisyenlerin hem de havac\u0131l\u0131k alan\u0131nda deneyimli insanlar\u0131n \u00e7al\u0131\u015fmalar\u0131n\u0131n oldu\u011fu bu kitap, d\u00fcnyada havac\u0131l\u0131k psikolojisi alan\u0131nda \u00f6nemli bir \u00e7al\u0131\u015fma olmaya aday\u201d diye konu\u015ftu.<\/p>\n\n\n\n<p>Havac\u0131l\u0131k Psikoloji Ara\u015ft\u0131rmalar\u0131 Enstit\u00fcs\u00fc&#8217;n\u00fcn \u00e7al\u0131\u015fmalar\u0131n\u0131 web sitesinden ve sosyal medya hesaplar\u0131ndan takip edebilirsiniz.<\/p>\n\n\n\n<p><a href=\"https:\/\/havacilikpsikolojisi.istanbul.edu.tr\/tr\/_\">https:\/\/havacilikpsikolojisi.istanbul.edu.tr\/tr\/_<\/a><\/p>\n\n\n\n<p><a href=\"https:\/\/twitter.com\/iuhavac\">https:\/\/twitter.com\/iuhavac<\/a><\/p>\n\n\n\n<p><a href=\"https:\/\/www.instagram.com\/iuhavacilik\/\">https:\/\/www.instagram.com\/iuhavacilik\/<\/a><\/p>\n\n\n\n<p><\/p>\n","protected":false},"excerpt":{"rendered":"<p>Haber-Foto\u011fraf: Mazlum BUCUKA \u0130nsanlar\u0131n ku\u015flar\u0131 taklit ederek ba\u015flayan u\u00e7ma ser\u00fcveni, teknolojinin geli\u015fmesiyle bug\u00fcn bamba\u015fka bir boyut kazand\u0131. Art\u0131k insanlar, daha b\u00fcy\u00fck ama daha hafif ara\u00e7larla, daha uzaklara daha h\u0131zl\u0131 ve g\u00fcvenli bir \u015fekilde seyahat edebiliyorlar. Bununla beraber bu u\u00e7u\u015flar\u0131n g\u00fcvenli ve konforlu olabilmesi i\u00e7in farkl\u0131 sekt\u00f6rler ve bilim dallar\u0131 da geli\u015fiyor. Havac\u0131l\u0131k psikolojisi de gittik\u00e7e [&hellip;]<\/p>\n","protected":false},"author":14,"featured_media":17456,"comment_status":"open","ping_status":"open","sticky":false,"template":"","format":"standard","meta":{"jnews-multi-image_gallery":[],"jnews_single_post":{"subtitle":"","format":"standard"},"jnews_primary_category":[],"jnews_social_meta":[],"jnews_override_counter":[],"footnotes":""},"categories":[24,1,34],"tags":[2005,2006,43,1288],"class_list":["post-17397","post","type-post","status-publish","format-standard","has-post-thumbnail","hentry","category-bilim","category-genel","category-universite","tag-havacilik","tag-havacilik-psikolojisi","tag-istanbul-universitesi","tag-psikoloji"],"_links":{"self":[{"href":"https:\/\/iletim.istanbul.edu.tr\/index.php\/wp-json\/wp\/v2\/posts\/17397","targetHints":{"allow":["GET"]}}],"collection":[{"href":"https:\/\/iletim.istanbul.edu.tr\/index.php\/wp-json\/wp\/v2\/posts"}],"about":[{"href":"https:\/\/iletim.istanbul.edu.tr\/index.php\/wp-json\/wp\/v2\/types\/post"}],"author":[{"embeddable":true,"href":"https:\/\/iletim.istanbul.edu.tr\/index.php\/wp-json\/wp\/v2\/users\/14"}],"replies":[{"embeddable":true,"href":"https:\/\/iletim.istanbul.edu.tr\/index.php\/wp-json\/wp\/v2\/comments?post=17397"}],"version-history":[{"count":0,"href":"https:\/\/iletim.istanbul.edu.tr\/index.php\/wp-json\/wp\/v2\/posts\/17397\/revisions"}],"wp:featuredmedia":[{"embeddable":true,"href":"https:\/\/iletim.istanbul.edu.tr\/index.php\/wp-json\/wp\/v2\/media\/17456"}],"wp:attachment":[{"href":"https:\/\/iletim.istanbul.edu.tr\/index.php\/wp-json\/wp\/v2\/media?parent=17397"}],"wp:term":[{"taxonomy":"category","embeddable":true,"href":"https:\/\/iletim.istanbul.edu.tr\/index.php\/wp-json\/wp\/v2\/categories?post=17397"},{"taxonomy":"post_tag","embeddable":true,"href":"https:\/\/iletim.istanbul.edu.tr\/index.php\/wp-json\/wp\/v2\/tags?post=17397"}],"curies":[{"name":"wp","href":"https:\/\/api.w.org\/{rel}","templated":true}]}}