{"id":17402,"date":"2022-04-19T14:55:38","date_gmt":"2022-04-19T11:55:38","guid":{"rendered":"https:\/\/iletim.istanbul.edu.tr\/?p=17402"},"modified":"2022-04-21T02:46:28","modified_gmt":"2022-04-20T23:46:28","slug":"gazetecilik-sadece-bir-meslek-degildir-sizin-hayatinizin-bir-parcasidir","status":"publish","type":"post","link":"https:\/\/iletim.istanbul.edu.tr\/index.php\/2022\/04\/19\/gazetecilik-sadece-bir-meslek-degildir-sizin-hayatinizin-bir-parcasidir\/","title":{"rendered":"\u2018\u2019Gazetecilik sadece bir meslek de\u011fildir; sizin hayat\u0131n\u0131z\u0131n bir par\u00e7as\u0131d\u0131r\u2019\u2019"},"content":{"rendered":"\n<p><strong> Eymen Enes \u00c7al\u0131k, Berivan Erku\u015f, Petek Ba\u015fman <\/strong><\/p>\n\n\n\n<p>TRT Spor\u2019da program sunuculu\u011fu ve muhabirlik yapan Erbatur Ergenekon\u2019la spor ve spor muhabirli\u011fi \u00fczerine konu\u015ftuk. <\/p>\n\n\n\n<p><strong>&#8220;Spora a\u015f\u0131\u011f\u0131m&#8221;<\/strong><\/p>\n\n\n\n<p>Okula giderken spor gazetelerini ve sayfalar\u0131n\u0131 okudu\u011funu s\u00f6yleyen Erbatur Ergenekon: &#8220;A\u00e7\u0131k\u00e7as\u0131 daha okul zamanlar\u0131ndan beri spora ilgim \u00e7ok y\u00fcksek, hatta spora a\u015f\u0131\u011f\u0131m diyebilirim. Onsuz ya\u015famad\u0131m hi\u00e7.&#8221; dedi. Ergenekon; &#8221;\u00dcniversiteye girdi\u011fimizde arkada\u015flar \u2018Ne yapsam?\u2019 diye d\u00fc\u015f\u00fcn\u00fcrken ben ilk g\u00fcnden beri spor muhabirli\u011fini hedef olarak belirlemi\u015ftim, zaten hayalimde olan yola biraz daha odakland\u0131m. Lakers ko\u00e7u Philip&nbsp;Douglas&nbsp;Jackson\u2019\u0131n Kutsal \u00c7emberler diye bir kitab\u0131 vard\u0131. Bu kitab\u0131 okurken \u2018Bu i\u015fi yapmak istiyorum ben\u2019 demi\u015ftim. Ondan sonra s\u00fcre\u00e7 biraz ilerledi, stajlar falan derken \u00e7ok g\u00fczel bir \u015fekilde odaklanabildim ve  kariyerim ba\u015flad\u0131.\u2019\u2019 diye konu\u015ftu.<\/p>\n\n\n\n<p>&#8221;<strong>Bir \u015feyi sevece\u011fim diye zorlay\u0131nca sevemiyorsun\u2019\u2019<\/strong><\/p>\n\n\n\n<p>Farkl\u0131 spor dallar\u0131yla da ilgilenen Erbatur Ergenekon, sevdi\u011fi farkl\u0131 spor dallar\u0131n\u0131 ayn\u0131 anda nas\u0131l takip edebildi\u011fi sorusunu, hepsini ba\u015fka zamanlarda ba\u015fka \u015fekillerde takip etti\u011fini, futbol, Formula 1 ve basketbolun hayat\u0131ndaki yerinin ayr\u0131 oldu\u011funu dile getirerek, \u2018\u2019Ben B\u00fclent Orta\u00e7gil de dinlerim, yeri geldi\u011finde Orhan Gencebay da dinlerim ama Johnny Cash de dinlerim, Pinhani de dinlerim, Iron Maiden da dinliyorum. D\u0131\u015far\u0131dan bak\u0131nca baya kar\u0131\u015f\u0131k g\u00f6r\u00fcn\u00fcyor ama hepsinin yeri ayr\u0131. Bir de hepsini ayr\u0131 seviyorum galiba, onun m\u00fccadeleleri ayr\u0131. \u0130yi ko\u00e7lar\u0131n, iyi teknik direkt\u00f6rlerin ba\u015fka sporlar\u0131n i\u00e7eriklerinden faydaland\u0131\u011f\u0131 da s\u00f6ylenir. Bence bunlar da birbirine olumlu katk\u0131 yapan \u015feyler. Bug\u00fcn bir film izledi\u011finde bir dram filminden alaca\u011f\u0131n tat, aksiyon filminden farkl\u0131d\u0131r. Ben hep \u00f6yle yakla\u015ft\u0131m, \u00f6yle sevdim ama bir \u015feyi sevece\u011fim diye zorlamad\u0131m. Zaten bir \u015feyi sevece\u011fim diye zorlay\u0131nca sevemiyorsun genellikle, zorlama oluyor. \u0130\u00e7inden geldi\u011fi gibi yakla\u015fmak gerekiyor, ben de hep \u00f6yle yakla\u015ft\u0131m.\u2019\u2019  diye cevaplad\u0131.<\/p>\n\n\n\n<figure class=\"wp-block-image size-large\"><img decoding=\"async\" width=\"1024\" height=\"737\" src=\"https:\/\/iletim.istanbul.edu.tr\/wp-content\/uploads\/2EE-1024x737.png\" alt=\"\" class=\"wp-image-17404\" srcset=\"https:\/\/iletim.istanbul.edu.tr\/wp-content\/uploads\/2EE-1024x737.png 1024w, https:\/\/iletim.istanbul.edu.tr\/wp-content\/uploads\/2EE-300x216.png 300w, https:\/\/iletim.istanbul.edu.tr\/wp-content\/uploads\/2EE-1536x1106.png 1536w, https:\/\/iletim.istanbul.edu.tr\/wp-content\/uploads\/2EE-2048x1475.png 2048w, https:\/\/iletim.istanbul.edu.tr\/wp-content\/uploads\/2EE-536x386.png 536w\" sizes=\"(max-width: 1024px) 100vw, 1024px\" \/><\/figure>\n\n\n\n<p><strong>Futbolun ruhu<\/strong><\/p>\n\n\n\n<p>Futbolda istatistiklere dayal\u0131 izleme yapan &#8220;profesyonel izleyicilerin&#8221; futbolun ruhuna zarar verdi\u011fi d\u00fc\u015f\u00fcncesine kat\u0131l\u0131p kat\u0131lmad\u0131\u011f\u0131 hususundaki soru hakk\u0131nda Ergenekon, bu izleyici tipinin futbola ayr\u0131 bir hava katt\u0131\u011f\u0131n\u0131 s\u00f6yleyerek; &#8221;Zarar vermez, farkl\u0131 bir bak\u0131\u015f a\u00e7\u0131s\u0131 katar. Hayat devaml\u0131 geli\u015fim ve devinim i\u00e7inde olan bir \u015fey, o da ekleniyor. Onun ekleniyor olmas\u0131 \u00f6b\u00fcr\u00fcn\u00fcn \u00e7\u0131kaca\u011f\u0131 anlam\u0131na gelmiyor. \u00c7\u0131karmaya \u00e7al\u0131\u015fanlar oluyor i\u015fte, 12 kul\u00fcp futbola darbe yap\u0131p Avrupa S\u00fcper Ligi kurmaya \u00e7al\u0131\u015ft\u0131\u011f\u0131nda belki de b\u00f6yle bir \u015fey olaca\u011f\u0131n\u0131 hesaplad\u0131lar ama ona da bazen \u2018futbolda da oldu\u011fu gibi\u2019 olay\u0131n ya da olgunun ruhu izin vermez. Bu nedenle b\u00f6yle oluyor diye o da bozulacak de\u011fil. Ayr\u0131ca \u00e7ok g\u00fczel yakla\u015f\u0131mlar da oluyor mesela. \u00d6zellikle veriler ve veri analizlerinin okunmas\u0131 daha \u00e7ok \u015fey katt\u0131 oyuna. Olay \u015fu; hi\u00e7bir \u015feyi hayatta \u00e7ok robotikle\u015ftirmemek ama kurdu\u011fumuz hi\u00e7bir \u00e7at\u0131 alt\u0131ndan da matemati\u011fi \u00e7\u0131karmamam\u0131z laz\u0131m. Bir binay\u0131 s\u0131rf mimarisi g\u00fczel diye yapmaya kalkarsan o bina \u00e7\u00f6ker. Ama d\u00fcmd\u00fcz yapmaya \u00e7al\u0131\u015f\u0131rsan da i\u00e7indeki ruhu kaybedersin.\u2019\u2019 ifadelerini kulland\u0131.<\/p>\n\n\n\n<p><strong>\u2018\u2019Twitter\u2019\u0131n n\u00fcktedan bir yap\u0131s\u0131 var\u2019\u2019<\/strong><\/p>\n\n\n\n<p>Sosyal medyada payla\u015f\u0131mlar\u0131na yap\u0131lan yorumlardan k\u00f6t\u00fc etkilenmedi\u011fini, bir taraf\u0131n sesi olmak i\u00e7in payla\u015f\u0131m yapmad\u0131\u011f\u0131n\u0131 belirten Ergenekon &#8220;\u0130\u00e7imden geleni ya da \u00f6nemli bir haber varsa onu payla\u015f\u0131yorum, fikrimi payla\u015f\u0131yorum. Cevaplara \u00e7ok da al\u0131nm\u0131yorum. A\u00e7\u0131k\u00e7as\u0131, \u015fimdi insanlar bir otokontrol geli\u015ftirdiler, yazm\u0131yorlar art\u0131k ya da minimuma indiriyorlar, sadele\u015ftiriyorlar. \u00c7ok anormal bir \u015fey yazd\u0131\u011f\u0131m\u0131 d\u00fc\u015f\u00fcnm\u00fcyorum. Her \u015feyi yazmaya da gerek yok. \u00c7\u00fcnk\u00fc bir like ya da retweet iste\u011fiyle yapt\u0131\u011f\u0131m \u015feyler de\u011fil. Bazen yay\u0131nda da s\u00f6yl\u00fcyorum, n\u00fcktedan bir yap\u0131s\u0131 var ya Twitter\u2019\u0131n. \u00dc\u00e7 tane g\u00fclen y\u00fczl\u00fc cevap alm\u0131\u015f, niye yani? Anl\u0131yorum onu, n\u00fcktedan o. Onun da herhalde art\u0131k standarda oturdu\u011funun fark\u0131nday\u0131m. Bu y\u00fczden \u00e7ok da fazla al\u0131nganl\u0131k yapm\u0131yorum ama k\u0131r\u0131c\u0131 bir tarz\u0131m oldu\u011funu da d\u00fc\u015f\u00fcnm\u00fcyorum. Bu b\u00f6yledir diye d\u00fc\u015f\u00fcnebilirsin ama onun \u00fcslubu da \u00f6nemli.\u2019\u2019 \u015feklinde konu\u015ftu.<\/p>\n\n\n\n<p>Sosyal medyada \u2018Duygusal Erbatur\u2019 ba\u015fl\u0131\u011f\u0131yla payla\u015f\u0131lan kliplerinin, \u00f6zellikle payla\u015f\u0131lmas\u0131n\u0131 istemedi\u011fini, hi\u00e7bir zorlama olmadan do\u011fa\u00e7lama geli\u015fti\u011fini s\u00f6yleyen Ergenekon \u015funlar\u0131 s\u00f6yledi; &#8220;Ben hi\u00e7bir \u015feyi b\u00f6yle yapaca\u011f\u0131m diye yapmad\u0131m bug\u00fcne kadar. B\u00f6yle bir \u015fey oluyor diye de bunun \u00fczerine daha fazla y\u00fcklenmiyorum. Yani ben eskiden de b\u00f6yle konu\u015fuyordum ama o zaman b\u00f6yle dijital medya yo\u011funlu\u011fu yoktu, arkas\u0131na m\u00fczik atm\u0131yorlard\u0131. \u015eimdi eski programlardan da kesip koyuyorlar. Bu arada i\u00e7inden film, m\u00fczik, \u015fark\u0131, tiyatro ge\u00e7meyen spor da olmaz. Zaten hepsi birbirine ba\u011fl\u0131 \u015feyler bunlar\u0131n. O y\u00fczden hayat\u0131 da birbiri i\u00e7inde ya\u015famay\u0131 sevdi\u011fim i\u00e7in hi\u00e7 ay\u0131rm\u0131yorum. Hi\u00e7bir zorlama yok, hepsi do\u011fa\u00e7lama.\u2019\u2019 <\/p>\n\n\n\n<p><strong>&#8220;\u0130\u015fin olgusu: Keyfini kaybetmemek&#8221;<\/strong><\/p>\n\n\n\n<p>Meslek hayat\u0131nda \u00e7ok fazla heyecanland\u0131\u011f\u0131 an oldu\u011funu belirten Erbatur Ergenekon, \u2018&#8217;Hala daha heyecan duyuyorum, keyif alarak yap\u0131yorum, bence i\u015fi yapman\u0131n en \u00f6nemli olgusu bu, bu keyfi hi\u00e7 kaybetmemek, bu keyfin i\u00e7inde yer alabilmek. \u015e\u00f6yle s\u00f6yleyeyim, g\u00fczel bir ma\u00e7a gitti\u011fimde de keyifli bir yay\u0131n yapt\u0131\u011f\u0131mda da iyi bir r\u00f6portaj oldu\u011funda da, bir seyahate gidip daha \u00f6nce gitmedi\u011fim bir denizin, okyanusun, nehrin kenar\u0131nda otururken de ayr\u0131 bir heyecan duyuyorum san\u0131r\u0131m. Asl\u0131nda bunlar\u0131n hepsi birbirine ba\u011fl\u0131.\u2019\u2019 diye konu\u015ftu.<\/p>\n\n\n\n<p><strong>&#8220;Bir a\u015fk\u0131 payla\u015fmak ve bir payla\u015f\u0131ma a\u015f\u0131k olmak&#8221;<\/strong><\/p>\n\n\n\n<p>Oyuna dair hik\u00e2yeleri sevdi\u011fini s\u00f6yleyen Ergenekon; &#8220;Sevdi\u011fim \u00e7ok oyuncu var, Steve Gerrard\u2019\u0131 \u00e7ok severim, Liverpool\u2019u da sevdi\u011fimden. Aidiyetini de severim, tarz\u0131n\u0131 da severim. T\u00fcrkiye\u2019den de sevdi\u011fim futbolcular var. Sergen Yal\u00e7\u0131n\u2019\u0131, T\u00fcmer Metin\u2019i izlemeyi \u00e7ok severdim. \u00c7ok var yani, R\u0131dvan Hoca\u2019yla ayr\u0131 bir ba\u011f\u0131m\u0131z var. Haliyle ge\u00e7mi\u015ften bug\u00fcne sevdi\u011fim bir\u00e7ok futbolcu ssayar\u0131m.&#8221; dedi.<\/p>\n\n\n\n<p>Unutamad\u0131\u011f\u0131 \u00e7ok ma\u00e7 oldu\u011funu belirten, Ergenekon s\u00f6zlerine \u015f\u00f6yle devam etti; &#8221;2014 D\u00fcnya Kupas\u0131 Finali&#8217;ni unutamam. Messi D\u00fcnya Kupas\u0131\u2019n\u0131 alamad\u0131\u011f\u0131 i\u00e7in ger\u00e7ekten hayal k\u0131r\u0131kl\u0131\u011f\u0131 ya\u015fad\u0131m. Olay tam \u00f6n\u00fcmde ya\u015fand\u0131, stattayd\u0131m. Higuain g\u00f6z g\u00f6re g\u00f6re golleri ka\u00e7\u0131rd\u0131, Almanya kazand\u0131, ona \u00fcz\u00fcld\u00fcm. Tuttu\u011fum b\u00fct\u00fcn finalleri kaybediyorum. \u0130ngiltere-\u0130talya finalini izliyorduk Wembley\u2019de, orada da \u0130talya kazand\u0131. Yine \u0130ngiltere\u2019de Craven Cottage\u2019da \u0130talya-Nijerya ma\u00e7\u0131 izledim. Craven Cottage\u2019a \u00e2\u015f\u0131k olmu\u015ftum. Unutamad\u0131\u011f\u0131m bir\u00e7ok kar\u015f\u0131la\u015fma oluyor. Mesela Brezilya\u2019da Bahia diye bir yere gittik. Okyanus kenar\u0131nda bir tane deniz feneri var, festivaller var, insanlar e\u011fleniyor. Orada ma\u00e7a gitmi\u015ftim ama oran\u0131n festival hayat\u0131 ma\u00e7a da yans\u0131yor renklili\u011fi itibar\u0131yla. O y\u00fczden bunu da unutamam.\u2019\u2019<\/p>\n\n\n\n<figure class=\"wp-block-image size-large\"><img decoding=\"async\" width=\"1024\" height=\"912\" src=\"https:\/\/iletim.istanbul.edu.tr\/wp-content\/uploads\/3EE-1-1024x912.png\" alt=\"\" class=\"wp-image-17407\" srcset=\"https:\/\/iletim.istanbul.edu.tr\/wp-content\/uploads\/3EE-1-1024x912.png 1024w, https:\/\/iletim.istanbul.edu.tr\/wp-content\/uploads\/3EE-1-300x267.png 300w, https:\/\/iletim.istanbul.edu.tr\/wp-content\/uploads\/3EE-1-1536x1368.png 1536w, https:\/\/iletim.istanbul.edu.tr\/wp-content\/uploads\/3EE-1-2048x1824.png 2048w\" sizes=\"(max-width: 1024px) 100vw, 1024px\" \/><\/figure>\n\n\n\n<p><strong>&#8220;Gazetecilik sadece bir meslek de\u011fildir; o sizin hayat\u0131n\u0131z\u0131n bir par\u00e7as\u0131d\u0131r<\/strong>&#8220;<\/p>\n\n\n\n<p>Son olarak spor muhabiri olmak isteyen gen\u00e7lere deneyimlerini aktaran Erbatur Ergenekon; &#8220;Baz\u0131 gazeteci veya televizyonculardan tavsiye isterseniz size \u2018Bu mesle\u011fe girmeyin!\u2019 diyebilirler. Ben de zaman\u0131nda s\u00f6yle\u015filer yapt\u0131\u011f\u0131mda bu tarz cevaplar duydum ama bir g\u00fcn \u0130lter Ulu\u011f\u2019la muhabbet ederken \u0130lter abi g\u00fczel bir yakla\u015f\u0131mda bulunmu\u015ftu, ben hep o yakla\u015f\u0131ma kendimi yak\u0131n g\u00f6rd\u00fcm. \u015e\u00f6yle demi\u015fti: \u2018Tan\u0131d\u0131\u011f\u0131m insanlar\u0131 ve gitti\u011fim yerleri ya da yapt\u0131\u011f\u0131m \u015feyleri bu meslek sayesinde yapt\u0131m. E\u011fer bunu yapmay\u0131n dersem mesle\u011fe ihanet etti\u011fimi d\u00fc\u015f\u00fcn\u00fcr\u00fcm.\u2019 Ben de \u0130lter Abi&#8217;yle ayn\u0131 \u015fekilde d\u00fc\u015f\u00fcn\u00fcyorum. Bir de orada \u2018Kaliteli insanlar birbirini \u00e7eker\u2019 diye bir sohbet olmu\u015ftu. Kendi enerjinize yak\u0131n insanlarla bir hayat olu\u015fturun. Arkada\u015f \u00e7evresi, i\u015f \u00e7evresi ve ba\u015fkalar\u0131n\u0131n negatif \u00e7ekimlerinden etkilenmezseniz, bence hayallerinizi ger\u00e7ekle\u015ftirebilirsiniz.&#8221; diyerek s\u00f6zlerini \u015f\u00f6yle tamamlad\u0131;  &#8221;Bu bir kli\u015fe de\u011fil; \u00e7ok \u00e7al\u0131\u015fmak laz\u0131m. Mesela 2006\u2019da \u015fu an Fanatik Gazetesi\u2019nin d\u0131\u015f haberlerinde \u00e7al\u0131\u015fan \u00c7a\u011fr\u0131 Davran\u2019la Milliyet\u2019in Taktik ekini \u00e7\u0131kart\u0131yorduk. O zaman stajyer gibi \u00e7al\u0131\u015f\u0131rd\u0131k, evlerimize sabaha kar\u015f\u0131 d\u00f6nerdik. Arkada\u015flar\u0131m\u0131z e\u011flenmeye gitti\u011finde binada ikimiz kal\u0131yor, gazeteyi \u00e7\u0131kart\u0131yorduk. \u00c7ok \u00e7al\u0131\u015fmak gerekiyor, adanmak gerekiyor. Bence gazetecilik sadece bir meslek de\u011fildir, o sizin hayat\u0131n\u0131z\u0131n bir par\u00e7as\u0131d\u0131r. O y\u00fczden \u00e7ok \u00e7al\u0131\u015f\u0131yorsun de\u011fil, \u00e7al\u0131\u015fmayla ya\u015f\u0131yorsun. \u2018Sana g\u00fclm\u00fcyorum, seninle birlikte g\u00fcl\u00fcyorum.\u2019 gibi. \u00c7ok \u00e7al\u0131\u015f\u0131p \u00e7ok istenirse yap\u0131lamayacak \u015fey yok gazetecilikte. Televizyonda da olsan\u0131z, radyoda da olsan\u0131z gazetecisiniz bu arada. Haberci ve yay\u0131nc\u0131, bunlar biraz i\u00e7 i\u00e7e ge\u00e7mi\u015f kavramlar bence.\u2019\u2019<\/p>\n","protected":false},"excerpt":{"rendered":"<p>Eymen Enes \u00c7al\u0131k, Berivan Erku\u015f, Petek Ba\u015fman TRT Spor\u2019da program sunuculu\u011fu ve muhabirlik yapan Erbatur Ergenekon\u2019la spor ve spor muhabirli\u011fi \u00fczerine konu\u015ftuk. &#8220;Spora a\u015f\u0131\u011f\u0131m&#8221; Okula giderken spor gazetelerini ve sayfalar\u0131n\u0131 okudu\u011funu s\u00f6yleyen Erbatur Ergenekon: &#8220;A\u00e7\u0131k\u00e7as\u0131 daha okul zamanlar\u0131ndan beri spora ilgim \u00e7ok y\u00fcksek, hatta spora a\u015f\u0131\u011f\u0131m diyebilirim. Onsuz ya\u015famad\u0131m hi\u00e7.&#8221; dedi. Ergenekon; &#8221;\u00dcniversiteye girdi\u011fimizde arkada\u015flar [&hellip;]<\/p>\n","protected":false},"author":14,"featured_media":17406,"comment_status":"open","ping_status":"open","sticky":false,"template":"","format":"standard","meta":{"jnews-multi-image_gallery":[],"jnews_single_post":{"subtitle":"","format":"standard"},"jnews_primary_category":[],"jnews_social_meta":[],"jnews_override_counter":[],"footnotes":""},"categories":[159,33],"tags":[],"class_list":["post-17402","post","type-post","status-publish","format-standard","has-post-thumbnail","hentry","category-sag-manset","category-spor"],"_links":{"self":[{"href":"https:\/\/iletim.istanbul.edu.tr\/index.php\/wp-json\/wp\/v2\/posts\/17402","targetHints":{"allow":["GET"]}}],"collection":[{"href":"https:\/\/iletim.istanbul.edu.tr\/index.php\/wp-json\/wp\/v2\/posts"}],"about":[{"href":"https:\/\/iletim.istanbul.edu.tr\/index.php\/wp-json\/wp\/v2\/types\/post"}],"author":[{"embeddable":true,"href":"https:\/\/iletim.istanbul.edu.tr\/index.php\/wp-json\/wp\/v2\/users\/14"}],"replies":[{"embeddable":true,"href":"https:\/\/iletim.istanbul.edu.tr\/index.php\/wp-json\/wp\/v2\/comments?post=17402"}],"version-history":[{"count":0,"href":"https:\/\/iletim.istanbul.edu.tr\/index.php\/wp-json\/wp\/v2\/posts\/17402\/revisions"}],"wp:featuredmedia":[{"embeddable":true,"href":"https:\/\/iletim.istanbul.edu.tr\/index.php\/wp-json\/wp\/v2\/media\/17406"}],"wp:attachment":[{"href":"https:\/\/iletim.istanbul.edu.tr\/index.php\/wp-json\/wp\/v2\/media?parent=17402"}],"wp:term":[{"taxonomy":"category","embeddable":true,"href":"https:\/\/iletim.istanbul.edu.tr\/index.php\/wp-json\/wp\/v2\/categories?post=17402"},{"taxonomy":"post_tag","embeddable":true,"href":"https:\/\/iletim.istanbul.edu.tr\/index.php\/wp-json\/wp\/v2\/tags?post=17402"}],"curies":[{"name":"wp","href":"https:\/\/api.w.org\/{rel}","templated":true}]}}