{"id":17418,"date":"2022-04-18T22:33:34","date_gmt":"2022-04-18T19:33:34","guid":{"rendered":"https:\/\/iletim.istanbul.edu.tr\/?p=17418"},"modified":"2022-04-18T22:35:39","modified_gmt":"2022-04-18T19:35:39","slug":"iu-iletisim-fakultesinden-yeni-akademik-dergi-4-boyut-medya-ve-kulturel-calismalar-dergisi","status":"publish","type":"post","link":"https:\/\/iletim.istanbul.edu.tr\/index.php\/2022\/04\/18\/iu-iletisim-fakultesinden-yeni-akademik-dergi-4-boyut-medya-ve-kulturel-calismalar-dergisi\/","title":{"rendered":"\u0130\u00dc \u0130leti\u015fim Fak\u00fcltesi&#8217;nden yeni akademik dergi:             4. Boyut\/ Medya ve K\u00fclt\u00fcrel \u00c7al\u0131\u015fmalar Dergisi"},"content":{"rendered":"\n<p>\u0130stanbul \u00dcniversitesi \u0130leti\u015fim Fak\u00fcltesi b\u00fcnyesinde 1990 \u2013 1998 y\u0131llar\u0131 aras\u0131nda akt\u00fcel bir dergi olarak yay\u0131mlanan 4. Boyut Dergisi\u2019nin i\u00e7eri\u011fi de\u011fi\u015ftirilerek hakemli bilimsel bir dergiye d\u00f6n\u00fc\u015ft\u00fcr\u00fcld\u00fc. 4. Boyut \/ Medya ve K\u00fclt\u00fcrel \u00c7al\u0131\u015fmalar Dergisi ad\u0131 ile y\u0131lda iki kez, Nisan ve Ekim aylar\u0131nda elektronik olarak yay\u0131mlanacak dergi, medya ve k\u00fclt\u00fcr alanlar\u0131nda y\u00fcr\u00fct\u00fclen bilimsel \u00e7al\u0131\u015fmalara yer verecek. Yay\u0131n dilinin T\u00fcrk\u00e7e olaca\u011f\u0131 ancak \u0130ngilizce makalelerin de yay\u0131mlanaca\u011f\u0131 dergide, k\u00fclt\u00fcrel \u00e7al\u0131\u015fmalar alan\u0131nda  \u2018Ara\u015ft\u0131rma Makalesi, \u0130nceleme Makalesi, De\u011ferlendirme, \u00c7eviri, S\u00f6yle\u015fi, G\u00f6r\u00fc\u015f ve Kitap Ele\u015ftirisi\u2019 olmak \u00fczere her t\u00fcrl\u00fc \u00f6zg\u00fcn akademik \u00e7al\u0131\u015fma yer alabilecek. <\/p>\n\n\n\n<p>4. Boyut \/ Medya ve K\u00fclt\u00fcrel \u00c7al\u0131\u015fmalar Dergisi, k\u00fclt\u00fcrel \u00e7al\u0131\u015fmalar alan\u0131na her say\u0131s\u0131 ile ayr\u0131 bir tema \u00fczerinden, \u00f6zg\u00fcn, nitelikli ve bilimsel katk\u0131 sa\u011flamay\u0131 hedefleyen, \u00fccretsiz ve a\u00e7\u0131k eri\u015fimli olarak yay\u0131mlanan hakemli bir dergi olma niteli\u011fi ta\u015f\u0131yor. <\/p>\n\n\n\n<p>K\u00fclt\u00fcrel \u00e7al\u0131\u015fmalar alan\u0131yla ilgili yay\u0131mda bulunman\u0131n ve yeni perspektiflere yer verilmesinin ama\u00e7land\u0131\u011f\u0131 dergi, bu ama\u00e7 do\u011frultusunda medya ve ileti\u015fim \u00e7al\u0131\u015fmalar\u0131 i\u00e7erisinde geli\u015fen k\u00fclt\u00fcrel \u00e7al\u0131\u015fmalar kapsam\u0131nda disiplinleraras\u0131 \u00e7al\u0131\u015fmalara a\u00e7\u0131k olarak antropoloji, edebiyat, sanat, sosyoloji, tarih, siyaset bilimi, dilbilim, felsefe, psikoloji vb. sosyal bilimlerin hemen t\u00fcm alanlar\u0131nda akademik \u00e7al\u0131\u015fmalar\u0131 kabul edecek. <\/p>\n\n\n\n<p>\u0130lk say\u0131s\u0131nda \u201cK\u00fclt\u00fcrel S\u00fcre\u00e7ler\u201d temas\u0131na yer verecek olan dergi, k\u00fclt\u00fcrleme (enculturation); k\u00fclt\u00fcrle\u015fme (acculturation); k\u00fclt\u00fcrel yay\u0131lma (diffusion); k\u00fclt\u00fcrlenme (culturation); k\u00fclt\u00fcr \u015foku (culture shock); k\u00fclt\u00fcrel gecikme (culture lag); k\u00fclt\u00fcrel \u00f6z\u00fcmseme (assimilation); k\u00fclt\u00fcrel b\u00fct\u00fcnle\u015fme (integration); zorla k\u00fclt\u00fcrleme (trans-culturation) vb. k\u00fclt\u00fcrel s\u00fcre\u00e7lerde ya\u015fanan yeni sorunlar, s\u0131n\u0131rlar ve beklentiler ile ilgili ara\u015ft\u0131rma ve inceleme makalelerini bekliyor. <\/p>\n\n\n\n<p><a rel=\"noreferrer noopener\" href=\"https:\/\/iupress.istanbul.edu.tr\/tr\/journal\/4boyut\/home\" target=\"_blank\">Derginin web sitesine ula\u015fmak ve yay\u0131n g\u00f6nderimi hakk\u0131nda ayr\u0131nt\u0131l\u0131 bilgi almak i\u00e7in l\u00fctfen t\u0131klay\u0131n\u0131z.<\/a> <\/p>\n","protected":false},"excerpt":{"rendered":"<p>\u0130stanbul \u00dcniversitesi \u0130leti\u015fim Fak\u00fcltesi b\u00fcnyesinde 1990 \u2013 1998 y\u0131llar\u0131 aras\u0131nda akt\u00fcel bir dergi olarak yay\u0131mlanan 4. Boyut Dergisi\u2019nin i\u00e7eri\u011fi de\u011fi\u015ftirilerek hakemli bilimsel bir dergiye d\u00f6n\u00fc\u015ft\u00fcr\u00fcld\u00fc. 4. Boyut \/ Medya ve K\u00fclt\u00fcrel \u00c7al\u0131\u015fmalar Dergisi ad\u0131 ile y\u0131lda iki kez, Nisan ve Ekim aylar\u0131nda elektronik olarak yay\u0131mlanacak dergi, medya ve k\u00fclt\u00fcr alanlar\u0131nda y\u00fcr\u00fct\u00fclen bilimsel \u00e7al\u0131\u015fmalara yer verecek. [&hellip;]<\/p>\n","protected":false},"author":14,"featured_media":17425,"comment_status":"open","ping_status":"open","sticky":false,"template":"","format":"standard","meta":{"jnews-multi-image_gallery":[],"jnews_single_post":[],"jnews_primary_category":[],"jnews_social_meta":[],"jnews_override_counter":[],"footnotes":""},"categories":[24,178],"tags":[],"class_list":["post-17418","post","type-post","status-publish","format-standard","has-post-thumbnail","hentry","category-bilim","category-fakultemizden"],"_links":{"self":[{"href":"https:\/\/iletim.istanbul.edu.tr\/index.php\/wp-json\/wp\/v2\/posts\/17418","targetHints":{"allow":["GET"]}}],"collection":[{"href":"https:\/\/iletim.istanbul.edu.tr\/index.php\/wp-json\/wp\/v2\/posts"}],"about":[{"href":"https:\/\/iletim.istanbul.edu.tr\/index.php\/wp-json\/wp\/v2\/types\/post"}],"author":[{"embeddable":true,"href":"https:\/\/iletim.istanbul.edu.tr\/index.php\/wp-json\/wp\/v2\/users\/14"}],"replies":[{"embeddable":true,"href":"https:\/\/iletim.istanbul.edu.tr\/index.php\/wp-json\/wp\/v2\/comments?post=17418"}],"version-history":[{"count":0,"href":"https:\/\/iletim.istanbul.edu.tr\/index.php\/wp-json\/wp\/v2\/posts\/17418\/revisions"}],"wp:featuredmedia":[{"embeddable":true,"href":"https:\/\/iletim.istanbul.edu.tr\/index.php\/wp-json\/wp\/v2\/media\/17425"}],"wp:attachment":[{"href":"https:\/\/iletim.istanbul.edu.tr\/index.php\/wp-json\/wp\/v2\/media?parent=17418"}],"wp:term":[{"taxonomy":"category","embeddable":true,"href":"https:\/\/iletim.istanbul.edu.tr\/index.php\/wp-json\/wp\/v2\/categories?post=17418"},{"taxonomy":"post_tag","embeddable":true,"href":"https:\/\/iletim.istanbul.edu.tr\/index.php\/wp-json\/wp\/v2\/tags?post=17418"}],"curies":[{"name":"wp","href":"https:\/\/api.w.org\/{rel}","templated":true}]}}