{"id":17463,"date":"2022-04-25T18:16:38","date_gmt":"2022-04-25T15:16:38","guid":{"rendered":"https:\/\/iletim.istanbul.edu.tr\/?p=17463"},"modified":"2022-04-25T18:16:44","modified_gmt":"2022-04-25T15:16:44","slug":"banglades-demiryollari-bakani-istanbulu-ziyaret-etti","status":"publish","type":"post","link":"https:\/\/iletim.istanbul.edu.tr\/index.php\/2022\/04\/25\/banglades-demiryollari-bakani-istanbulu-ziyaret-etti\/","title":{"rendered":"Banglade\u015f Demiryollar\u0131 Bakan\u0131 \u0130stanbul\u2019u ziyaret etti"},"content":{"rendered":"\n<p><strong>(\u0130STANBUL\/ \u0130\u00dcHA)<\/strong>&nbsp;Banglade\u015f Demiryollar\u0131 Bakan\u0131 Nurul \u0130slam Sujon, Ula\u015ft\u0131rma ve Altyap\u0131 Bakan\u0131 Adil Karaismailo\u011flu\u2019nun daveti \u00fczerine T\u00fcrkiye\u2019ye geldi. T\u00fcrkiye\u2019de bulunan vagon ve lokomotif fabrikalar\u0131n\u0131 ziyaret eden Sujon, \u201cT\u00fcrkiye, rayl\u0131 sistem alan\u0131nda ve teknoloji de d\u00e2hil olmak \u00fczere \u00e7e\u015fitli alanlarda Banglade\u015f\u2019in yan\u0131nda olmak istemi\u015ftir. Bunun i\u00e7in T\u00fcrkiye\u2019nin Ula\u015ft\u0131rma Bakan\u0131 da beni T\u00fcrkiye\u2019ye davet etti ve bu y\u00fczden T\u00fcrkiye\u2019ye geldim.&#8221; dedi.&nbsp;<\/p>\n\n\n\n<p>\u0130lk olarak 27 Mart&#8217;ta Ankara\u2019ya geldiklerini ve Adil Karaismailo\u011flu ile iki \u00fclkenin teknik ve mali anla\u015fmalardan nas\u0131l yararlanabilece\u011fini g\u00f6r\u00fc\u015ft\u00fcklerini belirten Sujon; \u201cSadece devletle de\u011fil \u00f6zel sekt\u00f6rle de g\u00f6r\u00fc\u015ft\u00fck. Demiryollar\u0131 i\u00e7in \u00e7al\u0131\u015fan i\u015f d\u00fcnyas\u0131, demiryollar\u0131n\u0131n teknoloji ile entegrasyonu konusunda \u00e7al\u0131\u015fan kurulu\u015flarla da g\u00f6r\u00fc\u015ft\u00fck. \u00d6rne\u011fin T\u00fcrk M\u00fcteahhitler Birli\u011fi ile bir g\u00f6r\u00fc\u015fmemiz oldu. Dolay\u0131s\u0131yla sadece demiryolu konusunda de\u011fil her alanda iki \u00fclke aras\u0131ndaki i\u015fbirli\u011fi, koordinasyon ve al\u0131\u015fveri\u015fi artt\u0131rabilece\u011fimizi ve bunun iki \u00fclke insanlar\u0131n\u0131n da yarar\u0131na olaca\u011f\u0131n\u0131 umuyoruz. \u201c ifadelerini kulland\u0131.<\/p>\n\n\n\n<p>T\u00fcrkiye ve Banglade\u015f\u2019in tarihsel olarak yak\u0131nl\u0131klar\u0131n\u0131n bulundu\u011funu ve karde\u015f \u00fclke olduklar\u0131n\u0131, Banglade\u015f\u2019in \u00e7e\u015fitli i\u00e7 krizlerinde, T\u00fcrkiye\u2019nin Banglade\u015f halk\u0131n\u0131n yan\u0131nda oldu\u011funu ve iki \u00fclkenin k\u00fclt\u00fcrel ve dinsel olarak \u00f6nemli benzerliklere sahip oldu\u011funu s\u00f6yleyen Nurul \u0130slam Sujon, g\u00fcn\u00fcm\u00fczde ya\u015fanan m\u00fclteci krizine de de\u011finerek, \u201cBanglade\u015f\u2019in Sayg\u0131de\u011fer Ba\u015fbakan\u0131 Bangabandhu\u2019nun k\u0131z\u0131 \u015eeyh Hasina, 2017 y\u0131l\u0131nda kom\u015fu Myanmar\u2019da soyk\u0131r\u0131m kurban\u0131 olan ve yurdundan edilen Rohingya halk\u0131na s\u0131\u011f\u0131nma hakk\u0131 verdi. \u00c7\u00fcnk\u00fc biz de 1971 y\u0131l\u0131nda Kurtulu\u015f Sava\u015f\u0131 s\u0131ras\u0131nda m\u00fclteci olarak Hindistan\u2019a s\u0131\u011f\u0131nd\u0131k. M\u00fcltecilerin durumunu anl\u0131yoruz.\u201d diye konu\u015ftu.&nbsp;<\/p>\n","protected":false},"excerpt":{"rendered":"<p>(\u0130STANBUL\/ \u0130\u00dcHA)&nbsp;Banglade\u015f Demiryollar\u0131 Bakan\u0131 Nurul \u0130slam Sujon, Ula\u015ft\u0131rma ve Altyap\u0131 Bakan\u0131 Adil Karaismailo\u011flu\u2019nun daveti \u00fczerine T\u00fcrkiye\u2019ye geldi. T\u00fcrkiye\u2019de bulunan vagon ve lokomotif fabrikalar\u0131n\u0131 ziyaret eden Sujon, \u201cT\u00fcrkiye, rayl\u0131 sistem alan\u0131nda ve teknoloji de d\u00e2hil olmak \u00fczere \u00e7e\u015fitli alanlarda Banglade\u015f\u2019in yan\u0131nda olmak istemi\u015ftir. Bunun i\u00e7in T\u00fcrkiye\u2019nin Ula\u015ft\u0131rma Bakan\u0131 da beni T\u00fcrkiye\u2019ye davet etti ve bu y\u00fczden [&hellip;]<\/p>\n","protected":false},"author":14,"featured_media":17467,"comment_status":"open","ping_status":"open","sticky":false,"template":"","format":"standard","meta":{"jnews-multi-image_gallery":[],"jnews_single_post":[],"jnews_primary_category":[],"jnews_social_meta":[],"jnews_override_counter":[],"footnotes":""},"categories":[1],"tags":[],"class_list":["post-17463","post","type-post","status-publish","format-standard","has-post-thumbnail","hentry","category-genel"],"_links":{"self":[{"href":"https:\/\/iletim.istanbul.edu.tr\/index.php\/wp-json\/wp\/v2\/posts\/17463","targetHints":{"allow":["GET"]}}],"collection":[{"href":"https:\/\/iletim.istanbul.edu.tr\/index.php\/wp-json\/wp\/v2\/posts"}],"about":[{"href":"https:\/\/iletim.istanbul.edu.tr\/index.php\/wp-json\/wp\/v2\/types\/post"}],"author":[{"embeddable":true,"href":"https:\/\/iletim.istanbul.edu.tr\/index.php\/wp-json\/wp\/v2\/users\/14"}],"replies":[{"embeddable":true,"href":"https:\/\/iletim.istanbul.edu.tr\/index.php\/wp-json\/wp\/v2\/comments?post=17463"}],"version-history":[{"count":0,"href":"https:\/\/iletim.istanbul.edu.tr\/index.php\/wp-json\/wp\/v2\/posts\/17463\/revisions"}],"wp:featuredmedia":[{"embeddable":true,"href":"https:\/\/iletim.istanbul.edu.tr\/index.php\/wp-json\/wp\/v2\/media\/17467"}],"wp:attachment":[{"href":"https:\/\/iletim.istanbul.edu.tr\/index.php\/wp-json\/wp\/v2\/media?parent=17463"}],"wp:term":[{"taxonomy":"category","embeddable":true,"href":"https:\/\/iletim.istanbul.edu.tr\/index.php\/wp-json\/wp\/v2\/categories?post=17463"},{"taxonomy":"post_tag","embeddable":true,"href":"https:\/\/iletim.istanbul.edu.tr\/index.php\/wp-json\/wp\/v2\/tags?post=17463"}],"curies":[{"name":"wp","href":"https:\/\/api.w.org\/{rel}","templated":true}]}}