{"id":17962,"date":"2022-05-19T13:24:59","date_gmt":"2022-05-19T10:24:59","guid":{"rendered":"https:\/\/iletim.istanbul.edu.tr\/?p=17962"},"modified":"2022-07-08T18:33:04","modified_gmt":"2022-07-08T15:33:04","slug":"2-kultur-sanat-belgeselleri-film-festivalinde-oduller-sahiplerini-buldu","status":"publish","type":"post","link":"https:\/\/iletim.istanbul.edu.tr\/index.php\/2022\/05\/19\/2-kultur-sanat-belgeselleri-film-festivalinde-oduller-sahiplerini-buldu\/","title":{"rendered":"2. K\u00fclt\u00fcr Sanat Belgeselleri Film Festivali&#8217;nde \u00d6d\u00fcller Sahiplerini Buldu"},"content":{"rendered":"\n<p>Dijital Detaylar taraf\u0131ndan 12-14 May\u0131s tarihleri aras\u0131nda d\u00fczenlenen 2. K\u00fclt\u00fcr Sanat Belgeselleri Film Festivali sona erdi. \u0130stanbul \u00dcniversitesi \u0130leti\u015fim Fak\u00fcltesi \u00d6\u011fretim \u00dcyesi Prof. Dr. Ceyhan Kandemir\u2019in koordinat\u00f6rl\u00fc\u011f\u00fcn\u00fc yapt\u0131\u011f\u0131 festivalin bu y\u0131lki temas\u0131 \u201c\u0130nsano\u011flunun Anlam Aray\u0131\u015f\u0131\u201d idi. A\u00e7\u0131l\u0131\u015f\u0131 Samir\u2019in R\u00fcyas\u0131 filmiyle yap\u0131lan festivalde, s\u00f6yle\u015fi, panel ve film g\u00f6sterimleri ger\u00e7ekle\u015ftirildi.<\/p>\n\n\n\n<p>Festivalin \u00f6d\u00fcl t\u00f6reni, 14 may\u0131s g\u00fcn\u00fc online olarak d\u00fczenlendi. Yurt d\u0131\u015f\u0131 ve i\u00e7inden 40\u2019a yak\u0131n filmin yar\u0131\u015ft\u0131\u011f\u0131 festivalde, d\u00f6rt dalda \u00f6d\u00fcller sahiplerini buldu. Ba\u015far\u0131l\u0131 Y\u00f6netmen \u00f6d\u00fcl\u00fcn\u00fc Yusuf Yurdig\u00fcl, Folktale Teller: Beh\u00e7et Mahir), Yarat\u0131c\u0131 Kurgu \u00f6d\u00fcl\u00fcn\u00fc Mehmet Buyruk Mermerin Sultanlar\u0131 filmiyle, Etkileyici Senaryo\/Hik\u00e2ye \u00f6d\u00fcl\u00fcn\u00fc \u00c7ay Var \u0130\u00e7ersen filmiyle Cihan Emre Zengin, \u00d6zg\u00fcn Yap\u0131m Tasar\u0131m\u0131 \u00f6d\u00fcl\u00fcn\u00fc Masumiyet filmiyle Hakan Aytekin ald\u0131.<\/p>\n\n\n\n<p>Belgesel Ustas\u0131 Onur \u00d6d\u00fclleri\u2019ne ise Mesut Genge\u00e7, Arma\u011fan Pekkaya ve Semra G\u00fczel Korver lay\u0131k g\u00f6r\u00fcld\u00fc.<\/p>\n\n\n\n<p>Ba\u015fkanl\u0131\u011f\u0131n\u0131 Prof. Dr. Ceyhan Kandemir\u2019in yapt\u0131\u011f\u0131 yar\u0131\u015fma j\u00fcrisinde bu y\u0131l Vedat Atasoy, Do\u00e7. Dr. Mesut Aytekin, Do\u00e7. Dr. Onur Akyol, Do\u00e7. Dr. \u00dcmit Sar\u0131, Dr. Cansu \u00d6zdenak, Jale Elhadef yer ald\u0131.<\/p>\n\n\n\n<p><strong>BELGESEL S\u0130NEMAYLA GE\u00c7EN 3 DOLU G\u00dcN<\/strong><\/p>\n\n\n\n<p>2. K\u00fclt\u00fcr Sanat Belgeselleri Film Festivali, 12 May\u0131s\u2019ta y\u00f6netmenli\u011fini Arma\u011fan Pekkaya\u2019n\u0131n y\u00f6netmenli\u011fini ve g\u00f6r\u00fcnt\u00fc y\u00f6netmenli\u011fini yapt\u0131\u011f\u0131, 9 ya\u015f\u0131nda m\u00fclteci bir \u00e7ocu\u011fun Afganistan\u2019dan Danimarka\u2019ya uzanan hayatta kalma yolculu\u011funu anlatt\u0131\u011f\u0131 \u201cSamir\u2019in R\u00fcyas\u0131\u201d filmiyle ba\u015flad\u0131. Ayn\u0131 g\u00fcn ak\u015fam 20.00\u2019de online olarak \u201cAnlam\u0131n Pe\u015findeki Bir Okul Aray\u0131\u015f\u0131: Kattaikkuttu Gurukulam\u201d s\u00f6yle\u015fisi ger\u00e7ekle\u015ftirildi. Moderat\u00f6rl\u00fc\u011f\u00fcn\u00fc Bayan College Aff. Purdue University North West-USA in Oman \u00d6\u011fretim \u00dcyesi Prof. Dr. Cenk Demirk\u0131ran\u2019\u0131n yapt\u0131\u011f\u0131 s\u00f6yle\u015fi de Hariharan Anbazhagan\u2019\u0131n y\u00f6netmenli\u011fini yapt\u0131\u011f\u0131 Kattaikkuttu Gurukulam belgeselinin yap\u0131m s\u00fcreci hakk\u0131nda bilgi verdi.<\/p>\n\n\n<div class=\"wp-block-image\">\n<figure class=\"aligncenter size-large is-resized\"><img decoding=\"async\" src=\"https:\/\/iletim.istanbul.edu.tr\/wp-content\/uploads\/samir_AFIS-1.jpg.-1-732x1024.jpg\" alt=\"\" class=\"wp-image-17969\" width=\"383\" height=\"535\" srcset=\"https:\/\/iletim.istanbul.edu.tr\/wp-content\/uploads\/samir_AFIS-1.jpg.-1-732x1024.jpg 732w, https:\/\/iletim.istanbul.edu.tr\/wp-content\/uploads\/samir_AFIS-1.jpg.-1-214x300.jpg 214w, https:\/\/iletim.istanbul.edu.tr\/wp-content\/uploads\/samir_AFIS-1.jpg.-1-360x504.jpg 360w, https:\/\/iletim.istanbul.edu.tr\/wp-content\/uploads\/samir_AFIS-1.jpg.-1-750x1050.jpg 750w, https:\/\/iletim.istanbul.edu.tr\/wp-content\/uploads\/samir_AFIS-1.jpg.-1.jpg 768w\" sizes=\"(max-width: 383px) 100vw, 383px\" \/><\/figure><\/div>\n\n\n<p>Festivalin 2. g\u00fcn\u00fcnde finale kalan 16 filmin g\u00f6sterimi online olarak yap\u0131ld\u0131.<\/p>\n\n\n\n<p>Festivalin 3. g\u00fcn\u00fcnde 15.00-17.00 saatleri aras\u0131nda Yap\u0131mc\u0131 Bulut Reyhano\u011flu, Belgesel Y\u00f6netmenleri Arma\u011fan Pekkaya, Vedat Atasoy konu\u015fmac\u0131 olarak yer ald\u0131\u011f\u0131 \u201cAnlam Yolculu\u011funda Belgesel Sineman\u0131n G\u00fcc\u00fc\u201d ba\u015fl\u0131kl\u0131 bir panel ger\u00e7ekle\u015ftirildi. Belgesel sineman\u0131n \u00f6nemi, yap\u0131m s\u00fcre\u00e7leri ve \u00f6zellikle finans kaynaklar\u0131 \u00fczerinde duruldu\u011fu s\u00f6yle\u015fi de konu\u015fmac\u0131lar tecr\u00fcbelerini aktard\u0131, T\u00fcrk belgesel sinemas\u0131n\u0131n g\u00fcncel sorunlar\u0131n\u0131 de\u011ferlendirdi.<\/p>\n\n\n\n<p>2. K\u00fclt\u00fcr Sanat Belgeselleri Film Festivali, online \u00f6d\u00fcl t\u00f6reniyle sona erdi. Yar\u0131\u015fmac\u0131lar ve kat\u0131l\u0131mc\u0131lar festivalde eme\u011fi ge\u00e7en t\u00fcm ekibe te\u015fekk\u00fcrler ederek, 2023 y\u0131l\u0131nda yeniden bulu\u015fmak \u00fcmidiyle iyi dileklerini ilettiler.<\/p>\n\n\n\n<p><strong>J\u00dcR\u0130 \u00d6D\u00dcLLER\u0130 BEL\u0130RLEMEKTE ZORLANDI<\/strong><\/p>\n\n\n\n<p>Ba\u015far\u0131l\u0131 belgeseller aras\u0131nda \u00f6d\u00fclleri belirlemekte zorland\u0131klar\u0131n\u0131 ifade eden j\u00fcri \u00fcyeleri \u00f6d\u00fcl gerek\u00e7elerini \u015fu \u015fekilde a\u00e7\u0131klad\u0131.<\/p>\n\n\n\n<ul class=\"wp-block-list\"><li><strong>BA\u015eARILI Y\u00f6netmen: <\/strong>Yusuf YURD\u0130G\u00dcL (Hekat Anlatan Adam: Beh\u00e7et Mahir)<\/li><\/ul>\n\n\n\n<p>Yusuf Yurdig\u00fcl, \u00f6nemli bir k\u00fclt\u00fcrel \u00f6\u011femiz olan meddahl\u0131\u011f\u0131, son hik\u00e2ye anlat\u0131c\u0131lar\u0131ndan biri olan Beh\u00e7et Mahir\u2019in \u015fahs\u0131nda, kapsaml\u0131 bir \u00e7al\u0131\u015fmayla, ak\u0131c\u0131 bir \u00fcslupla anlatt\u0131\u011f\u0131 i\u00e7in BA\u015eARILI Y\u00f6netmen kategorisinde \u00f6d\u00fcle lay\u0131k g\u00f6r\u00fclm\u00fc\u015ft\u00fcr.<\/p>\n\n\n\n<ul class=\"wp-block-list\"><li><strong>YARATICI Kurgu: <\/strong>Mermerin Sultanlar\u0131 (Mehmet BUYRUK)<\/li><\/ul>\n\n\n\n<p>Mermerin Sultanlar\u0131, kad\u0131nlar\u0131n ayakta durma m\u00fccadelesini \u00e7ok bilinmeyen bir konu \u00fczerinden yal\u0131n, net bir \u015fekilde anlatan, temel konuyu filmin ba\u015f\u0131ndan sonuna b\u00fct\u00fcnc\u00fcl bir \u015fekilde destekleyen kurgu diliyle YARATICI Kurgu kategorisinde \u00f6d\u00fcle lay\u0131k g\u00f6r\u00fclm\u00fc\u015ft\u00fcr.<\/p>\n\n\n\n<ul class=\"wp-block-list\"><li><strong>ETK\u0130LEY\u0130C\u0130 Senaryo\/Hik\u00e2ye:<\/strong> \u00c7ay Var \u0130\u00e7ersen (Cihan Emre ZENG\u0130N)<\/li><\/ul>\n\n\n\n<p>\u00c7ay Var \u0130\u00e7ersen, hayat\u0131n zorlu\u011fu i\u00e7inde hem kendi ailesini hem de \u00e7evresindeki insanlar\u0131 mutlu etmeyi ba\u015faran emektar Belgin\u2019in hik\u00e2yesini samimi ve duygusal bir dille, sade ancak etkili bir sinematografiyle anlatt\u0131\u011f\u0131 i\u00e7in ETK\u0130LEY\u0130C\u0130 Senaryo\/Hik\u00e2ye kategorisinde \u00f6d\u00fcle lay\u0131k g\u00f6r\u00fclm\u00fc\u015ft\u00fcr.<\/p>\n\n\n\n<ul class=\"wp-block-list\"><li><strong>\u00d6ZG\u00dcN Yap\u0131m Tasar\u0131m\u0131:<\/strong> Masumiyet (Hakan AYTEK\u0130N)<\/li><\/ul>\n\n\n\n<p>Masumiyet, insano\u011flunun evle ve modern hayatla olan ili\u015fkisini \u015fiirsel bir \u00fcslupla, ya\u015fanm\u0131\u015f bir hayat\u0131n tan\u0131kl\u0131\u011f\u0131nda onun diliyle bizzat aktard\u0131\u011f\u0131, belgesel i\u00e7inde belgesel tad\u0131nda bir eser ortaya koydu\u011fu i\u00e7in \u00d6ZG\u00dcN Yap\u0131m Tasar\u0131m\u0131 kategorisinde \u00f6d\u00fcle lay\u0131k g\u00f6r\u00fclm\u00fc\u015ft\u00fcr.<\/p>\n\n\n\n<p><strong>Belgesel Ustas\u0131 Onur \u00d6d\u00fclleri<\/strong><\/p>\n\n\n\n<ul class=\"wp-block-list\"><li>Mesut Genge\u00e7, televizyondan sinemaya uzanan ba\u015far\u0131l\u0131 meslek hayat\u0131nda, tarihimize ve k\u00fclt\u00fcr\u00fcm\u00fcze dokunan \u00f6zg\u00fcn, sinematografisi g\u00fc\u00e7l\u00fc, yo\u011fun emek verilmi\u015f belgeselleri, tecr\u00fcbelerini ve bilgi birikimini hem teorik hem de pratik olarak her platformda payla\u015fmas\u0131, gen\u00e7 sinemac\u0131lar\u0131n yeti\u015fmesine \u00f6nemli katk\u0131lar sunmas\u0131 nedeniyle Belgesel Ustas\u0131 Onur \u00d6d\u00fcl\u00fcne lay\u0131k g\u00f6r\u00fclm\u00fc\u015ft\u00fcr.<\/li><\/ul>\n\n\n\n<ul class=\"wp-block-list\"><li>Arma\u011fan Pekkaya\u2019n\u0131n belgesel filmleri yurt i\u00e7i ve yurt d\u0131\u015f\u0131ndaki festivallerde g\u00f6sterildi ve \u00e7e\u015fitli \u00f6d\u00fcller ald\u0131. Halen ba\u011f\u0131ms\u0131z olarak k\u0131sa film ve belgesel \u00e7al\u0131\u015fmalar\u0131n\u0131 s\u00fcrd\u00fcrmektedir. Y\u00f6netmenli\u011fini yapt\u0131\u011f\u0131 belgesel filmlerde sosyal ve toplumsal konularda g\u00f6stermi\u015f oldu\u011fu \u00fcst\u00fcn gayret ve \u00e7abalar\u0131yla Belgesel Ustas\u0131 Onur \u00d6d\u00fcl\u00fcne lay\u0131k g\u00f6r\u00fclm\u00fc\u015ft\u00fcr.<\/li><\/ul>\n\n\n\n<ul class=\"wp-block-list\"><li>Semra G\u00fczel Korver, belgesel sinema at\u00f6lyeleri ve vermi\u015f oldu\u011fu e\u011fitimler, j\u00fcri \u00fcyelikleriyle de sekt\u00f6re katk\u0131 sunmay\u0131 ve \u00f6zg\u00fcn belgesel yap\u0131mlarla da \u00e7al\u0131\u015fmalar\u0131n\u0131 yo\u011fun bir \u015fekilde s\u00fcrd\u00fcrmektedir. Sekt\u00f6r\u00fcn kalbinden gelerek akademik \u00e7al\u0131\u015fmalarla da belgesel sinemaya katk\u0131lar\u0131n\u0131 g\u00fc\u00e7lendiren Sn. Korver Belgesel Ustas\u0131 Onur \u00d6d\u00fcl\u00fcne lay\u0131k g\u00f6r\u00fclm\u00fc\u015ft\u00fcr.<\/li><\/ul>\n\n\n\n<figure class=\"wp-block-image size-large\"><img decoding=\"async\" width=\"1024\" height=\"518\" src=\"https:\/\/iletim.istanbul.edu.tr\/wp-content\/uploads\/panel-1024x518.jpeg\" alt=\"\" class=\"wp-image-17965\" srcset=\"https:\/\/iletim.istanbul.edu.tr\/wp-content\/uploads\/panel-1024x518.jpeg 1024w, https:\/\/iletim.istanbul.edu.tr\/wp-content\/uploads\/panel-300x152.jpeg 300w, https:\/\/iletim.istanbul.edu.tr\/wp-content\/uploads\/panel-768x388.jpeg 768w, https:\/\/iletim.istanbul.edu.tr\/wp-content\/uploads\/panel-750x379.jpeg 750w, https:\/\/iletim.istanbul.edu.tr\/wp-content\/uploads\/panel-1140x576.jpeg 1140w, https:\/\/iletim.istanbul.edu.tr\/wp-content\/uploads\/panel.jpeg 1300w\" sizes=\"(max-width: 1024px) 100vw, 1024px\" \/><\/figure>\n","protected":false},"excerpt":{"rendered":"<p>Dijital Detaylar taraf\u0131ndan 12-14 May\u0131s tarihleri aras\u0131nda d\u00fczenlenen 2. K\u00fclt\u00fcr Sanat Belgeselleri Film Festivali sona erdi. \u0130stanbul \u00dcniversitesi \u0130leti\u015fim Fak\u00fcltesi \u00d6\u011fretim \u00dcyesi Prof. Dr. Ceyhan Kandemir\u2019in koordinat\u00f6rl\u00fc\u011f\u00fcn\u00fc yapt\u0131\u011f\u0131 festivalin bu y\u0131lki temas\u0131 \u201c\u0130nsano\u011flunun Anlam Aray\u0131\u015f\u0131\u201d idi. A\u00e7\u0131l\u0131\u015f\u0131 Samir\u2019in R\u00fcyas\u0131 filmiyle yap\u0131lan festivalde, s\u00f6yle\u015fi, panel ve film g\u00f6sterimleri ger\u00e7ekle\u015ftirildi. Festivalin \u00f6d\u00fcl t\u00f6reni, 14 may\u0131s g\u00fcn\u00fc online [&hellip;]<\/p>\n","protected":false},"author":14,"featured_media":17968,"comment_status":"closed","ping_status":"open","sticky":false,"template":"","format":"standard","meta":{"jnews-multi-image_gallery":[],"jnews_single_post":{"subtitle":"","format":"standard","video":"","gallery":"","source_name":"","source_url":"","via_name":"","via_url":"","override_template":"0","override":[{"template":"1","single_blog_custom":"","parallax":"1","fullscreen":"1","layout":"double-sidebar","sidebar":"single-left","second_sidebar":"default-sidebar","sticky_sidebar":"1","share_position":"top","share_float_style":"share-monocrhome","show_share_counter":"1","show_view_counter":"1","show_featured":"1","show_post_meta":"1","show_post_author":"1","show_post_author_image":"1","show_post_date":"1","post_date_format":"default","post_date_format_custom":"Y\/m\/d","show_post_category":"1","show_post_reading_time":"0","post_reading_time_wpm":"300","show_zoom_button":"0","zoom_button_out_step":"2","zoom_button_in_step":"3","show_post_tag":"1","show_prev_next_post":"1","show_popup_post":"1","number_popup_post":"1","show_author_box":"0","show_post_related":"0","show_inline_post_related":"1"}],"override_image_size":"0","image_override":[{"single_post_thumbnail_size":"crop-500","single_post_gallery_size":"crop-500"}],"trending_post":"0","trending_post_position":"meta","trending_post_label":"Trending","sponsored_post":"0","sponsored_post_label":"Sponsored by","sponsored_post_name":"","sponsored_post_url":"","sponsored_post_logo_enable":"0","sponsored_post_logo":"","sponsored_post_desc":"","disable_ad":"0"},"jnews_primary_category":{"id":""},"jnews_social_meta":{"fb_title":"","fb_description":"","fb_image":"","twitter_title":"","twitter_description":"","twitter_image":""},"jnews_override_counter":{"override_view_counter":"0","view_counter_number":"0","override_share_counter":"0","share_counter_number":"0","override_like_counter":"0","like_counter_number":"0","override_dislike_counter":"0","dislike_counter_number":"0"},"footnotes":""},"categories":[1,2085],"tags":[2083,43,2084],"class_list":["post-17962","post","type-post","status-publish","format-standard","has-post-thumbnail","hentry","category-genel","category-manset-haber","tag-2-kultur-sanat-belgeselleri-film-festivali-prof-dr-ceyhan-kandemir","tag-istanbul-universitesi","tag-prof-dr-ceyhan-kandemir-2"],"_links":{"self":[{"href":"https:\/\/iletim.istanbul.edu.tr\/index.php\/wp-json\/wp\/v2\/posts\/17962","targetHints":{"allow":["GET"]}}],"collection":[{"href":"https:\/\/iletim.istanbul.edu.tr\/index.php\/wp-json\/wp\/v2\/posts"}],"about":[{"href":"https:\/\/iletim.istanbul.edu.tr\/index.php\/wp-json\/wp\/v2\/types\/post"}],"author":[{"embeddable":true,"href":"https:\/\/iletim.istanbul.edu.tr\/index.php\/wp-json\/wp\/v2\/users\/14"}],"replies":[{"embeddable":true,"href":"https:\/\/iletim.istanbul.edu.tr\/index.php\/wp-json\/wp\/v2\/comments?post=17962"}],"version-history":[{"count":0,"href":"https:\/\/iletim.istanbul.edu.tr\/index.php\/wp-json\/wp\/v2\/posts\/17962\/revisions"}],"wp:featuredmedia":[{"embeddable":true,"href":"https:\/\/iletim.istanbul.edu.tr\/index.php\/wp-json\/wp\/v2\/media\/17968"}],"wp:attachment":[{"href":"https:\/\/iletim.istanbul.edu.tr\/index.php\/wp-json\/wp\/v2\/media?parent=17962"}],"wp:term":[{"taxonomy":"category","embeddable":true,"href":"https:\/\/iletim.istanbul.edu.tr\/index.php\/wp-json\/wp\/v2\/categories?post=17962"},{"taxonomy":"post_tag","embeddable":true,"href":"https:\/\/iletim.istanbul.edu.tr\/index.php\/wp-json\/wp\/v2\/tags?post=17962"}],"curies":[{"name":"wp","href":"https:\/\/api.w.org\/{rel}","templated":true}]}}