{"id":17987,"date":"2022-05-22T01:26:04","date_gmt":"2022-05-21T22:26:04","guid":{"rendered":"https:\/\/iletim.istanbul.edu.tr\/?p=17987"},"modified":"2022-05-22T14:11:29","modified_gmt":"2022-05-22T11:11:29","slug":"erdal-kucukkomurcu-seslendirme-sanatciligini-anlatti","status":"publish","type":"post","link":"https:\/\/iletim.istanbul.edu.tr\/index.php\/2022\/05\/22\/erdal-kucukkomurcu-seslendirme-sanatciligini-anlatti\/","title":{"rendered":"Erdal K\u00fc\u00e7\u00fckk\u00f6m\u00fcrc\u00fc seslendirme sanat\u00e7\u0131l\u0131\u011f\u0131n\u0131 anlatt\u0131"},"content":{"rendered":"\n<p><strong>Haber: Zeynep Y\u00fcksel<\/strong><\/p>\n\n\n\n<p>G\u00fcncel olarak \u201cEvlilik Hakk\u0131nda Her \u015eey\u201d dizisinde \u201cErman Arsen\u201d karakteriyle ekranlarda g\u00f6rd\u00fc\u011f\u00fcm\u00fcz Erdal K\u00fc\u00e7\u00fckk\u00f6m\u00fcrc\u00fc, oyunculuk, y\u00f6netmenlik ve ses sanat\u00e7\u0131l\u0131\u011f\u0131n\u0131n yan\u0131 s\u0131ra&nbsp; \u00e7e\u015fitli kurumlarda ses, diksiyon, beden dili alanlar\u0131nda da seminerler vermekte ve e\u011fitmenli\u011fe devam etmektedir. Erdal K\u00fc\u00e7\u00fckk\u00f6m\u00fcrc\u00fc ile seslendirme sanat\u00e7\u0131l\u0131\u011f\u0131n\u0131 konu\u015ftuk.<\/p>\n\n\n\n<p><strong>Zeynep Y\u00fcksel:<\/strong> Seslendirme sanat\u00e7\u0131l\u0131\u011f\u0131n\u0131 tan\u0131mlar m\u0131s\u0131n\u0131z? Nedir seslendirme sanat\u00e7\u0131l\u0131\u011f\u0131?<\/p>\n\n\n\n<p><strong>Erdal K\u00fc\u00e7\u00fckk\u00f6m\u00fcrc\u00fc:<\/strong> Seslendirme sanat\u00e7\u0131l\u0131\u011f\u0131, radyonun yayg\u0131nla\u015fmas\u0131ndan sonra dramatik metinlerin, dinleyiciye belli uyarlamalarla ula\u015ft\u0131rma \u00e7abas\u0131yla ortaya \u00e7\u0131km\u0131\u015f bir sanat dal\u0131. Ba\u015flarda canl\u0131 performans olarak yap\u0131lan bu i\u015f, ses kay\u0131t cihazlar\u0131yla birlikte evrilerek yeni formlar kazand\u0131. Sessiz sinemayla bu form ba\u015fka bir koldan evrilmeye devam etti. G\u00fcn\u00fcm\u00fczde akla gelebilecek her t\u00fcrl\u00fc medya i\u00e7eri\u011finde ve sanatsal \u00fcretimlerde&nbsp; teknolojinin de geli\u015fmesiyle yepyeni bir \u015fekil ald\u0131, almaya da devam edecek. Burada sanat\u00e7\u0131n\u0131n g\u00f6revi, \u00fcretilen i\u00e7eri\u011fe anlam ve de\u011fer katmak ve ona kendi sanatsal yakla\u015f\u0131m\u0131yla hizmet etmektir.<\/p>\n\n\n\n<p><strong>\u201cBu, neredeyse 40 y\u0131ll\u0131k bir s\u00fcre\u00e7.\u201d<\/strong><\/p>\n\n\n\n<p><strong>Zeynep Y\u00fcksel:<\/strong> Sesinizi kendiniz mi ke\u015ffettiniz ya da bir ba\u015fkas\u0131 taraf\u0131ndan m\u0131 y\u00f6nlendirildiniz?<\/p>\n\n\n\n<p><strong>Erdal K\u00fc\u00e7\u00fckk\u00f6m\u00fcrc\u00fc:<\/strong> Sesimi ke\u015ffetmek ya da ke\u015ffedilmesi gibi bir s\u00fcre\u00e7 ya\u015famad\u0131m. 5 y\u0131ll\u0131k oyunculuk e\u011fitimimin ard\u0131ndan radyo tiyatrosuna sanat\u00e7\u0131 olarak \u00e7a\u011f\u0131r\u0131lmam ile ba\u015flayan bir s\u00fcre\u00e7te TRT\u2019nin dizi ve filmlerinde de k\u00fc\u00e7\u00fck rolleri seslendirerek bu i\u015fe devam ettim. Zamanla i\u015fin tekni\u011fini \u00f6\u011frenerek kendimi g\u00f6sterebilece\u011fim i\u015fler yapmaya ba\u015flad\u0131m. Son a\u015famada Radyo Tiyatrosu, Arkas\u0131 Yar\u0131n, \u00c7ocuk Saati gibi programlarda rejis\u00f6rl\u00fck ve hocal\u0131k yapt\u0131m. Bu, neredeyse 40 y\u0131ll\u0131k bir s\u00fcre\u00e7. Bu s\u00fcre\u00e7te en ba\u015f\u0131ndan beri tercih edilme nedenim: oyunculuktaki ba\u015far\u0131md\u0131r.<\/p>\n\n\n\n<p><strong>Zeynep Y\u00fcksel:<\/strong> Bu i\u015fe ba\u015flarken rol model olarak g\u00f6rd\u00fc\u011f\u00fcn\u00fcz birisi var m\u0131yd\u0131?<\/p>\n\n\n\n<p><strong>Erdal K\u00fc\u00e7\u00fckk\u00f6m\u00fcrc\u00fc:<\/strong> Alev Sezer ve Sezai Ayd\u0131n, ola\u011fan\u00fcst\u00fc yetenekli seslendirme sanat\u00e7\u0131lar\u0131yd\u0131. Onlarla birlikte \u00e7al\u0131\u015fmak, ayn\u0131 st\u00fcdyoda yer almak gurur vericiydi.<\/p>\n\n\n\n<p><strong>Zeynep Y\u00fcksel: <\/strong>Seslendirmekten en \u00e7ok keyif ald\u0131\u011f\u0131n\u0131z karakter hangisiydi?<\/p>\n\n\n\n<p><strong>Erdal K\u00fc\u00e7\u00fckk\u00f6m\u00fcrc\u00fc:<\/strong> Pazar ku\u015fa\u011f\u0131nda yay\u0131nlanan kovboy filmlerinde seslendirme yapmay\u0131 \u00e7ok severdim. Ayr\u0131ca y\u0131llarca Chuck Norris\u2019in TRT\u2019de yay\u0131nlanan b\u00fct\u00fcn filmlerini zevkle ben seslendirdim.<\/p>\n\n\n\n<figure class=\"wp-block-image size-full\"><img decoding=\"async\" width=\"678\" height=\"452\" src=\"https:\/\/iletim.istanbul.edu.tr\/wp-content\/uploads\/31788D2E-03F5-4EC1-9F60-09DA86C99616.jpeg\" alt=\"\" class=\"wp-image-18008\" srcset=\"https:\/\/iletim.istanbul.edu.tr\/wp-content\/uploads\/31788D2E-03F5-4EC1-9F60-09DA86C99616.jpeg 678w, https:\/\/iletim.istanbul.edu.tr\/wp-content\/uploads\/31788D2E-03F5-4EC1-9F60-09DA86C99616-300x200.jpeg 300w\" sizes=\"(max-width: 678px) 100vw, 678px\" \/><\/figure>\n\n\n\n<p><strong>Zeynep Y\u00fcksel:<\/strong> Peki en zorland\u0131\u011f\u0131n\u0131z karakteri sorsak?<\/p>\n\n\n\n<p><strong>Erdal K\u00fc\u00e7\u00fckk\u00f6m\u00fcrc\u00fc:<\/strong> Bir \u00e7izgi filmde Tamer Karada\u011fl\u0131 ile iki sincab\u0131 seslendirmi\u015ftik. Hem \u00e7ok e\u011flenmi\u015ftik hem de \u00e7ok zorlanm\u0131\u015ft\u0131k.<\/p>\n\n\n\n<p><strong>\u201cSeslendirme sanat\u00e7\u0131s\u0131, bir sa\u011fl\u0131k sorunu ya\u015farsa a\u00e7 bile kalabilir.\u201d<\/strong><\/p>\n\n\n\n<p><strong>Zeynep Y\u00fcksel:<\/strong> Seslendirme sanat\u00e7\u0131l\u0131\u011f\u0131n\u0131n zor y\u00f6nleri nelerdir?<\/p>\n\n\n\n<p><strong>Erdal K\u00fc\u00e7\u00fckk\u00f6m\u00fcrc\u00fc:<\/strong> Seslendirme sanat\u00e7\u0131s\u0131 d\u00fczenli geliri olan biri de\u011fildir. Hele ki bir sa\u011fl\u0131k sorunu ya\u015farsa a\u00e7 bile kalabilir. \u00c7al\u0131\u015fma ko\u015fullar\u0131, mesle\u011fin gere\u011fi olarak havas\u0131z ve karanl\u0131k ortamlard\u0131r. G\u00f6zleriniz \u00e7ok zorlan\u0131r. Kulakl\u0131k bir s\u00fcre sonra sa\u011fl\u0131k sorunlar\u0131 ya\u015fatabilir. \u00c7o\u011funlukla ayaktas\u0131n\u0131zd\u0131r. Alelacele beslenip i\u015finize devam edersiniz. Son derece yorucu, s\u00fcrekli dikkat isteyen, g\u00f6z\u00fcn, kula\u011f\u0131n ve dilin ayn\u0131 anda \u00e7al\u0131\u015ft\u0131\u011f\u0131 bir i\u015ftir. <\/p>\n\n\n\n<p><strong>\u201cSeslendirme sanat\u00e7\u0131l\u0131\u011f\u0131n\u0131 yapmak isteyenler, yeni medya formlar\u0131n\u0131 ara\u015ft\u0131rs\u0131nlar.\u201d<\/strong><\/p>\n\n\n\n<p><strong>Zeynep Y\u00fcksel:<\/strong> Bu i\u015fi yapmak isteyenlere bir tavsiye verecek olsayd\u0131n\u0131z ne olurdu?<\/p>\n\n\n\n<p><strong>Erdal K\u00fc\u00e7\u00fckk\u00f6m\u00fcrc\u00fc:<\/strong> Bu i\u015f, ba\u015fl\u0131 ba\u015f\u0131na bir ge\u00e7im kayna\u011f\u0131 de\u011fildir. Belli d\u00f6nemlerde sadece seslendirmeden kazan\u0131lan parayla ge\u00e7inilebiliyordu. Ancak g\u00fcn\u00fcm\u00fczde ko\u015fullar olduk\u00e7a de\u011fi\u015fti. \u0130kinci bir i\u015f olarak g\u00f6r\u00fclebilir. Seslendirmeyi sadece yabanc\u0131 filmleri konu\u015fmak olarak d\u00fc\u015f\u00fcnmesinler. Seslendirme sanat\u00e7\u0131l\u0131\u011f\u0131n\u0131 yapmak isteyenler kendi i\u00e7eriklerini ve sanatsal performanslar\u0131n\u0131 daha rahat sergileyebilecekleri yeni medya formlar\u0131n\u0131 ara\u015ft\u0131rs\u0131nlar.&nbsp;&nbsp;&nbsp;<\/p>\n","protected":false},"excerpt":{"rendered":"<p>Haber: Zeynep Y\u00fcksel G\u00fcncel olarak \u201cEvlilik Hakk\u0131nda Her \u015eey\u201d dizisinde \u201cErman Arsen\u201d karakteriyle ekranlarda g\u00f6rd\u00fc\u011f\u00fcm\u00fcz Erdal K\u00fc\u00e7\u00fckk\u00f6m\u00fcrc\u00fc, oyunculuk, y\u00f6netmenlik ve ses sanat\u00e7\u0131l\u0131\u011f\u0131n\u0131n yan\u0131 s\u0131ra&nbsp; \u00e7e\u015fitli kurumlarda ses, diksiyon, beden dili alanlar\u0131nda da seminerler vermekte ve e\u011fitmenli\u011fe devam etmektedir. Erdal K\u00fc\u00e7\u00fckk\u00f6m\u00fcrc\u00fc ile seslendirme sanat\u00e7\u0131l\u0131\u011f\u0131n\u0131 konu\u015ftuk. Zeynep Y\u00fcksel: Seslendirme sanat\u00e7\u0131l\u0131\u011f\u0131n\u0131 tan\u0131mlar m\u0131s\u0131n\u0131z? Nedir seslendirme sanat\u00e7\u0131l\u0131\u011f\u0131? Erdal K\u00fc\u00e7\u00fckk\u00f6m\u00fcrc\u00fc: [&hellip;]<\/p>\n","protected":false},"author":14,"featured_media":18007,"comment_status":"closed","ping_status":"open","sticky":false,"template":"","format":"standard","meta":{"jnews-multi-image_gallery":[],"jnews_single_post":{"subtitle":"","format":"standard","video":"","gallery":"","source_name":"","source_url":"","via_name":"","via_url":"","override_template":"0","override":[{"template":"1","single_blog_custom":"","parallax":"1","fullscreen":"1","layout":"double-sidebar","sidebar":"single-left","second_sidebar":"default-sidebar","sticky_sidebar":"1","share_position":"top","share_float_style":"share-monocrhome","show_share_counter":"1","show_view_counter":"1","show_featured":"1","show_post_meta":"1","show_post_author":"1","show_post_author_image":"1","show_post_date":"1","post_date_format":"default","post_date_format_custom":"Y\/m\/d","show_post_category":"1","show_post_reading_time":"0","post_reading_time_wpm":"300","show_zoom_button":"0","zoom_button_out_step":"2","zoom_button_in_step":"3","show_post_tag":"1","show_prev_next_post":"1","show_popup_post":"1","number_popup_post":"1","show_author_box":"0","show_post_related":"0","show_inline_post_related":"1"}],"override_image_size":"0","image_override":[{"single_post_thumbnail_size":"crop-500","single_post_gallery_size":"crop-500"}],"trending_post":"0","trending_post_position":"meta","trending_post_label":"Trending","sponsored_post":"0","sponsored_post_label":"Sponsored by","sponsored_post_name":"","sponsored_post_url":"","sponsored_post_logo_enable":"0","sponsored_post_logo":"","sponsored_post_desc":"","disable_ad":"0"},"jnews_primary_category":{"id":""},"jnews_social_meta":{"fb_title":"","fb_description":"","fb_image":"","twitter_title":"","twitter_description":"","twitter_image":""},"jnews_override_counter":{"override_view_counter":"0","view_counter_number":"0","override_share_counter":"0","share_counter_number":"0","override_like_counter":"0","like_counter_number":"0","override_dislike_counter":"0","dislike_counter_number":"0"},"footnotes":""},"categories":[30],"tags":[],"class_list":["post-17987","post","type-post","status-publish","format-standard","has-post-thumbnail","hentry","category-kultur-sanat"],"_links":{"self":[{"href":"https:\/\/iletim.istanbul.edu.tr\/index.php\/wp-json\/wp\/v2\/posts\/17987","targetHints":{"allow":["GET"]}}],"collection":[{"href":"https:\/\/iletim.istanbul.edu.tr\/index.php\/wp-json\/wp\/v2\/posts"}],"about":[{"href":"https:\/\/iletim.istanbul.edu.tr\/index.php\/wp-json\/wp\/v2\/types\/post"}],"author":[{"embeddable":true,"href":"https:\/\/iletim.istanbul.edu.tr\/index.php\/wp-json\/wp\/v2\/users\/14"}],"replies":[{"embeddable":true,"href":"https:\/\/iletim.istanbul.edu.tr\/index.php\/wp-json\/wp\/v2\/comments?post=17987"}],"version-history":[{"count":0,"href":"https:\/\/iletim.istanbul.edu.tr\/index.php\/wp-json\/wp\/v2\/posts\/17987\/revisions"}],"wp:featuredmedia":[{"embeddable":true,"href":"https:\/\/iletim.istanbul.edu.tr\/index.php\/wp-json\/wp\/v2\/media\/18007"}],"wp:attachment":[{"href":"https:\/\/iletim.istanbul.edu.tr\/index.php\/wp-json\/wp\/v2\/media?parent=17987"}],"wp:term":[{"taxonomy":"category","embeddable":true,"href":"https:\/\/iletim.istanbul.edu.tr\/index.php\/wp-json\/wp\/v2\/categories?post=17987"},{"taxonomy":"post_tag","embeddable":true,"href":"https:\/\/iletim.istanbul.edu.tr\/index.php\/wp-json\/wp\/v2\/tags?post=17987"}],"curies":[{"name":"wp","href":"https:\/\/api.w.org\/{rel}","templated":true}]}}