{"id":17989,"date":"2022-05-20T15:02:19","date_gmt":"2022-05-20T12:02:19","guid":{"rendered":"https:\/\/iletim.istanbul.edu.tr\/?p=17989"},"modified":"2022-05-21T18:33:44","modified_gmt":"2022-05-21T15:33:44","slug":"istanbul-universitesi-iletisim-fakultesi-ogrencileri-finalist-oldu","status":"publish","type":"post","link":"https:\/\/iletim.istanbul.edu.tr\/index.php\/2022\/05\/20\/istanbul-universitesi-iletisim-fakultesi-ogrencileri-finalist-oldu\/","title":{"rendered":"\u0130stanbul \u00dcniversitesi \u0130leti\u015fim Fak\u00fcltesi \u00f6\u011frencileri finalist oldu"},"content":{"rendered":"\n<p><strong>Haber: Halit \u015eahin<\/strong><\/p>\n\n\n\n<p>\u0130stanbul \u00dcniversitesi \u0130leti\u015fim Fak\u00fcltesi Halkla \u0130li\u015fkiler ve Tan\u0131t\u0131m (H\u0130T) B\u00f6l\u00fcm\u00fc 4. s\u0131n\u0131f \u00f6\u011frencileri Elif Sude Kahraman ve Yusuf Ate\u015f ile 2. s\u0131n\u0131f \u00f6\u011frencileri Bar\u0131\u015f \u015eahin, Zeynep Sude Y\u0131lmaz, Melisa \u015eahin ve Leyli Murtuzali, \u0130leti\u015fim Dan\u0131\u015fmanl\u0131\u011f\u0131 \u015eirketleri Derne\u011fi\u2019nin \u0130DA Akademi Yar\u0131\u015fmas\u0131\u2019nda finalist son 6 grup aras\u0131na girerek, yar\u0131\u015fma j\u00fcrisine sunumlar\u0131n\u0131 yapt\u0131.<\/p>\n\n\n\n<figure class=\"wp-block-image size-full\"><img decoding=\"async\" width=\"578\" height=\"327\" src=\"https:\/\/iletim.istanbul.edu.tr\/wp-content\/uploads\/7FA0BF15-0DF2-4D73-8098-6051F2D9EB1C.jpeg\" alt=\"\" class=\"wp-image-17994\" srcset=\"https:\/\/iletim.istanbul.edu.tr\/wp-content\/uploads\/7FA0BF15-0DF2-4D73-8098-6051F2D9EB1C.jpeg 578w, https:\/\/iletim.istanbul.edu.tr\/wp-content\/uploads\/7FA0BF15-0DF2-4D73-8098-6051F2D9EB1C-300x170.jpeg 300w\" sizes=\"(max-width: 578px) 100vw, 578px\" \/><\/figure>\n\n\n\n<p>&#8220;Online Al\u0131\u015fveri\u015fte Kurye Krizi&#8221; konusundaki projeleri kabul eden yar\u0131\u015fmada, Elif ve Yusuf &#8220;Bir De\u011fil Biziz&#8221; projesiyle; Bar\u0131\u015f, Zeynep, Melisa ve Leyli de \u201cMutlu Kurye ile Sorunsuz Sipari\u015f\u201d projesiyle finalist oldu.<\/p>\n\n\n\n<figure class=\"wp-block-image size-full\"><img decoding=\"async\" width=\"903\" height=\"511\" src=\"https:\/\/iletim.istanbul.edu.tr\/wp-content\/uploads\/49F46042-BE70-4F0C-819C-9AAA79E8C221.jpeg\" alt=\"\" class=\"wp-image-17995\" srcset=\"https:\/\/iletim.istanbul.edu.tr\/wp-content\/uploads\/49F46042-BE70-4F0C-819C-9AAA79E8C221.jpeg 903w, https:\/\/iletim.istanbul.edu.tr\/wp-content\/uploads\/49F46042-BE70-4F0C-819C-9AAA79E8C221-300x170.jpeg 300w, https:\/\/iletim.istanbul.edu.tr\/wp-content\/uploads\/49F46042-BE70-4F0C-819C-9AAA79E8C221-768x435.jpeg 768w, https:\/\/iletim.istanbul.edu.tr\/wp-content\/uploads\/49F46042-BE70-4F0C-819C-9AAA79E8C221-750x424.jpeg 750w\" sizes=\"(max-width: 903px) 100vw, 903px\" \/><\/figure>\n\n\n\n<p>Dereceye girenler, 27 May\u0131s 2022 Cuma g\u00fcn\u00fc Bah\u00e7e\u015fehir \u00dcniversitesi\u2019nde yap\u0131lacak t\u00f6renle \u00f6d\u00fcllerini alacak.<\/p>\n\n\n\n<figure class=\"wp-block-image size-full\"><img decoding=\"async\" width=\"607\" height=\"343\" src=\"https:\/\/iletim.istanbul.edu.tr\/wp-content\/uploads\/F747DC62-17F6-406D-ABAC-DC198214423F.jpeg\" alt=\"\" class=\"wp-image-17996\" srcset=\"https:\/\/iletim.istanbul.edu.tr\/wp-content\/uploads\/F747DC62-17F6-406D-ABAC-DC198214423F.jpeg 607w, https:\/\/iletim.istanbul.edu.tr\/wp-content\/uploads\/F747DC62-17F6-406D-ABAC-DC198214423F-300x170.jpeg 300w\" sizes=\"(max-width: 607px) 100vw, 607px\" \/><\/figure>\n\n\n\n<p><\/p>\n","protected":false},"excerpt":{"rendered":"<p>Haber: Halit \u015eahin \u0130stanbul \u00dcniversitesi \u0130leti\u015fim Fak\u00fcltesi Halkla \u0130li\u015fkiler ve Tan\u0131t\u0131m (H\u0130T) B\u00f6l\u00fcm\u00fc 4. s\u0131n\u0131f \u00f6\u011frencileri Elif Sude Kahraman ve Yusuf Ate\u015f ile 2. s\u0131n\u0131f \u00f6\u011frencileri Bar\u0131\u015f \u015eahin, Zeynep Sude Y\u0131lmaz, Melisa \u015eahin ve Leyli Murtuzali, \u0130leti\u015fim Dan\u0131\u015fmanl\u0131\u011f\u0131 \u015eirketleri Derne\u011fi\u2019nin \u0130DA Akademi Yar\u0131\u015fmas\u0131\u2019nda finalist son 6 grup aras\u0131na girerek, yar\u0131\u015fma j\u00fcrisine sunumlar\u0131n\u0131 yapt\u0131. &#8220;Online Al\u0131\u015fveri\u015fte [&hellip;]<\/p>\n","protected":false},"author":14,"featured_media":17993,"comment_status":"closed","ping_status":"open","sticky":false,"template":"","format":"standard","meta":{"jnews-multi-image_gallery":[],"jnews_single_post":{"subtitle":"","format":"standard","video":"","gallery":"","source_name":"","source_url":"","via_name":"","via_url":"","override_template":"0","override":[{"template":"1","single_blog_custom":"","parallax":"1","fullscreen":"1","layout":"double-sidebar","sidebar":"single-left","second_sidebar":"default-sidebar","sticky_sidebar":"1","share_position":"top","share_float_style":"share-monocrhome","show_share_counter":"1","show_view_counter":"1","show_featured":"1","show_post_meta":"1","show_post_author":"1","show_post_author_image":"1","show_post_date":"1","post_date_format":"default","post_date_format_custom":"Y\/m\/d","show_post_category":"1","show_post_reading_time":"0","post_reading_time_wpm":"300","show_zoom_button":"0","zoom_button_out_step":"2","zoom_button_in_step":"3","show_post_tag":"1","show_prev_next_post":"1","show_popup_post":"1","number_popup_post":"1","show_author_box":"0","show_post_related":"0","show_inline_post_related":"1"}],"override_image_size":"0","image_override":[{"single_post_thumbnail_size":"crop-500","single_post_gallery_size":"crop-500"}],"trending_post":"0","trending_post_position":"meta","trending_post_label":"Trending","sponsored_post":"0","sponsored_post_label":"Sponsored by","sponsored_post_name":"","sponsored_post_url":"","sponsored_post_logo_enable":"0","sponsored_post_logo":"","sponsored_post_desc":"","disable_ad":"0"},"jnews_primary_category":{"id":""},"jnews_social_meta":{"fb_title":"","fb_description":"","fb_image":"","twitter_title":"","twitter_description":"","twitter_image":""},"jnews_override_counter":{"override_view_counter":"0","view_counter_number":"0","override_share_counter":"0","share_counter_number":"0","override_like_counter":"0","like_counter_number":"0","override_dislike_counter":"0","dislike_counter_number":"0"},"footnotes":""},"categories":[1,178,2085],"tags":[],"class_list":["post-17989","post","type-post","status-publish","format-standard","has-post-thumbnail","hentry","category-genel","category-fakultemizden","category-manset-haber"],"_links":{"self":[{"href":"https:\/\/iletim.istanbul.edu.tr\/index.php\/wp-json\/wp\/v2\/posts\/17989","targetHints":{"allow":["GET"]}}],"collection":[{"href":"https:\/\/iletim.istanbul.edu.tr\/index.php\/wp-json\/wp\/v2\/posts"}],"about":[{"href":"https:\/\/iletim.istanbul.edu.tr\/index.php\/wp-json\/wp\/v2\/types\/post"}],"author":[{"embeddable":true,"href":"https:\/\/iletim.istanbul.edu.tr\/index.php\/wp-json\/wp\/v2\/users\/14"}],"replies":[{"embeddable":true,"href":"https:\/\/iletim.istanbul.edu.tr\/index.php\/wp-json\/wp\/v2\/comments?post=17989"}],"version-history":[{"count":0,"href":"https:\/\/iletim.istanbul.edu.tr\/index.php\/wp-json\/wp\/v2\/posts\/17989\/revisions"}],"wp:featuredmedia":[{"embeddable":true,"href":"https:\/\/iletim.istanbul.edu.tr\/index.php\/wp-json\/wp\/v2\/media\/17993"}],"wp:attachment":[{"href":"https:\/\/iletim.istanbul.edu.tr\/index.php\/wp-json\/wp\/v2\/media?parent=17989"}],"wp:term":[{"taxonomy":"category","embeddable":true,"href":"https:\/\/iletim.istanbul.edu.tr\/index.php\/wp-json\/wp\/v2\/categories?post=17989"},{"taxonomy":"post_tag","embeddable":true,"href":"https:\/\/iletim.istanbul.edu.tr\/index.php\/wp-json\/wp\/v2\/tags?post=17989"}],"curies":[{"name":"wp","href":"https:\/\/api.w.org\/{rel}","templated":true}]}}