{"id":18084,"date":"2022-05-30T14:24:44","date_gmt":"2022-05-30T11:24:44","guid":{"rendered":"https:\/\/iletim.istanbul.edu.tr\/?p=18084"},"modified":"2022-05-30T15:30:16","modified_gmt":"2022-05-30T12:30:16","slug":"istanbulun-sessiz-tarihi","status":"publish","type":"post","link":"https:\/\/iletim.istanbul.edu.tr\/index.php\/2022\/05\/30\/istanbulun-sessiz-tarihi\/","title":{"rendered":"\u0130stanbul\u2019un sessiz tarihi: \u0130talyan Apartman\u0131"},"content":{"rendered":"\n<p><strong>Haber: Berivan Erku\u015f<\/strong><\/p>\n\n\n\n<p>Tarih i\u00e7erisinde \u00e7ok \u00f6nemli eserlere ev sahipli\u011fi yapan \u0130stanbul<a>,<\/a> kendi i\u00e7inde bir k\u00fclt\u00fcr mozai\u011fi konumunda. Y\u00fczy\u0131llard\u0131r misafir etti\u011fi imparatorluklar\u0131n izlerini ta\u015f\u0131yan Yeditepeli \u015eehir, ara sokaklar\u0131nda sessizce y\u0131k\u0131lmaya terk edilen yap\u0131lar\u0131 da unutulmamak i\u00e7in ziyaret\u00e7ilerini beklemekte.<\/p>\n\n\n\n<p>Kad\u0131k\u00f6y\u2019\u00fcn Yelde\u011firmeni Mahallesi de bu meskenlerden birisi. Ad\u0131n\u0131 1. Abd\u00fclhamit\u2019in \u015fehrin un ihtiyac\u0131n\u0131 kar\u015f\u0131lamak \u00fczere yapt\u0131rd\u0131\u011f\u0131 4 adet de\u011firmenden alan Yelde\u011firmeni Mahallesi; ikonla\u015fm\u0131\u015f kedileriyle, denize a\u00e7\u0131lan sokaklar\u0131yla, tatl\u0131 balkon sohbetleriyle, \u0130stanbul\u2019un en nezih mahallelerinden birisi olarak biliniyor.<\/p>\n\n\n\n<figure class=\"wp-block-image size-full\"><img decoding=\"async\" width=\"768\" height=\"1024\" src=\"https:\/\/iletim.istanbul.edu.tr\/wp-content\/uploads\/3.jpeg\" alt=\"\" class=\"wp-image-18087\" srcset=\"https:\/\/iletim.istanbul.edu.tr\/wp-content\/uploads\/3.jpeg 768w, https:\/\/iletim.istanbul.edu.tr\/wp-content\/uploads\/3-225x300.jpeg 225w, https:\/\/iletim.istanbul.edu.tr\/wp-content\/uploads\/3-750x1000.jpeg 750w\" sizes=\"(max-width: 768px) 100vw, 768px\" \/><\/figure>\n\n\n\n<p><strong>Kad\u0131k\u00f6y\u2019\u00fcn 113 y\u0131ll\u0131k bek\u00e7isi<\/strong><\/p>\n\n\n\n<p>\u015eehrin ilk apartman semti olan bu mahalle, zamanla orijinal dokusunu kaybetse de ara sokaklar\u0131nda y\u00fcr\u00fcrken Haydarpa\u015fa Gar\u0131&#8217;n\u0131 keyifle izleyebilece\u011finiz bir konum olan \u0130skele Sokak&#8217;ta kar\u015f\u0131la\u015fabilece\u011finiz \u0130talyan Apartman\u0131 ya da di\u011fer ad\u0131yla Velpreda, hala ayakta ve &nbsp;113 y\u0131ll\u0131k mazisi ile Kad\u0131k\u00f6y\u2019\u00fcn 113 y\u0131ld\u0131r bek\u00e7isi.<\/p>\n\n\n\n<p>\u0130talyan Apartman\u0131 1909 senesinde Levi Kehribarc\u0131 taraf\u0131ndan in\u015fa edildi.&nbsp; \u0130talyan Apartman\u0131, Haydarpa\u015fa Gar\u0131&#8217;nda \u00e7al\u0131\u015fan \u0130talyan ta\u015f i\u015f\u00e7ilerinin konaklamas\u0131 i\u00e7in yap\u0131ld\u0131 ve ad\u0131n\u0131 buradan ald\u0131. Art Neuveu tarz\u0131 ile in\u015fa edilen, 7 katl\u0131 14 daireli \u0130talyan Apartman\u0131, ta\u015flar\u0131, giri\u015f kap\u0131lar\u0131n\u0131n kenarlar\u0131nda bulunan havagaz\u0131 ayd\u0131nlatma sistemiyle, s\u00fcslemeleriyle ve g\u00f6rkemli yap\u0131s\u0131yla dikkat \u00e7ekiyor.<\/p>\n\n\n\n<figure class=\"wp-block-image size-full\"><img decoding=\"async\" width=\"768\" height=\"1024\" src=\"https:\/\/iletim.istanbul.edu.tr\/wp-content\/uploads\/2-1.jpeg\" alt=\"\" class=\"wp-image-18086\" srcset=\"https:\/\/iletim.istanbul.edu.tr\/wp-content\/uploads\/2-1.jpeg 768w, https:\/\/iletim.istanbul.edu.tr\/wp-content\/uploads\/2-1-225x300.jpeg 225w, https:\/\/iletim.istanbul.edu.tr\/wp-content\/uploads\/2-1-750x1000.jpeg 750w\" sizes=\"(max-width: 768px) 100vw, 768px\" \/><\/figure>\n\n\n\n<p><strong>Zemininden Haydarpa\u015fa\u2019ya uzanan t\u00fcneller var<\/strong><\/p>\n\n\n\n<p>Velpreda, halk aras\u0131nda dolanan bir rivayetle de kendinden olduk\u00e7a bahsettiriyor. Apartmandan Haydarpa\u015fa Gar\u0131\u2019na uzanan gizli bir t\u00fcnel oldu\u011fu, &nbsp;d\u00f6nemin kritik \u015fartlar\u0131nda yap\u0131ld\u0131\u011f\u0131, daha sonra da giri\u015f ve \u00e7\u0131k\u0131\u015flar\u0131n\u0131n kapat\u0131ld\u0131\u011f\u0131, kulaktan kula\u011fa mahalleli aras\u0131nda f\u0131s\u0131ldan\u0131yor. Rivayeti hen\u00fcz yalanlayan hi\u00e7 kimse olmasa da do\u011frulayan kimse de yok. Ne de olsa rivayetler ara\u015ft\u0131r\u0131lamaz, halk efsanesine d\u00f6n\u00fc\u015f\u00fcr.<\/p>\n\n\n\n<p><strong>Bir ilkin daha sonu geliyor<\/strong> <\/p>\n\n\n\n<p>G\u00fcn\u00fcm\u00fczde bak\u0131ms\u0131z olarak faaliyet g\u00f6stermeye devam eden Apartman, binaya ilave olarak \u00e7\u0131k\u0131lan 2 ka\u00e7ak kat\u0131 ve onar\u0131lmay\u0131 bekleyen g\u00f6vdesi ile soka\u011f\u0131n kenar\u0131ndan Haydarpa\u015fa\u2019y\u0131 hala izlemekte. Velpreda, restore edilmeyip kaderine terk edilirse ya da bir afetle yok olursa, &#8220;Vakti zaman\u0131nda Yelde\u011firmeni\u2019nde, denize bakan g\u00fczeller g\u00fczeli bir \u0130talyan Apartman\u0131 vard\u0131\u2019\u2019 c\u00fcmleleriyle unutulmaya y\u00fcz tutmu\u015f eski bir hat\u0131ra olarak kalabilir.<\/p>\n","protected":false},"excerpt":{"rendered":"<p>Haber: Berivan Erku\u015f Tarih i\u00e7erisinde \u00e7ok \u00f6nemli eserlere ev sahipli\u011fi yapan \u0130stanbul, kendi i\u00e7inde bir k\u00fclt\u00fcr mozai\u011fi konumunda. Y\u00fczy\u0131llard\u0131r misafir etti\u011fi imparatorluklar\u0131n izlerini ta\u015f\u0131yan Yeditepeli \u015eehir, ara sokaklar\u0131nda sessizce y\u0131k\u0131lmaya terk edilen yap\u0131lar\u0131 da unutulmamak i\u00e7in ziyaret\u00e7ilerini beklemekte. Kad\u0131k\u00f6y\u2019\u00fcn Yelde\u011firmeni Mahallesi de bu meskenlerden birisi. Ad\u0131n\u0131 1. Abd\u00fclhamit\u2019in \u015fehrin un ihtiyac\u0131n\u0131 kar\u015f\u0131lamak \u00fczere yapt\u0131rd\u0131\u011f\u0131 4 [&hellip;]<\/p>\n","protected":false},"author":14,"featured_media":18085,"comment_status":"closed","ping_status":"open","sticky":false,"template":"","format":"standard","meta":{"jnews-multi-image_gallery":[],"jnews_single_post":{"subtitle":"","format":"standard","video":"","gallery":"","source_name":"","source_url":"","via_name":"","via_url":"","override_template":"0","override":[{"template":"1","single_blog_custom":"","parallax":"1","fullscreen":"1","layout":"double-sidebar","sidebar":"single-left","second_sidebar":"default-sidebar","sticky_sidebar":"1","share_position":"top","share_float_style":"share-monocrhome","show_share_counter":"1","show_view_counter":"1","show_featured":"1","show_post_meta":"1","show_post_author":"1","show_post_author_image":"1","show_post_date":"1","post_date_format":"default","post_date_format_custom":"Y\/m\/d","show_post_category":"1","show_post_reading_time":"0","post_reading_time_wpm":"300","show_zoom_button":"0","zoom_button_out_step":"2","zoom_button_in_step":"3","show_post_tag":"1","show_prev_next_post":"1","show_popup_post":"1","number_popup_post":"1","show_author_box":"0","show_post_related":"0","show_inline_post_related":"1"}],"override_image_size":"0","image_override":[{"single_post_thumbnail_size":"crop-500","single_post_gallery_size":"crop-500"}],"trending_post":"0","trending_post_position":"meta","trending_post_label":"Trending","sponsored_post":"0","sponsored_post_label":"Sponsored by","sponsored_post_name":"","sponsored_post_url":"","sponsored_post_logo_enable":"0","sponsored_post_logo":"","sponsored_post_desc":"","disable_ad":"0"},"jnews_primary_category":{"id":""},"jnews_social_meta":{"fb_title":"","fb_description":"","fb_image":"","twitter_title":"","twitter_description":"","twitter_image":""},"jnews_override_counter":{"override_view_counter":"0","view_counter_number":"0","override_share_counter":"0","share_counter_number":"0","override_like_counter":"0","like_counter_number":"0","override_dislike_counter":"0","dislike_counter_number":"0"},"footnotes":""},"categories":[1],"tags":[],"class_list":["post-18084","post","type-post","status-publish","format-standard","has-post-thumbnail","hentry","category-genel"],"_links":{"self":[{"href":"https:\/\/iletim.istanbul.edu.tr\/index.php\/wp-json\/wp\/v2\/posts\/18084","targetHints":{"allow":["GET"]}}],"collection":[{"href":"https:\/\/iletim.istanbul.edu.tr\/index.php\/wp-json\/wp\/v2\/posts"}],"about":[{"href":"https:\/\/iletim.istanbul.edu.tr\/index.php\/wp-json\/wp\/v2\/types\/post"}],"author":[{"embeddable":true,"href":"https:\/\/iletim.istanbul.edu.tr\/index.php\/wp-json\/wp\/v2\/users\/14"}],"replies":[{"embeddable":true,"href":"https:\/\/iletim.istanbul.edu.tr\/index.php\/wp-json\/wp\/v2\/comments?post=18084"}],"version-history":[{"count":0,"href":"https:\/\/iletim.istanbul.edu.tr\/index.php\/wp-json\/wp\/v2\/posts\/18084\/revisions"}],"wp:featuredmedia":[{"embeddable":true,"href":"https:\/\/iletim.istanbul.edu.tr\/index.php\/wp-json\/wp\/v2\/media\/18085"}],"wp:attachment":[{"href":"https:\/\/iletim.istanbul.edu.tr\/index.php\/wp-json\/wp\/v2\/media?parent=18084"}],"wp:term":[{"taxonomy":"category","embeddable":true,"href":"https:\/\/iletim.istanbul.edu.tr\/index.php\/wp-json\/wp\/v2\/categories?post=18084"},{"taxonomy":"post_tag","embeddable":true,"href":"https:\/\/iletim.istanbul.edu.tr\/index.php\/wp-json\/wp\/v2\/tags?post=18084"}],"curies":[{"name":"wp","href":"https:\/\/api.w.org\/{rel}","templated":true}]}}