{"id":18314,"date":"2022-09-26T13:09:46","date_gmt":"2022-09-26T10:09:46","guid":{"rendered":"https:\/\/iletim.istanbul.edu.tr\/?p=18314"},"modified":"2022-09-26T13:12:16","modified_gmt":"2022-09-26T10:12:16","slug":"reklamcilik-kulubu-yeni-uyeleriyle-bulusuyor","status":"publish","type":"post","link":"https:\/\/iletim.istanbul.edu.tr\/index.php\/2022\/09\/26\/reklamcilik-kulubu-yeni-uyeleriyle-bulusuyor\/","title":{"rendered":"Reklamc\u0131l\u0131k Kul\u00fcb\u00fc Yeni \u00dcyeleriyle Bulu\u015fuyor"},"content":{"rendered":"\n<p><strong>\u0130stanbul \u00dcniversitesi \u0130leti\u015fim Fak\u00fcltesi Reklamc\u0131l\u0131k Kul\u00fcb\u00fc, yeni \u00fcyelerini bekliyor. Kul\u00fcp \u00fcyeleri, \u0130leti\u015fim Fak\u00fcltesi bah\u00e7esinde a\u00e7\u0131lan stantta Reklamc\u0131l\u0131k Kul\u00fcb\u00fc hakk\u0131nda bilgilendirmede bulunuyor.<\/strong><\/p>\n\n\n\n<p>\u0130stanbul \u00dcniversitesi \u0130leti\u015fim Fak\u00fcltesinin en yeni kul\u00fcplerinden Reklamc\u0131l\u0131k Kul\u00fcb\u00fc, yeni \u00fcyeleriyle bulu\u015fuyor. \u0130leti\u015fim Fak\u00fcltesi bah\u00e7esinde kurulan stantta tan\u0131t\u0131m\u0131n\u0131 ger\u00e7ekle\u015ftiren Reklamc\u0131l\u0131k Kul\u00fcb\u00fc; \u00f6\u011frencilere kul\u00fcb\u00fcn yap\u0131s\u0131, faaliyetleri ve projeleri hakk\u0131nda bilgi aktar\u0131yor.<\/p>\n\n\n\n<p><strong>\u201c\u0130leti\u015fim K\u00f6pr\u00fcs\u00fc Olu\u015fturmak \u0130stiyoruz\u201d<\/strong><br>Reklamc\u0131l\u0131k Kul\u00fcb\u00fc hakk\u0131nda bilgi veren Halkla \u0130li\u015fkiler ve Tan\u0131t\u0131m B\u00f6l\u00fcm\u00fc ikinci s\u0131n\u0131f \u00f6\u011frencisi ve Kul\u00fcp Ba\u015fkan\u0131 Samet Kaplan, \u0130leti\u015fim Fak\u00fcltesinin gen\u00e7 bir kul\u00fcb\u00fc olarak \u00f6nemli \u00e7al\u0131\u015fmalar ger\u00e7ekle\u015ftirmek istediklerini belirtti. \u201cAmac\u0131m\u0131z sekt\u00f6rden insanlar\u0131 fak\u00fcltemize davet ederek hem \u00fcniversitemiz a\u00e7\u0131s\u0131ndan hem de \u00f6\u011frenciler a\u00e7\u0131s\u0131ndan bir ileti\u015fim k\u00f6pr\u00fcs\u00fc olu\u015fturmak\u201d diyen Kaplan, sekt\u00f6rle daha \u00e7ok ba\u011flant\u0131 kurmak istediklerini ve \u00f6\u011frencilerin sekt\u00f6re daha \u00e7ok ilgi duymas\u0131n\u0131 sa\u011flamaya \u00e7al\u0131\u015ft\u0131klar\u0131n\u0131 vurgulad\u0131.<\/p>\n\n\n\n<figure class=\"wp-block-image size-large\"><img decoding=\"async\" width=\"1024\" height=\"680\" src=\"https:\/\/iletim.istanbul.edu.tr\/wp-content\/uploads\/reklamcilik-kulubu-1024x680.jpg\" alt=\"\" class=\"wp-image-18317\" srcset=\"https:\/\/iletim.istanbul.edu.tr\/wp-content\/uploads\/reklamcilik-kulubu-1024x680.jpg 1024w, https:\/\/iletim.istanbul.edu.tr\/wp-content\/uploads\/reklamcilik-kulubu-300x199.jpg 300w, https:\/\/iletim.istanbul.edu.tr\/wp-content\/uploads\/reklamcilik-kulubu-768x510.jpg 768w, https:\/\/iletim.istanbul.edu.tr\/wp-content\/uploads\/reklamcilik-kulubu-1536x1020.jpg 1536w, https:\/\/iletim.istanbul.edu.tr\/wp-content\/uploads\/reklamcilik-kulubu-750x498.jpg 750w, https:\/\/iletim.istanbul.edu.tr\/wp-content\/uploads\/reklamcilik-kulubu-1140x757.jpg 1140w, https:\/\/iletim.istanbul.edu.tr\/wp-content\/uploads\/reklamcilik-kulubu.jpg 2000w\" sizes=\"(max-width: 1024px) 100vw, 1024px\" \/><\/figure>\n\n\n\n<p>Reklamc\u0131l\u0131k Kul\u00fcb\u00fc \u00fcyeleri, 26-27 Eyl\u00fcl 2022 tarihleri boyunca, \u0130leti\u015fim Fak\u00fcltesi bah\u00e7esindeki stantta, yeni \u00fcyeleriyle bulu\u015fmaya devam edecek.<\/p>\n","protected":false},"excerpt":{"rendered":"<p>\u0130stanbul \u00dcniversitesi \u0130leti\u015fim Fak\u00fcltesi Reklamc\u0131l\u0131k Kul\u00fcb\u00fc, yeni \u00fcyelerini bekliyor. Kul\u00fcp \u00fcyeleri, \u0130leti\u015fim Fak\u00fcltesi bah\u00e7esinde a\u00e7\u0131lan stantta Reklamc\u0131l\u0131k Kul\u00fcb\u00fc hakk\u0131nda bilgilendirmede bulunuyor. \u0130stanbul \u00dcniversitesi \u0130leti\u015fim Fak\u00fcltesinin en yeni kul\u00fcplerinden Reklamc\u0131l\u0131k Kul\u00fcb\u00fc, yeni \u00fcyeleriyle bulu\u015fuyor. \u0130leti\u015fim Fak\u00fcltesi bah\u00e7esinde kurulan stantta tan\u0131t\u0131m\u0131n\u0131 ger\u00e7ekle\u015ftiren Reklamc\u0131l\u0131k Kul\u00fcb\u00fc; \u00f6\u011frencilere kul\u00fcb\u00fcn yap\u0131s\u0131, faaliyetleri ve projeleri hakk\u0131nda bilgi aktar\u0131yor. \u201c\u0130leti\u015fim K\u00f6pr\u00fcs\u00fc Olu\u015fturmak \u0130stiyoruz\u201dReklamc\u0131l\u0131k [&hellip;]<\/p>\n","protected":false},"author":14,"featured_media":18316,"comment_status":"closed","ping_status":"open","sticky":false,"template":"","format":"standard","meta":{"jnews-multi-image_gallery":[],"jnews_single_post":{"subtitle":"","format":"standard","video":"","gallery":"","source_name":"","source_url":"","via_name":"","via_url":"","override_template":"0","override":[{"template":"1","single_blog_custom":"","parallax":"1","fullscreen":"1","layout":"double-sidebar","sidebar":"single-left","second_sidebar":"default-sidebar","sticky_sidebar":"1","share_position":"top","share_float_style":"share-monocrhome","show_share_counter":"1","show_view_counter":"1","show_featured":"1","show_post_meta":"1","show_post_author":"1","show_post_author_image":"1","show_post_date":"1","post_date_format":"default","post_date_format_custom":"Y\/m\/d","show_post_category":"1","show_post_reading_time":"0","post_reading_time_wpm":"300","show_zoom_button":"0","zoom_button_out_step":"2","zoom_button_in_step":"3","show_post_tag":"1","show_prev_next_post":"1","show_popup_post":"1","number_popup_post":"1","show_author_box":"0","show_post_related":"0","show_inline_post_related":"1"}],"override_image_size":"0","image_override":[{"single_post_thumbnail_size":"crop-500","single_post_gallery_size":"crop-500"}],"trending_post":"0","trending_post_position":"meta","trending_post_label":"Trending","sponsored_post":"0","sponsored_post_label":"Sponsored by","sponsored_post_name":"","sponsored_post_url":"","sponsored_post_logo_enable":"0","sponsored_post_logo":"","sponsored_post_desc":"","disable_ad":"0"},"jnews_primary_category":{"id":""},"jnews_social_meta":{"fb_title":"","fb_description":"","fb_image":"","twitter_title":"","twitter_description":"","twitter_image":""},"jnews_override_counter":{"override_view_counter":"0","view_counter_number":"0","override_share_counter":"0","share_counter_number":"0","override_like_counter":"0","like_counter_number":"0","override_dislike_counter":"0","dislike_counter_number":"0"},"footnotes":""},"categories":[1,178],"tags":[2104,2105,2103],"class_list":["post-18314","post","type-post","status-publish","format-standard","has-post-thumbnail","hentry","category-genel","category-fakultemizden","tag-iletisim-fakultesi-reklamcilik-kulubu","tag-reklamcilik","tag-reklamcilik-kulubu"],"_links":{"self":[{"href":"https:\/\/iletim.istanbul.edu.tr\/index.php\/wp-json\/wp\/v2\/posts\/18314","targetHints":{"allow":["GET"]}}],"collection":[{"href":"https:\/\/iletim.istanbul.edu.tr\/index.php\/wp-json\/wp\/v2\/posts"}],"about":[{"href":"https:\/\/iletim.istanbul.edu.tr\/index.php\/wp-json\/wp\/v2\/types\/post"}],"author":[{"embeddable":true,"href":"https:\/\/iletim.istanbul.edu.tr\/index.php\/wp-json\/wp\/v2\/users\/14"}],"replies":[{"embeddable":true,"href":"https:\/\/iletim.istanbul.edu.tr\/index.php\/wp-json\/wp\/v2\/comments?post=18314"}],"version-history":[{"count":0,"href":"https:\/\/iletim.istanbul.edu.tr\/index.php\/wp-json\/wp\/v2\/posts\/18314\/revisions"}],"wp:featuredmedia":[{"embeddable":true,"href":"https:\/\/iletim.istanbul.edu.tr\/index.php\/wp-json\/wp\/v2\/media\/18316"}],"wp:attachment":[{"href":"https:\/\/iletim.istanbul.edu.tr\/index.php\/wp-json\/wp\/v2\/media?parent=18314"}],"wp:term":[{"taxonomy":"category","embeddable":true,"href":"https:\/\/iletim.istanbul.edu.tr\/index.php\/wp-json\/wp\/v2\/categories?post=18314"},{"taxonomy":"post_tag","embeddable":true,"href":"https:\/\/iletim.istanbul.edu.tr\/index.php\/wp-json\/wp\/v2\/tags?post=18314"}],"curies":[{"name":"wp","href":"https:\/\/api.w.org\/{rel}","templated":true}]}}