{"id":19261,"date":"2022-11-30T11:24:00","date_gmt":"2022-11-30T08:24:00","guid":{"rendered":"https:\/\/iletim.istanbul.edu.tr\/?p=19261"},"modified":"2022-12-01T15:10:41","modified_gmt":"2022-12-01T12:10:41","slug":"gazeteci-tv-yapimcisi-nuri-colakoglu-gencler-dijital-cagin-en-onemli-teknoloji-tasiyicilari","status":"publish","type":"post","link":"https:\/\/iletim.istanbul.edu.tr\/index.php\/2022\/11\/30\/gazeteci-tv-yapimcisi-nuri-colakoglu-gencler-dijital-cagin-en-onemli-teknoloji-tasiyicilari\/","title":{"rendered":"Gazeteci-TV Yap\u0131mc\u0131s\u0131 Nuri \u00c7olako\u011flu: &#8220;Gen\u00e7ler, dijital \u00e7a\u011f\u0131n en \u00f6nemli teknoloji ta\u015f\u0131y\u0131c\u0131lar\u0131&#8221;"},"content":{"rendered":"\n<p><strong><em>Haber: Raziye Sayaslan<\/em><\/strong><\/p>\n\n\n\n<p><strong><em>\u0130stanbul \u00dcniversitesi Haber Merkezi<\/em><\/strong><\/p>\n\n\n\n<p><strong><em>\u0130stanbul \u00dcniversitesi (\u0130\u00dc) \u0130ktisat Fak\u00fcltesi \u0130\u015fletme Kul\u00fcb\u00fc taraf\u0131ndan d\u00fczenlenen &#8220;Nuri \u00c7olako\u011flu ile Ge\u00e7mi\u015ften G\u00fcn\u00fcm\u00fcze Medya&#8221; ba\u015fl\u0131kl\u0131 s\u00f6yle\u015fi, \u0130\u00dc \u0130ktisat Fak\u00fcltesi&#8217;nde ger\u00e7ekle\u015ftirildi. S\u00f6yle\u015fiye medya sekt\u00f6r\u00fcn\u00fcn \u00f6nde gelen isimlerinden Nuri \u00c7olako\u011flu konuk oldu. \u00c7olako\u011flu, \u00f6\u011frencilere medyan\u0131n d\u00f6n\u00fc\u015f\u00fcm\u00fc ve gelece\u011fi hakk\u0131nda tavsiyelerde bulundu.<\/em><\/strong><\/p>\n\n\n\n<p>\u0130\u00dc \u0130ktisat Fak\u00fcltesi \u00f6\u011frenci kul\u00fcplerinden \u0130\u015fletme Kul\u00fcb\u00fc&#8217;n\u00fcn ger\u00e7ekle\u015ftirdi\u011fi &#8220;<em>Nuri \u00c7olako\u011flu ile Ge\u00e7mi\u015ften G\u00fcn\u00fcm\u00fcze Medya<\/em>&#8221; s\u00f6yle\u015fisi, 25 Kas\u0131m&#8217;da yap\u0131ld\u0131. \u00d6\u011frencilere medyan\u0131n yap\u0131s\u0131 hakk\u0131nda a\u00e7\u0131klamalarda bulunan \u00c7olako\u011flu, medyada kar\u015f\u0131la\u015f\u0131labilecek zorluklar ve bu alanda ayakta kalabilmenin g\u00fc\u00e7l\u00fckleri hakk\u0131nda konu\u015ftu. Medyan\u0131n i\u015flevlerine de de\u011finen \u00c7olako\u011flu, toplumun hassas oldu\u011fu noktalara medya arac\u0131l\u0131\u011f\u0131yla dokunurken do\u011fru bir tutum sergilenmesi gerekti\u011fini vurgulayarak &#8220;E\u011fer medyada rol alacaksan\u0131z, hi\u00e7bir \u015feyden y\u0131lmamal\u0131s\u0131n\u0131z&#8221; dedi.<\/p>\n\n\n<div class=\"wp-block-image\">\n<figure class=\"aligncenter size-large\"><img decoding=\"async\" width=\"1024\" height=\"680\" src=\"https:\/\/iletim.istanbul.edu.tr\/wp-content\/uploads\/WhatsApp-Image-2022-11-29-at-13.22.58-1024x680.jpeg\" alt=\"\" class=\"wp-image-19288\" srcset=\"https:\/\/iletim.istanbul.edu.tr\/wp-content\/uploads\/WhatsApp-Image-2022-11-29-at-13.22.58-1024x680.jpeg 1024w, https:\/\/iletim.istanbul.edu.tr\/wp-content\/uploads\/WhatsApp-Image-2022-11-29-at-13.22.58-300x199.jpeg 300w, https:\/\/iletim.istanbul.edu.tr\/wp-content\/uploads\/WhatsApp-Image-2022-11-29-at-13.22.58-768x510.jpeg 768w, https:\/\/iletim.istanbul.edu.tr\/wp-content\/uploads\/WhatsApp-Image-2022-11-29-at-13.22.58-1536x1020.jpeg 1536w, https:\/\/iletim.istanbul.edu.tr\/wp-content\/uploads\/WhatsApp-Image-2022-11-29-at-13.22.58-750x498.jpeg 750w, https:\/\/iletim.istanbul.edu.tr\/wp-content\/uploads\/WhatsApp-Image-2022-11-29-at-13.22.58-1140x757.jpeg 1140w, https:\/\/iletim.istanbul.edu.tr\/wp-content\/uploads\/WhatsApp-Image-2022-11-29-at-13.22.58.jpeg 2048w\" sizes=\"(max-width: 1024px) 100vw, 1024px\" \/><\/figure><\/div>\n\n\n<p>S\u00f6yle\u015finin devam\u0131nda \u00c7olako\u011flu, dijitalle\u015fme ve teknoloji konusunu da ele alarak, gen\u00e7lerin, dijital \u00e7a\u011f\u0131n en \u00f6nemli teknoloji ta\u015f\u0131y\u0131c\u0131lar\u0131 oldu\u011funu s\u00f6yledi.<\/p>\n\n\n\n<p>&#8220;Nuri \u00c7olako\u011flu ile Ge\u00e7mi\u015ften G\u00fcn\u00fcm\u00fcze Medya&#8221; s\u00f6yle\u015fisi, \u0130\u00dc \u0130ktisat Fak\u00fcltesi Dekan Yard\u0131mc\u0131s\u0131 Dr. \u00d6\u011fr. \u00dcyesi Billur Engin Bal\u0131n&#8217;\u0131n \u00c7olako\u011flu&#8217;na hediye takdimi ve toplu foto\u011fraf \u00e7ekimiyle sona erdi.<\/p>\n\n\n\n<figure class=\"wp-block-gallery has-nested-images columns-default is-cropped wp-block-gallery-1 is-layout-flex wp-block-gallery-is-layout-flex\">\n<figure class=\"wp-block-image size-large\"><img decoding=\"async\" width=\"2048\" height=\"1360\" data-id=\"19287\" src=\"https:\/\/iletim.istanbul.edu.tr\/wp-content\/uploads\/WhatsApp-Image-2022-11-29-at-13.22.57.jpeg\" alt=\"\" class=\"wp-image-19287\" srcset=\"https:\/\/iletim.istanbul.edu.tr\/wp-content\/uploads\/WhatsApp-Image-2022-11-29-at-13.22.57.jpeg 2048w, https:\/\/iletim.istanbul.edu.tr\/wp-content\/uploads\/WhatsApp-Image-2022-11-29-at-13.22.57-300x199.jpeg 300w, https:\/\/iletim.istanbul.edu.tr\/wp-content\/uploads\/WhatsApp-Image-2022-11-29-at-13.22.57-1024x680.jpeg 1024w, https:\/\/iletim.istanbul.edu.tr\/wp-content\/uploads\/WhatsApp-Image-2022-11-29-at-13.22.57-768x510.jpeg 768w, https:\/\/iletim.istanbul.edu.tr\/wp-content\/uploads\/WhatsApp-Image-2022-11-29-at-13.22.57-1536x1020.jpeg 1536w, https:\/\/iletim.istanbul.edu.tr\/wp-content\/uploads\/WhatsApp-Image-2022-11-29-at-13.22.57-750x498.jpeg 750w, https:\/\/iletim.istanbul.edu.tr\/wp-content\/uploads\/WhatsApp-Image-2022-11-29-at-13.22.57-1140x757.jpeg 1140w\" sizes=\"(max-width: 2048px) 100vw, 2048px\" \/><\/figure>\n\n\n\n<figure class=\"wp-block-image size-large\"><img decoding=\"async\" width=\"2000\" height=\"1328\" data-id=\"19277\" src=\"https:\/\/iletim.istanbul.edu.tr\/wp-content\/uploads\/DSC_0839.jpg\" alt=\"\" class=\"wp-image-19277\" srcset=\"https:\/\/iletim.istanbul.edu.tr\/wp-content\/uploads\/DSC_0839.jpg 2000w, https:\/\/iletim.istanbul.edu.tr\/wp-content\/uploads\/DSC_0839-300x199.jpg 300w, https:\/\/iletim.istanbul.edu.tr\/wp-content\/uploads\/DSC_0839-1024x680.jpg 1024w, https:\/\/iletim.istanbul.edu.tr\/wp-content\/uploads\/DSC_0839-768x510.jpg 768w, https:\/\/iletim.istanbul.edu.tr\/wp-content\/uploads\/DSC_0839-1536x1020.jpg 1536w, https:\/\/iletim.istanbul.edu.tr\/wp-content\/uploads\/DSC_0839-750x498.jpg 750w, https:\/\/iletim.istanbul.edu.tr\/wp-content\/uploads\/DSC_0839-1140x757.jpg 1140w\" sizes=\"(max-width: 2000px) 100vw, 2000px\" \/><\/figure>\n<\/figure>\n","protected":false},"excerpt":{"rendered":"<p>Haber: Raziye Sayaslan \u0130stanbul \u00dcniversitesi Haber Merkezi \u0130stanbul \u00dcniversitesi (\u0130\u00dc) \u0130ktisat Fak\u00fcltesi \u0130\u015fletme Kul\u00fcb\u00fc taraf\u0131ndan d\u00fczenlenen &#8220;Nuri \u00c7olako\u011flu ile Ge\u00e7mi\u015ften G\u00fcn\u00fcm\u00fcze Medya&#8221; ba\u015fl\u0131kl\u0131 s\u00f6yle\u015fi, \u0130\u00dc \u0130ktisat Fak\u00fcltesi&#8217;nde ger\u00e7ekle\u015ftirildi. S\u00f6yle\u015fiye medya sekt\u00f6r\u00fcn\u00fcn \u00f6nde gelen isimlerinden Nuri \u00c7olako\u011flu konuk oldu. \u00c7olako\u011flu, \u00f6\u011frencilere medyan\u0131n d\u00f6n\u00fc\u015f\u00fcm\u00fc ve gelece\u011fi hakk\u0131nda tavsiyelerde bulundu. \u0130\u00dc \u0130ktisat Fak\u00fcltesi \u00f6\u011frenci kul\u00fcplerinden \u0130\u015fletme Kul\u00fcb\u00fc&#8217;n\u00fcn ger\u00e7ekle\u015ftirdi\u011fi [&hellip;]<\/p>\n","protected":false},"author":14,"featured_media":19382,"comment_status":"closed","ping_status":"open","sticky":false,"template":"","format":"standard","meta":{"jnews-multi-image_gallery":[],"jnews_single_post":{"subtitle":"","format":"standard","video":"","gallery":"","source_name":"","source_url":"","via_name":"","via_url":"","override_template":"0","override":[{"template":"1","single_blog_custom":"","parallax":"1","fullscreen":"1","layout":"double-sidebar","sidebar":"single-left","second_sidebar":"default-sidebar","sticky_sidebar":"1","share_position":"top","share_float_style":"share-monocrhome","show_share_counter":"1","show_view_counter":"1","show_featured":"1","show_post_meta":"1","show_post_author":"1","show_post_author_image":"1","show_post_date":"1","post_date_format":"default","post_date_format_custom":"Y\/m\/d","show_post_category":"1","show_post_reading_time":"0","post_reading_time_wpm":"300","show_zoom_button":"0","zoom_button_out_step":"2","zoom_button_in_step":"3","show_post_tag":"1","show_prev_next_post":"1","show_popup_post":"1","number_popup_post":"1","show_author_box":"0","show_post_related":"0","show_inline_post_related":"1"}],"override_image_size":"0","image_override":[{"single_post_thumbnail_size":"crop-500","single_post_gallery_size":"crop-500"}],"trending_post":"0","trending_post_position":"meta","trending_post_label":"Trending","sponsored_post":"0","sponsored_post_label":"Sponsored by","sponsored_post_name":"","sponsored_post_url":"","sponsored_post_logo_enable":"0","sponsored_post_logo":"","sponsored_post_desc":"","disable_ad":"0"},"jnews_primary_category":{"id":""},"jnews_social_meta":{"fb_title":"","fb_description":"","fb_image":"","twitter_title":"","twitter_description":"","twitter_image":""},"jnews_override_counter":{"override_view_counter":"0","view_counter_number":"0","override_share_counter":"0","share_counter_number":"0","override_like_counter":"0","like_counter_number":"0","override_dislike_counter":"0","dislike_counter_number":"0"},"footnotes":""},"categories":[1,34,2085,2348,35],"tags":[2305,2302,2304,2303],"class_list":["post-19261","post","type-post","status-publish","format-standard","has-post-thumbnail","hentry","category-genel","category-universite","category-manset-haber","category-manset-yani","category-yasam","tag-gecmisten-gunumuze-medya-soylesisi","tag-nuri-colakoglu","tag-nuri-colakoglu-ile-gecmisten-gunumuze-medya","tag-nuri-colakoglu-iu-soylesisi"],"_links":{"self":[{"href":"https:\/\/iletim.istanbul.edu.tr\/index.php\/wp-json\/wp\/v2\/posts\/19261","targetHints":{"allow":["GET"]}}],"collection":[{"href":"https:\/\/iletim.istanbul.edu.tr\/index.php\/wp-json\/wp\/v2\/posts"}],"about":[{"href":"https:\/\/iletim.istanbul.edu.tr\/index.php\/wp-json\/wp\/v2\/types\/post"}],"author":[{"embeddable":true,"href":"https:\/\/iletim.istanbul.edu.tr\/index.php\/wp-json\/wp\/v2\/users\/14"}],"replies":[{"embeddable":true,"href":"https:\/\/iletim.istanbul.edu.tr\/index.php\/wp-json\/wp\/v2\/comments?post=19261"}],"version-history":[{"count":0,"href":"https:\/\/iletim.istanbul.edu.tr\/index.php\/wp-json\/wp\/v2\/posts\/19261\/revisions"}],"wp:featuredmedia":[{"embeddable":true,"href":"https:\/\/iletim.istanbul.edu.tr\/index.php\/wp-json\/wp\/v2\/media\/19382"}],"wp:attachment":[{"href":"https:\/\/iletim.istanbul.edu.tr\/index.php\/wp-json\/wp\/v2\/media?parent=19261"}],"wp:term":[{"taxonomy":"category","embeddable":true,"href":"https:\/\/iletim.istanbul.edu.tr\/index.php\/wp-json\/wp\/v2\/categories?post=19261"},{"taxonomy":"post_tag","embeddable":true,"href":"https:\/\/iletim.istanbul.edu.tr\/index.php\/wp-json\/wp\/v2\/tags?post=19261"}],"curies":[{"name":"wp","href":"https:\/\/api.w.org\/{rel}","templated":true}]}}