{"id":19298,"date":"2022-11-30T12:51:40","date_gmt":"2022-11-30T09:51:40","guid":{"rendered":"https:\/\/iletim.istanbul.edu.tr\/?p=19298"},"modified":"2022-11-30T13:22:59","modified_gmt":"2022-11-30T10:22:59","slug":"suleymaniye-ve-vefanin-vefali-esnaflari","status":"publish","type":"post","link":"https:\/\/iletim.istanbul.edu.tr\/index.php\/2022\/11\/30\/suleymaniye-ve-vefanin-vefali-esnaflari\/","title":{"rendered":"S\u00fcleymaniye ve Vefa\u2019n\u0131n Vefal\u0131 Esnaflar\u0131"},"content":{"rendered":"\n<p><strong><em>Haber: Ece Nur Naml\u0131<\/em><\/strong><\/p>\n\n\n\n<p><strong><em>G\u00f6rsel Tasar\u0131m: Teoman S\u00fcalp <\/em><\/strong><\/p>\n\n\n\n<p><strong><em>\u0130stanbul \u00dcniversitesi Haber Merkezi<\/em><\/strong><\/p>\n\n\n\n<p><strong><em>Nerede eski esnaflar? Nerede eski esnafl\u0131k? Bu ve bunun gibi sorular\u0131 hep duymaktay\u0131z. Tarihi Yar\u0131m Ada\u2019n\u0131n \u00f6nemli bir par\u00e7as\u0131 olan, Kanuni Sultan S\u00fcleyman\u2019\u0131n b\u0131rakt\u0131\u011f\u0131 izleri g\u00fcn\u00fcm\u00fcze kadar ya\u015fatan S\u00fcleymaniye ve Vefa\u2019n\u0131n esnaflar\u0131 \u0130stanbul \u00dcniversitesi Haber Merkezi\u2019ne konu\u015ftu.<\/em><\/strong><\/p>\n\n\n\n<p>T\u00fcketim al\u0131\u015fkanl\u0131klar\u0131n\u0131n de\u011fi\u015fmesi, her \u015feyin online bir hal almas\u0131, dijitalin her alan\u0131 ele ge\u00e7irmesi ve insanlar\u0131n kolaya \u00e7abuk uyum sa\u011flamas\u0131yla esnafl\u0131k da d\u00f6n\u00fc\u015f\u00fcme u\u011frad\u0131. Eskiden sahaf sahaf gezer, al\u0131\u015fveri\u015fimizi pazar \u00e7ar\u015f\u0131 dola\u015farak yapar, yemeklerimizi yerinde yerdik. \u015eimdilerde ise her \u015fey dijitalde y\u00fcr\u00fcyor. Esnaflar sipari\u015flerini uygulamalar \u00fczerinden al\u0131yor, m\u00fc\u015fteriler ise yerine gitmektense daha \u00e7ok online al\u0131\u015fveri\u015fi tercih ediyor. De\u011fi\u015fim yaln\u0131zca bununla s\u0131n\u0131rl\u0131 de\u011fil. \u0130nsanlar\u0131n birbirine yabanc\u0131la\u015fmas\u0131, g\u00fcven ortam\u0131n\u0131n azalmas\u0131 ve eski esnafl\u0131\u011f\u0131n \u00f6lmeye ba\u015flamas\u0131 da bu s\u00fcrece eklenince ne yedi\u011fimiz yemeklerin ne de kokusunu almadan elimize gelen kitaplar\u0131n tad\u0131n\u0131 alabilir olduk.<\/p>\n\n\n\n<p>Esnafl\u0131k deyince; eski samimiyetini, ruhunu koruyan, buram buram tarih kokan S\u00fcleymaniye ve Vefa esnaf\u0131ndan y\u0131llar\u0131n sahaf\u0131yla, ilk fasulyeciyle ve S\u00fcleymaniye \u00c7ikolatac\u0131s\u0131 ile konu\u015ftuk. Hepsinin ayr\u0131 bir hik\u00e2yesi, yolculu\u011fu ve samimiyeti var. Bug\u00fcnlerde bile bizlere eski esnafl\u0131k ruhunu hissettiren ayn\u0131 zamanda ya\u015fatan S\u00fcleymaniye ve Vefa\u2019n\u0131n vefal\u0131 esnaflar\u0131\u2026<\/p>\n\n\n\n<p><strong>\u201c\u0130stanbul\u2019un ba\u015fka bir yerinde Vefa&#8217;daki esnafl\u0131\u011f\u0131 bulamazs\u0131n\u0131z\u201d<\/strong><\/p>\n\n\n\n<p>Vefa\u2019n\u0131n ilk kuru fasulyecilerinden olan, Tarihi Vefa Kuru Fasulyecisi\u2019nin sahibi Mustafa Ayd\u0131n\u2019\u0131n hikayesi 42 y\u0131l \u00f6nce ba\u015flam\u0131\u015f. Vefa\u2019n\u0131n en bilinen esnaflar\u0131ndan biri olan Ayd\u0131n i\u00e7in esnafl\u0131k s\u0131f\u0131rdan ba\u015flay\u0131p kendi hikayesini yazd\u0131\u011f\u0131 uzun y\u0131llara dayan\u0131yor. Ayd\u0131n, Vefa\u2019daki esnafl\u0131\u011f\u0131n \u00f6lmedi\u011fini ve o \u00e7evredeki esnafl\u0131\u011f\u0131n \u0130stanbul\u2019un hi\u00e7bir yerinde bulunamayaca\u011f\u0131n\u0131 vurguluyor.<\/p>\n\n\n\n<p>Bu kadar ad\u0131n\u0131 duyurmu\u015f bir kuru fasulyeci olmadan y\u0131llar evvel, tezg\u00e2hta bula\u015f\u0131k y\u0131kayarak i\u015fe en temelden ba\u015flad\u0131\u011f\u0131n\u0131 s\u00f6yl\u00fcyor. 4 y\u0131l boyunca bula\u015f\u0131k y\u0131kad\u0131\u011f\u0131n\u0131, mutfa\u011fa girmedi\u011fini, yaln\u0131zca uzaktan izledi\u011fini belirtiyor. Ayd\u0131n, \u201cDirekt olarak tezg\u00e2ha ya da yanlar\u0131na alm\u0131\u015f olsalard\u0131 bu kadar ba\u015far\u0131l\u0131 olamazd\u0131m\u201d diyor.<\/p>\n\n\n\n<p>Vefa \u00e7evresinde pek \u00e7ok \u00fcnlenmi\u015f kuru fasulyeci bulunmakta ancak Ayd\u0131n, Vefa \u00e7evresinin ilk kuru fasulyecisi. Ayd\u0131n\u2019\u0131n bug\u00fcnlere gelmesi bak\u0131ld\u0131\u011f\u0131 kadar kolay olmam\u0131\u015f. Bu meslekte y\u0131llarca \u00e7al\u0131\u015f\u0131p pi\u015fmi\u015f. Ayd\u0131n, \u201cBu i\u015fe, \u00e7ocukluk zamanlar\u0131mda, memleketim Konya\u2019da amcam\u0131n ve babam\u0131n yan\u0131nda bula\u015f\u0131k y\u0131kay\u0131p yard\u0131m ederek ba\u015flad\u0131m. \u0130stanbul\u2019a gelince 17 y\u0131l S\u00fcleymaniye\u2019de \u00e7al\u0131\u015ft\u0131m. Alibaba Kanaat Lokantas\u0131 vard\u0131, oran\u0131n ustal\u0131\u011f\u0131n\u0131 yapt\u0131m. Oras\u0131 sonra el de\u011fi\u015ftirdi. Ben de onlarla \u00e7al\u0131\u015fmak istemedim. Zaten y\u0131llar i\u00e7inde ustal\u0131k \u00f6\u011frendim, lezzetimi oturtturdum. Bu nedenle de kendi d\u00fckkan\u0131m\u0131 a\u00e7mak istedim. Bu g\u00f6rd\u00fc\u011f\u00fcn\u00fcz lezzetlerin hepsi benim. \u0130stanbul\u2019a 1979\u2019da ilk geldi\u011fim zamanlar buralar\u0131 geziyordum. Bu \u00e7evreyi, Vefa\u2019y\u0131 da seviyordum. D\u00fckkan\u0131m\u0131 a\u00e7aca\u011f\u0131m zaman hem yak\u0131n b\u00f6lgede olsun diye hem de Vefa\u2019y\u0131 sevdi\u011fim i\u00e7in buray\u0131 se\u00e7tim\u201d dedi.<\/p>\n\n\n\n<p><strong>\u201cVefa\u2019da esnafl\u0131k \u00f6lmez\u201d<\/strong><\/p>\n\n\n\n<p>Vefa ve \u00e7evresinde esnafl\u0131\u011f\u0131n \u00f6lmeyece\u011fini, bu \u00e7evrede ger\u00e7ek esnafl\u0131\u011f\u0131n oldu\u011funu vurgulayan Ayd\u0131n, \u201cBurada benim gibi eski esnaflar var. Biz b\u00fcy\u00fcklerimizden ne g\u00f6r\u00fcyorsak onu yap\u0131yoruz. Bu i\u015fte ustalar\u0131mdan b\u00fcy\u00fcklerimden g\u00f6rd\u00fc\u011f\u00fcm gibi ben de bir\u00e7ok \u00f6\u011frenciye yard\u0131m ettim. Baz\u0131 \u00f6\u011frencilerin durumu olmad\u0131\u011f\u0131n\u0131 g\u00f6rd\u00fc\u011f\u00fcmde onlara yemek ikram ediyorum ama onlara zengin bir m\u00fc\u015fteri geldi ve \u00f6dedi diyorum. \u00c7ocuklar daha sonra gelip sorduklar\u0131nda tan\u0131m\u0131yorum diyorum. Bir g\u00fcn \u00f6\u011frenciyken s\u00fcrekli yeme\u011fimi yiyen bir \u00e7ocuk okulu bitirince geldi. Dedi ki mezun oldum bari \u015fimdi s\u00f6yle kimdi o hay\u0131rsever, dedim ki bendim. Neden b\u00f6yle bir \u015fey yapt\u0131n dedi. Ben de ona benim de iki tane k\u0131z\u0131m var okuyor, onlar da \u00f6\u011frenci, g\u00fcn geliyor belki bana ceplerinde paralar\u0131n\u0131n olmad\u0131\u011f\u0131n\u0131 s\u00f6yleyemiyorlar dedim. Allah okuyan herkese zihin a\u00e7\u0131kl\u0131\u011f\u0131 versin. \u00dclkemizin gelece\u011fi gen\u00e7lerimize emanet. Allah yollar\u0131n\u0131 a\u00e7\u0131k etsin. T\u00fcrkiye&#8217;nin gelece\u011fi onlara ba\u011fl\u0131\u201d dedi.<\/p>\n\n\n\n<p>Her yolun kendine g\u00f6re zorlu\u011fu oldu\u011funu vurgulayan Ayd\u0131n, kendi d\u00fckkan\u0131n\u0131 a\u00e7t\u0131\u011f\u0131 esnada Vefa\u2019da esnafl\u0131\u011f\u0131n bitti\u011fini, k\u00f6r noktada d\u00fckk\u00e2n a\u00e7t\u0131\u011f\u0131n\u0131 s\u00f6yleyenlerin oldu\u011funu ancak kendisinin Vefa\u2019da esnafl\u0131k yapman\u0131n hay\u0131rl\u0131 olaca\u011f\u0131na inand\u0131\u011f\u0131n\u0131 s\u00f6yledi. Ayd\u0131n, \u201cBiri tabelay\u0131 ast\u0131\u011f\u0131mda dedi ki yanl\u0131\u015f anlama sana ak\u0131l vermek gibi olmas\u0131n ama intihar ediyorsun. Niye dedim, kimse gelmez buraya dedi ama Allah\u2019a \u00e7ok \u015f\u00fck\u00fcr ak\u015fama kalmadan yemekler bitiyor\u201d dedi.<\/p>\n\n\n<div class=\"wp-block-image\">\n<figure class=\"aligncenter size-full\"><img decoding=\"async\" width=\"551\" height=\"712\" src=\"https:\/\/iletim.istanbul.edu.tr\/wp-content\/uploads\/c483e978-2e99-42a8-924b-1c149271e241.jpg\" alt=\"\" class=\"wp-image-19305\" srcset=\"https:\/\/iletim.istanbul.edu.tr\/wp-content\/uploads\/c483e978-2e99-42a8-924b-1c149271e241.jpg 551w, https:\/\/iletim.istanbul.edu.tr\/wp-content\/uploads\/c483e978-2e99-42a8-924b-1c149271e241-232x300.jpg 232w\" sizes=\"(max-width: 551px) 100vw, 551px\" \/><\/figure><\/div>\n\n\n<p><strong>\u201c\u0130stanbul \u00dcniversitesi\u2019nin \u00f6\u011frencileriyle i\u00e7 i\u00e7e olmak \u00e7ok g\u00fczel\u201d<\/strong><\/p>\n\n\n\n<p>\u0130stanbul \u00dcniversitesi\u2019nin burada olmas\u0131n\u0131n, \u00f6\u011frencilerle i\u00e7 i\u00e7e olman\u0131n \u00e7ok g\u00fczel oldu\u011funu vurgularken onu tan\u0131yan, yeme\u011fini yiyen ve y\u0131llar ge\u00e7se de selam veren \u00e7ok \u00f6\u011frencinin oldu\u011funu belirten Ayd\u0131n, S\u00fcleymaniye\u2019de \u00e7al\u0131\u015f\u0131rken ustas\u0131n\u0131n ona, paras\u0131 olmasa bile \u00f6\u011frenciyi geldi\u011finde doyurup g\u00f6ndermesini s\u00f6yledi\u011fini ve o mutlaka sana maddi olmasa bile manevi bir \u015fekilde geri d\u00f6ner dedi\u011fini anlatt\u0131. Ayd\u0131n, \u00f6\u011frenciye de\u011fer vermeyi ustas\u0131ndan ve b\u00fcy\u00fcklerinden \u00f6\u011frendi\u011fini s\u00f6yledi.<\/p>\n\n\n\n<p>\u0130stanbul \u00dcniversitesi\u2019nden y\u0131llarca pek \u00e7ok \u00f6\u011frencinin m\u00fc\u015fterisi oldu\u011funu, \u00e7ocuklar\u0131n bir nevi elinde b\u00fcy\u00fcd\u00fc\u011f\u00fcn\u00fc ve hatta aralar\u0131ndan y\u00fcksek konumlara gelen ki\u015filerin bile oldu\u011funu kaydeden Ayd\u0131n, \u0130stanbul \u00dcniversitesi\u2019nde zaman\u0131nda \u00f6\u011frenci olup \u015fimdi Erzincan\u2019a vali olan, Batman\u2019da cumhuriyet ba\u015fsavc\u0131s\u0131 olan, K\u00fctahya\u2019da il emniyet m\u00fcd\u00fcr\u00fc olan \u0130stanbul\u2019a geldiklerinde yanlar\u0131na u\u011frayan bu \u015fekilde bir s\u00fcr\u00fc ki\u015finin oldu\u011funu s\u00f6yledi. Pandemi zaman\u0131nda \u00f6\u011frencilerin yoklu\u011funu hissetti\u011fine, normalle\u015fme olduk\u00e7a ve \u00f6\u011frenciler tekrar geldik\u00e7e bu \u00e7evrenin \u015fenlendi\u011fine de de\u011finen Ayd\u0131n, son olarak ise \u015fu c\u00fcmleleri ekledi: \u201cD\u0131\u015far\u0131dan \u015fube a\u00e7al\u0131m ortak olal\u0131m diyenler oldu, oluyor da. Ama kabul etmiyorum. Ben \u0130stanbul \u00dcniversitesi \u00e7evresinde olmay\u0131 ve Vefa\u2019y\u0131 seviyorum. Bu \u00e7evre g\u00fczel, iyi bir \u00e7evre. Herkeste yak\u0131nl\u0131k, esnafl\u0131k, kom\u015fuluk var. Bu \u00e7evrenin g\u00fczel bir ruhu var.&#8221;<\/p>\n\n\n\n<p><strong>Gazetecilikten Sahafl\u0131\u011fa Uzanan Bir Hayat Hikayesi<\/strong><\/p>\n\n\n\n<p>Gen\u00e7li\u011finde Ca\u011falo\u011flu&#8217;nda gazetecilik yapan Mustafa Haz\u0131m Bey kitaplara olan \u00f6zel ilgisi nedeniyle 25-30 y\u0131ld\u0131r da \u0130stanbul \u00dcniversitesi \u00e7evresinde sahafl\u0131k yapmakta. Mustafa Haz\u0131m Bey \u00e7ocuklu\u011funun da bu \u00e7evrede, Tarihi Yar\u0131mada\u2019da ge\u00e7ti\u011fini, buran\u0131n bir ruhu oldu\u011funa inand\u0131\u011f\u0131n\u0131 ve bu \u00e7evre i\u00e7inden uzakla\u015fmad\u0131\u011f\u0131n\u0131 s\u00f6yledi. \u00c7ocuklu\u011fundan beri kitaplarla b\u00fcy\u00fcd\u00fc\u011f\u00fcn\u00fc, evlerinde babas\u0131n\u0131n b\u00fcy\u00fck bir kitapl\u0131\u011f\u0131 oldu\u011funu ve hala saklad\u0131\u011f\u0131n\u0131 anlatt\u0131.<\/p>\n\n\n\n<p><strong>\u201cSahafl\u0131\u011f\u0131 da esnafl\u0131\u011f\u0131 da Kapal\u0131\u00e7ar\u015f\u0131\u2019n\u0131n eski sahaflar\u0131ndan \u00f6\u011frendim\u201d<\/strong><\/p>\n\n\n\n<p>Eskiden sahafl\u0131\u011f\u0131n daha yayg\u0131n ve de\u011ferli oldu\u011funu kaydeden Mustafa Haz\u0131m Bey g\u00fcn\u00fcm\u00fczde sahafl\u0131\u011f\u0131n b\u00fcy\u00fck oranda bitti\u011fini, eski kitaplar\u0131n yerini g\u00fcncel kitaplar\u0131n ald\u0131\u011f\u0131n\u0131 s\u00f6yledi. Ustalar\u0131ndan ve sahafl\u0131ktan \u00f6\u011frendi\u011fi en \u00f6nemli \u015feyin kitaplarla kurulan ba\u011f oldu\u011funu belirten Mustafa Haz\u0131m Bey, \u201cUstalar\u0131m\u0131zdan \u015funu \u00f6\u011frendik; kitab\u0131 okumasan da o kitab\u0131n seninle bir ileti\u015fimi olabiliyor. Bu \u00e7ok \u00f6nemli bir \u015fey, manevi bir \u015fey. Soyut bir ileti\u015fim var kitapla insan aras\u0131nda, yani onun i\u00e7indeki \u015feyler seninle bir alaka kuruyor. \u0130\u015fte kitap\u00e7\u0131l\u0131\u011f\u0131n b\u00f6yle de bir \u015feyi var\u201d dedi.<\/p>\n\n\n<div class=\"wp-block-image\">\n<figure class=\"aligncenter size-full\"><img decoding=\"async\" width=\"334\" height=\"593\" src=\"https:\/\/iletim.istanbul.edu.tr\/wp-content\/uploads\/1eba02c0-cc6f-4842-9fe1-8302227fc450.jpg\" alt=\"\" class=\"wp-image-19309\" srcset=\"https:\/\/iletim.istanbul.edu.tr\/wp-content\/uploads\/1eba02c0-cc6f-4842-9fe1-8302227fc450.jpg 334w, https:\/\/iletim.istanbul.edu.tr\/wp-content\/uploads\/1eba02c0-cc6f-4842-9fe1-8302227fc450-169x300.jpg 169w\" sizes=\"(max-width: 334px) 100vw, 334px\" \/><\/figure><\/div>\n\n\n<p><strong>&#8220;M\u00fczik, dekorasyon, koku; bunlar \u00f6nemli\u201d<\/strong><\/p>\n\n\n\n<p>D\u00fckkan\u0131n\u0131n bu atmosferinin hem \u00f6zel zevkinden kaynakl\u0131 oldu\u011funu hem de bir zamanlar u\u011fra\u015ft\u0131\u011f\u0131 bir i\u015fe dayand\u0131\u011f\u0131n\u0131 vurgulayan Mustafa Haz\u0131m Bey, \u201cBir d\u00f6nem Beyo\u011flu Pera&#8217;da vitrin dekorat\u00f6rl\u00fc\u011f\u00fc yapt\u0131m. O zamanlar, 60\u2019lar\u0131n sonu 70\u2019lerin ba\u015f\u0131 farkl\u0131 bir d\u00f6nemdi. Frans\u0131zca konu\u015fulurdu. G\u00fczel giyimli kad\u0131nlar vard\u0131. \u00c7ok \u015f\u0131k bir atmosferdi. Frans\u0131z kal\u0131plar \u00fczerinden \u00e7al\u0131\u015fan, me\u015fhur bir terzinin butik d\u00fckkan\u0131nda \u00e7al\u0131\u015f\u0131yordum. \u00c7ok zenginlerin geldi\u011fi, pahal\u0131 olan \u015feylerin sat\u0131ld\u0131\u011f\u0131, o zaman\u0131n en g\u00f6rkemli d\u00fckkanlar\u0131ndan biriydi oras\u0131. B\u00fct\u00fcn kalbur\u00fcst\u00fc insanlar oray\u0131 bilirlerdi. O k\u00fc\u00e7\u00fck vitrinde \u00e7ok g\u00fczel dekorlar yapard\u0131k. \u00d6yle bir d\u00f6nemde i\u00e7 dekorasyonla ilgilenince \u00e7ok geni\u015f bilgilere sahip oldum. Kitab\u0131 g\u00fczel g\u00f6steren zenginle\u015ftiren aksesuarlar kullan\u0131yorum onlar da zevkime uygun \u015feyler oluyor. Bence benim d\u00fckkan\u0131m gibi d\u00fckkanlar olmal\u0131. M\u00fczik, dekorasyon, koku; bunlar \u00f6nemli\u201d dedi. D\u00fckkan\u0131na gelen \u00f6\u011frencilerin ve m\u00fc\u015fterilerinin d\u00fckk\u00e2n\u0131 foto\u011fraflad\u0131\u011f\u0131n\u0131 belirten Mustafa Haz\u0131m Bey, m\u00fchim olan\u0131n g\u00fczel bir atmosfer sunmak oldu\u011funu ve m\u00fc\u015fterilerin kitap alsalar da almasalar da kitaplarla ilgilenmelerinin \u00f6nemli oldu\u011funu ekledi.<\/p>\n\n\n\n<p><strong>\u201c\u0130stanbul \u00dcniversitesi \u00e7evresinde esnaf olmak, gen\u00e7li\u011fi daha iyi tan\u0131ma imkan\u0131na sahip olmak demek\u201d<\/strong><\/p>\n\n\n\n<p>Mustafa Haz\u0131m Bey, \u00fcniversitenin \u00e7evresinde y\u0131llarca bulunman\u0131n ve gen\u00e7lerle i\u00e7 i\u00e7e y\u0131llar ge\u00e7irmenin en b\u00fcy\u00fck art\u0131s\u0131n\u0131n, gen\u00e7li\u011fi daha iyi tan\u0131ma imk\u00e2n\u0131 bulmak oldu\u011funu vurgulad\u0131. De\u011fi\u015fimleri daha kolay izledi\u011fini, gen\u00e7lerden umutlu oldu\u011funu ve gen\u00e7lerin d\u00f6rt nala ko\u015ftu\u011funu s\u00f6yledi.<\/p>\n\n\n\n<p>Yaln\u0131zca \u015fu zamanlar\u0131n\u0131n de\u011fil, \u00e7ocuklu\u011funun ve gen\u00e7li\u011finin de bu \u00e7evrede ge\u00e7ti\u011fini belirten Mustafa Haz\u0131m Bey anlatt\u0131klar\u0131n\u0131 \u015fu an\u0131s\u0131yla sonland\u0131rd\u0131: \u201cBu \u00e7evrede yeti\u015ftim, b\u00fcy\u00fcd\u00fcm. \u00dcniversitenin \u00e7evresinde bulundum, arkada\u015flar\u0131m da buralardayd\u0131. Daha k\u00fc\u00e7\u00fck s\u0131n\u0131flardayken \u00fcniversiteli abilerimiz bizlere ders g\u00f6sterirlerdi. O zamanlar \u00e7ok ayd\u0131n bir gen\u00e7lik vard\u0131. Temel bilgileri o \u00fcniversiteli abilerimizden ald\u0131k. O \u00fcniversitenin i\u00e7inde b\u00fcy\u00fcd\u00fck.\u201d<\/p>\n\n\n<div class=\"wp-block-image\">\n<figure class=\"aligncenter size-full\"><img decoding=\"async\" width=\"436\" height=\"776\" src=\"https:\/\/iletim.istanbul.edu.tr\/wp-content\/uploads\/afcad998-b9f3-4735-b538-430f8793582b.jpg\" alt=\"\" class=\"wp-image-19307\" srcset=\"https:\/\/iletim.istanbul.edu.tr\/wp-content\/uploads\/afcad998-b9f3-4735-b538-430f8793582b.jpg 436w, https:\/\/iletim.istanbul.edu.tr\/wp-content\/uploads\/afcad998-b9f3-4735-b538-430f8793582b-169x300.jpg 169w\" sizes=\"(max-width: 436px) 100vw, 436px\" \/><\/figure><\/div>\n\n\n<p><strong>\u201cS\u00fcleymaniye \u00e7ikolatac\u0131s\u0131 olarak S\u00fcleymaniye\u2019nin ruhunu ya\u015fatmak istedik\u201d<\/strong><\/p>\n\n\n\n<p>Seyit Mehmet \u00c7a\u011fr\u0131c\u0131, S\u00fcleymaniye \u00c7ikolatac\u0131s\u0131\u2019n\u0131n hikayesini anlat\u0131rken bu yolculu\u011fa 7 y\u0131l \u00f6nce hen\u00fcz \u00fcniversiteden mezun d\u00f6rt arkada\u015f olarak at\u0131ld\u0131klar\u0131n\u0131 s\u00f6yledi. \u00c7a\u011fr\u0131c\u0131, neden S\u00fcleymaniye \u00e7evresinde d\u00fckk\u00e2n a\u00e7t\u0131klar\u0131na ve hikayelerine \u015fu \u015fekilde de\u011findi: \u201cBiz \u0130stanbul \u00dcniversitesi mezunu de\u011filiz. Ben Yeditepe \u00dcniversitesi Edebiyat Fak\u00fcltesi mezunuyum, ortaklar\u0131m da end\u00fcstri, makine mezunu. \u00c7ok farkl\u0131 alanlardayd\u0131k asl\u0131nda. Bizi ortak arkada\u015flar\u0131m\u0131z bir araya getirdi. \u00d6rnek veriyorum; benim Bursal\u0131 bir arkada\u015f\u0131m vard\u0131, beni Mustafa Y\u0131ld\u0131r\u0131m ile tan\u0131\u015ft\u0131rd\u0131. Fakat s\u00fcre\u00e7 i\u00e7erisinde biz birbirimizle o kadar kayna\u015ft\u0131k ki o bizi tan\u0131\u015ft\u0131ran arkada\u015flar halkan\u0131n d\u0131\u015f\u0131nda kald\u0131. Hikayemizin ba\u015flang\u0131c\u0131 b\u00f6yle, \u00e7ok k\u00fc\u00e7\u00fck bir b\u00fct\u00e7eyle ba\u015flad\u0131k. Niye bu lokasyon diye d\u00fc\u015f\u00fcn\u00fcrseniz e\u011fer, burada \u00e7ok fazla i\u015fletme var fakat profesyonel i\u015fleyen i\u015fletme neredeyse hi\u00e7 yok. En az\u0131ndan biz geldi\u011fimizde hi\u00e7 yoktu, \u015fu an bir iki tane var. \u0130nsanlar\u0131n rahat edebilece\u011fi keyifli vakit ge\u00e7irebilece\u011fi bir ortam olu\u015fturmak istedik. Biz buray\u0131 kurdu\u011fumuzda her \u00fcr\u00fcn\u00fc hikayele\u015ftirdik. T\u00fcrk k\u00fclt\u00fcr\u00fcnden birka\u00e7 katk\u0131 yapt\u0131k. \u00dcr\u00fcnlerimizin isimleri farkl\u0131, mesela Bezm\u00e2ra. Unutulmu\u015f bir isim, musikideki bir us\u00fcl ismi, g\u00fczellik meclisi anlam\u0131na geliyor. \u00dcr\u00fcnlerimizin bir hikayesinin olmas\u0131 laz\u0131md\u0131. \u00d6ylesine a\u00e7\u0131lm\u0131\u015f bir i\u015fletmemiz yok. Dekora, tarza geldi\u011fimiz zaman da bulundu\u011fumuz semt Kanuni Sultan S\u00fcleyman&#8217;\u0131n ismini ta\u015f\u0131yor. Biz burada bir d\u00fckk\u00e2n bulduysak buran\u0131n ismi S\u00fcleymaniye \u00c7ikolatac\u0131s\u0131 olmal\u0131 dedik. Yani doku tamamen 16. y\u00fczy\u0131l\u0131n S\u00fcleymaniye&#8217;si. Mesela biz bu noktada da etraf\u0131m\u0131zdan, e\u015fimizden dostumuzdan fikir ald\u0131k. Kitaplar\u0131 kurcalad\u0131k ama bu i\u015f\u00e7ili\u011fi tamamen kendimiz yapt\u0131k\u201d dedi.<\/p>\n\n\n<div class=\"wp-block-image\">\n<figure class=\"aligncenter size-large is-resized\"><img decoding=\"async\" src=\"https:\/\/iletim.istanbul.edu.tr\/wp-content\/uploads\/65a41a93-fe1f-4596-94a8-b9fcbc0d5e3d-1024x576.jpg\" alt=\"\" class=\"wp-image-19306\" width=\"1024\" height=\"576\" srcset=\"https:\/\/iletim.istanbul.edu.tr\/wp-content\/uploads\/65a41a93-fe1f-4596-94a8-b9fcbc0d5e3d-1024x576.jpg 1024w, https:\/\/iletim.istanbul.edu.tr\/wp-content\/uploads\/65a41a93-fe1f-4596-94a8-b9fcbc0d5e3d-300x169.jpg 300w, https:\/\/iletim.istanbul.edu.tr\/wp-content\/uploads\/65a41a93-fe1f-4596-94a8-b9fcbc0d5e3d-768x432.jpg 768w, https:\/\/iletim.istanbul.edu.tr\/wp-content\/uploads\/65a41a93-fe1f-4596-94a8-b9fcbc0d5e3d-750x422.jpg 750w, https:\/\/iletim.istanbul.edu.tr\/wp-content\/uploads\/65a41a93-fe1f-4596-94a8-b9fcbc0d5e3d-1140x641.jpg 1140w, https:\/\/iletim.istanbul.edu.tr\/wp-content\/uploads\/65a41a93-fe1f-4596-94a8-b9fcbc0d5e3d.jpg 1280w\" sizes=\"(max-width: 1024px) 100vw, 1024px\" \/><\/figure><\/div>\n\n\n<p><\/p>\n\n\n<div class=\"wp-block-image\">\n<figure class=\"aligncenter size-full\"><img decoding=\"async\" width=\"298\" height=\"530\" src=\"https:\/\/iletim.istanbul.edu.tr\/wp-content\/uploads\/1c2444d9-26d0-4435-9120-d492393fbc0f.jpg\" alt=\"\" class=\"wp-image-19308\" srcset=\"https:\/\/iletim.istanbul.edu.tr\/wp-content\/uploads\/1c2444d9-26d0-4435-9120-d492393fbc0f.jpg 298w, https:\/\/iletim.istanbul.edu.tr\/wp-content\/uploads\/1c2444d9-26d0-4435-9120-d492393fbc0f-169x300.jpg 169w\" sizes=\"(max-width: 298px) 100vw, 298px\" \/><\/figure><\/div>","protected":false},"excerpt":{"rendered":"<p>Haber: Ece Nur Naml\u0131 G\u00f6rsel Tasar\u0131m: Teoman S\u00fcalp \u0130stanbul \u00dcniversitesi Haber Merkezi Nerede eski esnaflar? Nerede eski esnafl\u0131k? Bu ve bunun gibi sorular\u0131 hep duymaktay\u0131z. Tarihi Yar\u0131m Ada\u2019n\u0131n \u00f6nemli bir par\u00e7as\u0131 olan, Kanuni Sultan S\u00fcleyman\u2019\u0131n b\u0131rakt\u0131\u011f\u0131 izleri g\u00fcn\u00fcm\u00fcze kadar ya\u015fatan S\u00fcleymaniye ve Vefa\u2019n\u0131n esnaflar\u0131 \u0130stanbul \u00dcniversitesi Haber Merkezi\u2019ne konu\u015ftu. T\u00fcketim al\u0131\u015fkanl\u0131klar\u0131n\u0131n de\u011fi\u015fmesi, her \u015feyin online [&hellip;]<\/p>\n","protected":false},"author":14,"featured_media":19312,"comment_status":"closed","ping_status":"open","sticky":false,"template":"","format":"standard","meta":{"jnews-multi-image_gallery":[],"jnews_single_post":{"subtitle":"","format":"standard","video":"","gallery":"","source_name":"","source_url":"","via_name":"","via_url":"","override_template":"0","override":[{"template":"1","single_blog_custom":"","parallax":"1","fullscreen":"1","layout":"double-sidebar","sidebar":"single-left","second_sidebar":"default-sidebar","sticky_sidebar":"1","share_position":"top","share_float_style":"share-monocrhome","show_share_counter":"1","show_view_counter":"1","show_featured":"1","show_post_meta":"1","show_post_author":"1","show_post_author_image":"1","show_post_date":"1","post_date_format":"default","post_date_format_custom":"Y\/m\/d","show_post_category":"1","show_post_reading_time":"0","post_reading_time_wpm":"300","show_zoom_button":"0","zoom_button_out_step":"2","zoom_button_in_step":"3","show_post_tag":"1","show_prev_next_post":"1","show_popup_post":"1","number_popup_post":"1","show_author_box":"0","show_post_related":"0","show_inline_post_related":"1"}],"override_image_size":"0","image_override":[{"single_post_thumbnail_size":"crop-500","single_post_gallery_size":"crop-500"}],"trending_post":"0","trending_post_position":"meta","trending_post_label":"Trending","sponsored_post":"0","sponsored_post_label":"Sponsored by","sponsored_post_name":"","sponsored_post_url":"","sponsored_post_logo_enable":"0","sponsored_post_logo":"","sponsored_post_desc":"","disable_ad":"0"},"jnews_primary_category":{"id":""},"jnews_social_meta":{"fb_title":"","fb_description":"","fb_image":"","twitter_title":"","twitter_description":"","twitter_image":""},"jnews_override_counter":{"override_view_counter":"0","view_counter_number":"0","override_share_counter":"0","share_counter_number":"0","override_like_counter":"0","like_counter_number":"0","override_dislike_counter":"0","dislike_counter_number":"0"},"footnotes":""},"categories":[1,2085,35],"tags":[2325,2317,2318,2311,2315,2323,2313,2319,2324,2314,2321,2312],"class_list":["post-19298","post","type-post","status-publish","format-standard","has-post-thumbnail","hentry","category-genel","category-manset-haber","category-yasam","tag-bezmara-ne-demek","tag-sahaf-mustafa-hazim-bey","tag-suleymaniye-cikolatacisi-tarihi","tag-suleymaniye-esnaflari","tag-suleymaniye-ilk-kuru-fasulyeci","tag-suleymaniye-kuru-fasulyeciler","tag-suleymaniyede-esnaflar","tag-suleymaniyedeki-sahaflar","tag-tarihi-vefa-kuru-fasulyecisi","tag-vefada-esnaflar","tag-vefadaki-sahaflar","tag-vefanin-esnaflari"],"_links":{"self":[{"href":"https:\/\/iletim.istanbul.edu.tr\/index.php\/wp-json\/wp\/v2\/posts\/19298","targetHints":{"allow":["GET"]}}],"collection":[{"href":"https:\/\/iletim.istanbul.edu.tr\/index.php\/wp-json\/wp\/v2\/posts"}],"about":[{"href":"https:\/\/iletim.istanbul.edu.tr\/index.php\/wp-json\/wp\/v2\/types\/post"}],"author":[{"embeddable":true,"href":"https:\/\/iletim.istanbul.edu.tr\/index.php\/wp-json\/wp\/v2\/users\/14"}],"replies":[{"embeddable":true,"href":"https:\/\/iletim.istanbul.edu.tr\/index.php\/wp-json\/wp\/v2\/comments?post=19298"}],"version-history":[{"count":0,"href":"https:\/\/iletim.istanbul.edu.tr\/index.php\/wp-json\/wp\/v2\/posts\/19298\/revisions"}],"wp:featuredmedia":[{"embeddable":true,"href":"https:\/\/iletim.istanbul.edu.tr\/index.php\/wp-json\/wp\/v2\/media\/19312"}],"wp:attachment":[{"href":"https:\/\/iletim.istanbul.edu.tr\/index.php\/wp-json\/wp\/v2\/media?parent=19298"}],"wp:term":[{"taxonomy":"category","embeddable":true,"href":"https:\/\/iletim.istanbul.edu.tr\/index.php\/wp-json\/wp\/v2\/categories?post=19298"},{"taxonomy":"post_tag","embeddable":true,"href":"https:\/\/iletim.istanbul.edu.tr\/index.php\/wp-json\/wp\/v2\/tags?post=19298"}],"curies":[{"name":"wp","href":"https:\/\/api.w.org\/{rel}","templated":true}]}}