{"id":19304,"date":"2022-11-29T17:57:37","date_gmt":"2022-11-29T14:57:37","guid":{"rendered":"https:\/\/iletim.istanbul.edu.tr\/?p=19304"},"modified":"2022-11-29T18:49:21","modified_gmt":"2022-11-29T15:49:21","slug":"prof-dr-ali-murat-vural-gazetecilik-her-zaman-sevkle-yapilmasi-gereken-bir-meslektir","status":"publish","type":"post","link":"https:\/\/iletim.istanbul.edu.tr\/index.php\/2022\/11\/29\/prof-dr-ali-murat-vural-gazetecilik-her-zaman-sevkle-yapilmasi-gereken-bir-meslektir\/","title":{"rendered":"Prof. Dr. Ali Murat Vural: &#8220;Gazetecilik her zaman \u015fevkle yap\u0131lmas\u0131 gereken bir meslektir&#8221;"},"content":{"rendered":"\n<p><strong><em>Haber: Raziye Sayaslan<\/em><\/strong><\/p>\n\n\n\n<p><strong><em>\u0130stanbul \u00dcniversitesi Haber Merkezi<\/em><\/strong><\/p>\n\n\n\n<p><strong><em>\u0130stanbul \u00dcniversitesi (\u0130\u00dc) Haber Merkezi toplant\u0131s\u0131, 29 Kas\u0131m&#8217;da, iki oturum halinde ger\u00e7ekle\u015ftirildi. Toplant\u0131n\u0131n ilk oturumu Gazetecilik B\u00f6l\u00fcm\u00fc Ba\u015fkan\u0131 Prof. Dr. Ali Murat Vural<\/em>&#8216;\u0131n koordinat\u00f6rl\u00fc\u011f\u00fcnde yap\u0131ld\u0131. <em>Prof. Dr. Vural&#8217;\u0131n, \u00f6\u011frencilere gazetecilik mesle\u011finin ve \u0130\u00dc Haber Merkezi&#8217;nin \u00f6nemi hakk\u0131nda a\u00e7\u0131klamalarda bulundu\u011fu toplant\u0131n\u0131n 2. oturumunda, \u0130\u00dc Gazetecilik B\u00f6l\u00fcm\u00fc \u00d6\u011fretim \u00dcyesi Do\u00e7. Dr. H\u00fclya Semiz T\u00fcrko\u011flu ve \u0130\u00dc RTS B\u00f6l\u00fcm\u00fc \u00d6\u011fretim \u00dcyesi Do\u00e7. Dr. F\u0131rat Tufan <\/em>\u00f6\u011frencilerle bir araya gelerek, podcast yay\u0131nc\u0131l\u0131\u011f\u0131yla ilgili bilgiler payla\u015ft\u0131.<\/strong><\/p>\n\n\n\n<p>\u0130\u00dc \u0130leti\u015fim Fak\u00fcltesi Haber Merkezi&#8217;nde genel toplant\u0131 ger\u00e7ekle\u015ftirildi. Toplant\u0131n\u0131n ilk oturumu, \u0130\u00dc \u0130leti\u015fim Fak\u00fcltesi Gazetecilik B\u00f6l\u00fcm\u00fc Ba\u015fkan\u0131 Prof. Dr. Ali Murat Vural&#8217;\u0131n koordinat\u00f6rl\u00fc\u011f\u00fcnde yap\u0131ld\u0131. Haber Merkezi&#8217;nin yeni yap\u0131lanmas\u0131 ve ger\u00e7ekle\u015ftirilecek faaliyetler hakk\u0131nda \u00f6\u011frencilere bilgiler aktaran Prof. Dr. Vural, \u0130\u00dc \u0130leti\u015fim fak\u00fcltesi \u00f6\u011frencilerinin, milyonlarca ki\u015fiye geride b\u0131rakarak b\u00f6l\u00fcmlerine yerle\u015fmi\u015f olan se\u00e7kin \u00f6\u011frenciler oldu\u011funu vurgulad\u0131. <\/p>\n\n\n\n<figure class=\"wp-block-image size-full\"><img decoding=\"async\" width=\"1023\" height=\"604\" src=\"https:\/\/iletim.istanbul.edu.tr\/wp-content\/uploads\/toplanti-2-1.jpg\" alt=\"\" class=\"wp-image-19342\" srcset=\"https:\/\/iletim.istanbul.edu.tr\/wp-content\/uploads\/toplanti-2-1.jpg 1023w, https:\/\/iletim.istanbul.edu.tr\/wp-content\/uploads\/toplanti-2-1-300x177.jpg 300w, https:\/\/iletim.istanbul.edu.tr\/wp-content\/uploads\/toplanti-2-1-768x453.jpg 768w, https:\/\/iletim.istanbul.edu.tr\/wp-content\/uploads\/toplanti-2-1-750x443.jpg 750w\" sizes=\"(max-width: 1023px) 100vw, 1023px\" \/><\/figure>\n\n\n\n<p>\u0130leti\u015fim Fak\u00fcltesi ve Gazetecilik B\u00f6l\u00fcm\u00fc olarak, \u00f6\u011frencilerin geli\u015fimine katk\u0131 sa\u011flayacak her t\u00fcrl\u00fc \u00e7al\u0131\u015fmay\u0131 b\u00fcy\u00fck bir heyecanla yapmaya \u00e7al\u0131\u015ft\u0131klar\u0131n\u0131 kaydeden Prof. Dr. Vural, Haber Merkezi&#8217;nin \u00f6\u011frenciler i\u00e7in \u00e7ok \u00f6nemli bir deneyim alan\u0131 oldu\u011funun alt\u0131n\u0131 \u00e7izdi. \u0130fadelerine gazetecilik mesle\u011finin \u00f6nemini vurgulayarak devam eden Prof. Dr. Vural, &#8220;Ben gazetecilik sahas\u0131ndan gelme bir \u00f6\u011fretim \u00fcyesiyim. 35 y\u0131l\u0131m\u0131 bu mesle\u011fe ve e\u011fitimine verdim. Gazetecilik her zaman \u015fevkle yap\u0131lmas\u0131 gereken bir meslektir. Gazetecilik yapmak i\u00e7in do\u011fru, h\u0131zl\u0131 ve ger\u00e7ek\u00e7i olmal\u0131y\u0131z&#8221; dedi. Haber Merkezi&#8217;nde bas\u0131n toplant\u0131s\u0131 sim\u00fclasyonlar\u0131 gibi bir\u00e7ok yeni \u00e7al\u0131\u015fma yap\u0131laca\u011f\u0131n\u0131 ve medya sekt\u00f6r\u00fcnden profesyonel isimlerin at\u00f6lyeler vermeye gelece\u011fini kaydeden Prof. Dr. Vural, &#8220;B\u00fct\u00fcn bu faaliyetlerle tecr\u00fcbenizi geli\u015ftireceksiniz ve i\u015f hayat\u0131na ad\u0131m atman\u0131z \u00e7ok daha kolay olacak&#8221; dedi. <\/p>\n\n\n\n<figure class=\"wp-block-gallery has-nested-images columns-default is-cropped wp-block-gallery-1 is-layout-flex wp-block-gallery-is-layout-flex\">\n<figure class=\"wp-block-image size-large\"><img decoding=\"async\" width=\"2048\" height=\"1360\" data-id=\"19315\" src=\"https:\/\/iletim.istanbul.edu.tr\/wp-content\/uploads\/WhatsApp-Image-2022-11-29-at-16.33.12.jpeg\" alt=\"\" class=\"wp-image-19315\" srcset=\"https:\/\/iletim.istanbul.edu.tr\/wp-content\/uploads\/WhatsApp-Image-2022-11-29-at-16.33.12.jpeg 2048w, https:\/\/iletim.istanbul.edu.tr\/wp-content\/uploads\/WhatsApp-Image-2022-11-29-at-16.33.12-300x199.jpeg 300w, https:\/\/iletim.istanbul.edu.tr\/wp-content\/uploads\/WhatsApp-Image-2022-11-29-at-16.33.12-1024x680.jpeg 1024w, https:\/\/iletim.istanbul.edu.tr\/wp-content\/uploads\/WhatsApp-Image-2022-11-29-at-16.33.12-768x510.jpeg 768w, https:\/\/iletim.istanbul.edu.tr\/wp-content\/uploads\/WhatsApp-Image-2022-11-29-at-16.33.12-1536x1020.jpeg 1536w, https:\/\/iletim.istanbul.edu.tr\/wp-content\/uploads\/WhatsApp-Image-2022-11-29-at-16.33.12-750x498.jpeg 750w, https:\/\/iletim.istanbul.edu.tr\/wp-content\/uploads\/WhatsApp-Image-2022-11-29-at-16.33.12-1140x757.jpeg 1140w\" sizes=\"(max-width: 2048px) 100vw, 2048px\" \/><\/figure>\n\n\n\n<figure class=\"wp-block-image size-large\"><img decoding=\"async\" width=\"2048\" height=\"1360\" data-id=\"19314\" src=\"https:\/\/iletim.istanbul.edu.tr\/wp-content\/uploads\/WhatsApp-Image-2022-11-29-at-16.33.07.jpeg\" alt=\"\" class=\"wp-image-19314\" srcset=\"https:\/\/iletim.istanbul.edu.tr\/wp-content\/uploads\/WhatsApp-Image-2022-11-29-at-16.33.07.jpeg 2048w, https:\/\/iletim.istanbul.edu.tr\/wp-content\/uploads\/WhatsApp-Image-2022-11-29-at-16.33.07-300x199.jpeg 300w, https:\/\/iletim.istanbul.edu.tr\/wp-content\/uploads\/WhatsApp-Image-2022-11-29-at-16.33.07-1024x680.jpeg 1024w, https:\/\/iletim.istanbul.edu.tr\/wp-content\/uploads\/WhatsApp-Image-2022-11-29-at-16.33.07-768x510.jpeg 768w, https:\/\/iletim.istanbul.edu.tr\/wp-content\/uploads\/WhatsApp-Image-2022-11-29-at-16.33.07-1536x1020.jpeg 1536w, https:\/\/iletim.istanbul.edu.tr\/wp-content\/uploads\/WhatsApp-Image-2022-11-29-at-16.33.07-750x498.jpeg 750w, https:\/\/iletim.istanbul.edu.tr\/wp-content\/uploads\/WhatsApp-Image-2022-11-29-at-16.33.07-1140x757.jpeg 1140w\" sizes=\"(max-width: 2048px) 100vw, 2048px\" \/><\/figure>\n<\/figure>\n\n\n\n<p><\/p>\n\n\n\n<p>Toplant\u0131n\u0131n ikinci oturumu, Gazetecilik B\u00f6l\u00fcm\u00fc \u00d6\u011fretim \u00dcyesi ve Haber Merkezi Sorumlusu Do\u00e7. Dr. H\u00fclya Semiz T\u00fcrko\u011flu ve Radyo Televizyon ve Sinema (RTS) B\u00f6l\u00fcm\u00fc \u00d6\u011fretim \u00dcyesi ve Radyo \u0130leti\u015fim Sorumlusu Do\u00e7. Dr. F\u0131rat Tufan&#8217;\u0131n koordinat\u00f6rl\u00fc\u011f\u00fcnde ger\u00e7ekle\u015ftirildi. Do\u00e7. Dr. Semiz T\u00fcrko\u011flu ve Do\u00e7. Dr. Tufan&#8217;\u0131n, podcast yay\u0131nc\u0131l\u0131\u011f\u0131 hakk\u0131nda bilgiler verdi\u011fi toplant\u0131da, Haber Merkezi&#8217;nde ger\u00e7ekle\u015fecek yeni \u00e7al\u0131\u015fmalar ele al\u0131nd\u0131.<\/p>\n\n\n<div class=\"wp-block-image\">\n<figure class=\"aligncenter size-large\"><img decoding=\"async\" width=\"1024\" height=\"680\" src=\"https:\/\/iletim.istanbul.edu.tr\/wp-content\/uploads\/WhatsApp-Image-2022-11-29-at-16.33.08-1-1024x680.jpeg\" alt=\"\" class=\"wp-image-19316\" srcset=\"https:\/\/iletim.istanbul.edu.tr\/wp-content\/uploads\/WhatsApp-Image-2022-11-29-at-16.33.08-1-1024x680.jpeg 1024w, https:\/\/iletim.istanbul.edu.tr\/wp-content\/uploads\/WhatsApp-Image-2022-11-29-at-16.33.08-1-300x199.jpeg 300w, https:\/\/iletim.istanbul.edu.tr\/wp-content\/uploads\/WhatsApp-Image-2022-11-29-at-16.33.08-1-768x510.jpeg 768w, https:\/\/iletim.istanbul.edu.tr\/wp-content\/uploads\/WhatsApp-Image-2022-11-29-at-16.33.08-1-1536x1020.jpeg 1536w, https:\/\/iletim.istanbul.edu.tr\/wp-content\/uploads\/WhatsApp-Image-2022-11-29-at-16.33.08-1-750x498.jpeg 750w, https:\/\/iletim.istanbul.edu.tr\/wp-content\/uploads\/WhatsApp-Image-2022-11-29-at-16.33.08-1-1140x757.jpeg 1140w, https:\/\/iletim.istanbul.edu.tr\/wp-content\/uploads\/WhatsApp-Image-2022-11-29-at-16.33.08-1.jpeg 2048w\" sizes=\"(max-width: 1024px) 100vw, 1024px\" \/><\/figure><\/div>","protected":false},"excerpt":{"rendered":"<p>Haber: Raziye Sayaslan \u0130stanbul \u00dcniversitesi Haber Merkezi \u0130stanbul \u00dcniversitesi (\u0130\u00dc) Haber Merkezi toplant\u0131s\u0131, 29 Kas\u0131m&#8217;da, iki oturum halinde ger\u00e7ekle\u015ftirildi. Toplant\u0131n\u0131n ilk oturumu Gazetecilik B\u00f6l\u00fcm\u00fc Ba\u015fkan\u0131 Prof. Dr. Ali Murat Vural&#8216;\u0131n koordinat\u00f6rl\u00fc\u011f\u00fcnde yap\u0131ld\u0131. Prof. Dr. Vural&#8217;\u0131n, \u00f6\u011frencilere gazetecilik mesle\u011finin ve \u0130\u00dc Haber Merkezi&#8217;nin \u00f6nemi hakk\u0131nda a\u00e7\u0131klamalarda bulundu\u011fu toplant\u0131n\u0131n 2. oturumunda, \u0130\u00dc Gazetecilik B\u00f6l\u00fcm\u00fc \u00d6\u011fretim \u00dcyesi Do\u00e7. [&hellip;]<\/p>\n","protected":false},"author":14,"featured_media":19340,"comment_status":"closed","ping_status":"open","sticky":false,"template":"","format":"standard","meta":{"jnews-multi-image_gallery":[],"jnews_single_post":{"subtitle":"","format":"standard","video":"","gallery":"","source_name":"","source_url":"","via_name":"","via_url":"","override_template":"0","override":[{"template":"1","single_blog_custom":"","parallax":"1","fullscreen":"1","layout":"double-sidebar","sidebar":"single-left","second_sidebar":"default-sidebar","sticky_sidebar":"1","share_position":"top","share_float_style":"share-monocrhome","show_share_counter":"1","show_view_counter":"1","show_featured":"1","show_post_meta":"1","show_post_author":"1","show_post_author_image":"1","show_post_date":"1","post_date_format":"default","post_date_format_custom":"Y\/m\/d","show_post_category":"1","show_post_reading_time":"0","post_reading_time_wpm":"300","show_zoom_button":"0","zoom_button_out_step":"2","zoom_button_in_step":"3","show_post_tag":"1","show_prev_next_post":"1","show_popup_post":"1","number_popup_post":"1","show_author_box":"0","show_post_related":"0","show_inline_post_related":"1"}],"override_image_size":"0","image_override":[{"single_post_thumbnail_size":"crop-500","single_post_gallery_size":"crop-500"}],"trending_post":"0","trending_post_position":"meta","trending_post_label":"Trending","sponsored_post":"0","sponsored_post_label":"Sponsored by","sponsored_post_name":"","sponsored_post_url":"","sponsored_post_logo_enable":"0","sponsored_post_logo":"","sponsored_post_desc":"","disable_ad":"0"},"jnews_primary_category":{"id":""},"jnews_social_meta":{"fb_title":"","fb_description":"","fb_image":"","twitter_title":"","twitter_description":"","twitter_image":""},"jnews_override_counter":{"override_view_counter":"0","view_counter_number":"0","override_share_counter":"0","share_counter_number":"0","override_like_counter":"0","like_counter_number":"0","override_dislike_counter":"0","dislike_counter_number":"0"},"footnotes":""},"categories":[1,159,34,2085],"tags":[2310,2309],"class_list":["post-19304","post","type-post","status-publish","format-standard","has-post-thumbnail","hentry","category-genel","category-sag-manset","category-universite","category-manset-haber","tag-istanbul-universitesi-haber-merkezi-toplantisi","tag-iu-iletisim-fakultesi-haber-merkezi-toplantisi"],"_links":{"self":[{"href":"https:\/\/iletim.istanbul.edu.tr\/index.php\/wp-json\/wp\/v2\/posts\/19304","targetHints":{"allow":["GET"]}}],"collection":[{"href":"https:\/\/iletim.istanbul.edu.tr\/index.php\/wp-json\/wp\/v2\/posts"}],"about":[{"href":"https:\/\/iletim.istanbul.edu.tr\/index.php\/wp-json\/wp\/v2\/types\/post"}],"author":[{"embeddable":true,"href":"https:\/\/iletim.istanbul.edu.tr\/index.php\/wp-json\/wp\/v2\/users\/14"}],"replies":[{"embeddable":true,"href":"https:\/\/iletim.istanbul.edu.tr\/index.php\/wp-json\/wp\/v2\/comments?post=19304"}],"version-history":[{"count":0,"href":"https:\/\/iletim.istanbul.edu.tr\/index.php\/wp-json\/wp\/v2\/posts\/19304\/revisions"}],"wp:featuredmedia":[{"embeddable":true,"href":"https:\/\/iletim.istanbul.edu.tr\/index.php\/wp-json\/wp\/v2\/media\/19340"}],"wp:attachment":[{"href":"https:\/\/iletim.istanbul.edu.tr\/index.php\/wp-json\/wp\/v2\/media?parent=19304"}],"wp:term":[{"taxonomy":"category","embeddable":true,"href":"https:\/\/iletim.istanbul.edu.tr\/index.php\/wp-json\/wp\/v2\/categories?post=19304"},{"taxonomy":"post_tag","embeddable":true,"href":"https:\/\/iletim.istanbul.edu.tr\/index.php\/wp-json\/wp\/v2\/tags?post=19304"}],"curies":[{"name":"wp","href":"https:\/\/api.w.org\/{rel}","templated":true}]}}