{"id":19313,"date":"2022-11-29T17:14:12","date_gmt":"2022-11-29T14:14:12","guid":{"rendered":"https:\/\/iletim.istanbul.edu.tr\/?p=19313"},"modified":"2022-12-01T15:11:06","modified_gmt":"2022-12-01T12:11:06","slug":"turkiyenin-ilk-iletisim-fakultesi-72-yasinda","status":"publish","type":"post","link":"https:\/\/iletim.istanbul.edu.tr\/index.php\/2022\/11\/29\/turkiyenin-ilk-iletisim-fakultesi-72-yasinda\/","title":{"rendered":"T\u00fcrkiye\u2019nin \u0130lk \u0130leti\u015fim Fak\u00fcltesi 72 Ya\u015f\u0131nda"},"content":{"rendered":"\n<p><strong><em>Haber: Halit \u015eahin<\/em><\/strong><\/p>\n\n\n\n<p><strong><em>\u0130stanbul \u00dcniversitesi Haber Merkezi<\/em><\/strong><\/p>\n\n\n\n<p><strong><em>T\u00fcrkiye\u2019nin ilk \u0130leti\u015fim Fak\u00fcltesi unvan\u0131na sahip \u0130stanbul \u00dcniversitesi \u0130leti\u015fim Fak\u00fcltesi 72. ya\u015f\u0131n\u0131 kutluyor.<\/em><\/strong><\/p>\n\n\n\n<p><strong>S\u00fcre\u00e7, Sedat Simavi\u2019nin Mektubuyla Ba\u015flad\u0131<\/strong><\/p>\n\n\n\n<p>\u0130\u00dc \u0130leti\u015fim Fak\u00fcltesi\u2019nin kurulu\u015funa giden s\u00fcre\u00e7, \u0130stanbul Gazeteciler Cemiyeti\u2019nin 1947 y\u0131l\u0131nda \u0130stanbul \u00dcniversitesi Senatosu\u2019na ba\u015fvurarak, gazetecilik e\u011fitimi veren bir y\u00fcksek\u00f6\u011frenim kurumunun faaliyete ge\u00e7mesini istemesiyle ba\u015flad\u0131. Ama\u00e7, \u00fclkenin ya\u015fam\u0131nda \u00f6nemli pay\u0131 olan gazetecilerin bilimsel temellere dayal\u0131, \u00e7a\u011fda\u015f bir e\u011fitim ortam\u0131ndan ge\u00e7erek yeti\u015fmeleriydi. Bu d\u00fc\u015f\u00fcnceden hareketle Gazetecilik Enstit\u00fcs\u00fc&#8217;n\u00fcn kurulu\u015funa \u00f6nc\u00fcl\u00fck eden Gazeteciler Cemiyeti Kurucu Ba\u015fkan\u0131&nbsp;Sedat Simavi, bir mektup haz\u0131rlayarak, bunu d\u00f6nemin \u0130stanbul \u00dcniversitesi Rekt\u00f6r\u00fc Ord. Prof. Dr.&nbsp;S\u0131dd\u0131k Sami Onar\u2019a sundu. Konuyu g\u00f6r\u00fc\u015fen \u00dcniversite Senatosu, Hukuk, \u0130ktisat ve Edebiyat Fak\u00fcltelerinin g\u00f6r\u00fc\u015flerine ba\u015fvurdu. Bu fak\u00fcltelerce kurulan \u00f6zel komisyonlar\u0131n raporlar\u0131 incelendikten sonra, 1950 y\u0131l\u0131nda \u0130stanbul \u00dcniversitesi \u0130ktisat Fak\u00fcltesi\u2019ne ba\u011fl\u0131 olarak \u201cGazetecilik Enstit\u00fcs\u00fc\u201d kuruldu.<\/p>\n\n\n\n<p>\u0130\u00dc \u0130leti\u015fim Fak\u00fcltesi kurulu\u015fuyla ilgili karar 20 Haziran 1950 tarihinde onayland\u0131 ve 29 Kas\u0131m 1950\u2019de T\u00fcrkiye\u2019de ilk kez gazetecilik y\u00fcksek e\u011fitim ve \u00f6\u011fretimine ba\u015fland\u0131. 1950-1951 ders y\u0131l\u0131nda ilk \u00f6\u011frencilerini kabul eden ve 2 y\u0131l s\u00fcreli olarak e\u011fitim veren Enstit\u00fc\u2019n\u00fcn m\u00fcd\u00fcrl\u00fc\u011f\u00fcne Ord. Prof. Dr. \u015e\u00fckr\u00fc Baban getirildi.<\/p>\n\n\n<div class=\"wp-block-image\">\n<figure class=\"aligncenter size-full\"><img decoding=\"async\" width=\"575\" height=\"390\" src=\"https:\/\/iletim.istanbul.edu.tr\/wp-content\/uploads\/BASIN.jpg\" alt=\"\" class=\"wp-image-19320\" srcset=\"https:\/\/iletim.istanbul.edu.tr\/wp-content\/uploads\/BASIN.jpg 575w, https:\/\/iletim.istanbul.edu.tr\/wp-content\/uploads\/BASIN-300x203.jpg 300w\" sizes=\"(max-width: 575px) 100vw, 575px\" \/><\/figure><\/div>\n\n\n<p>\u0130stanbul \u00dcniversitesi \u0130leti\u015fim Fak\u00fcltesi\u2019de, Gazetecilik Enstit\u00fcs\u00fc\u2019n\u00fcn ard\u0131ndan m\u00fcd\u00fcrl\u00fc\u011f\u00fcn\u00fc Prof. Dr. Kay\u0131han \u0130\u00e7el\u2019in yapt\u0131\u011f\u0131 4 y\u0131ll\u0131k Bas\u0131n Yay\u0131n Y\u00fcksek Okulu kuruldu. Prof. \u0130\u00e7el\u2019in \u0130leti\u015fim Fak\u00fcltesi\u2019nin kurulu\u015funda \u00f6nemli bir role sahip oldu\u011fu biliniyor.<\/p>\n\n\n\n<p>1975-1980 aras\u0131nda \u00fcniversitenin \u0130ktisat Fak\u00fcltesi b\u00fcnyesinde Gazetecilik ve Halkla \u0130li\u015fkiler Enstit\u00fcs\u00fc ad\u0131n\u0131 alan okula, 1980\u2019de Y\u00fcksekokul stat\u00fcs\u00fc verildi ve (yine \u0130ktisat Fak\u00fcltesi b\u00fcnyesinde) ad\u0131 Gazetecilik ve Halkla \u0130li\u015fkiler Y\u00fcksekokulu oldu.<\/p>\n\n\n\n<p>1982\u2019de \u0130stanbul \u00dcniversitesi Rekt\u00f6rl\u00fc\u011f\u00fcne ba\u011flanarak Bas\u0131n Yay\u0131n Y\u00fcksek Okulu\u2019na d\u00f6n\u00fc\u015ft\u00fcr\u00fcld\u00fc. Okul, 1992 y\u0131l\u0131nda fak\u00fclteye d\u00f6n\u00fc\u015ft\u00fcr\u00fclerek, \u0130stanbul \u00dcniversitesi \u0130leti\u015fim Fak\u00fcltesi ad\u0131n\u0131 ald\u0131. 1992-1993 \u00f6\u011fretim y\u0131l\u0131nda, Fak\u00fclte\u2019nin ilk dekanl\u0131\u011f\u0131na Y\u00fcksek Okul m\u00fcd\u00fcr\u00fc Prof. Dr. Tayfun Akg\u00fcner getirildi.<\/p>\n\n\n\n<p>\u0130stanbul \u00dcniversitesi \u0130leti\u015fim Fak\u00fcltesi, g\u00fcn\u00fcm\u00fczde; Gazetecilik, Halkla \u0130li\u015fkiler ve Tan\u0131t\u0131m ve Radyo Televizyon Sinema dallar\u0131nda lisans, y\u00fcksek lisans ve doktora e\u011fitimini vermeye devam ediyor.<\/p>\n\n\n\n<p><strong>\u201cBabi\u00e2li mektebinin bir yenisinin temeli at\u0131lm\u0131\u015ft\u0131r\u201d<\/strong><\/p>\n\n\n\n<p>Gazeteci Necdet Evliyagil, Gazetecilik Enstit\u00fcs\u00fcn\u00fcn, kurulu\u015fundan bir g\u00fcn \u00f6nce 28 Kas\u0131m 1950 tarihinde Cumhuriyet Gazetesi\u2019nde, Enstit\u00fc&#8217;n\u00fcn olu\u015fumu hakk\u0131nda \u015f\u00f6yle yazd\u0131:<\/p>\n\n\n\n<p>\u201cGazetecilik Enstit\u00fcs\u00fc yabanc\u0131 \u00fcniversitelerin gazetecilik enstit\u00fcleriyle ilmi i\u015f birli\u011fi yapmaya karar vermi\u015ftir. Enstit\u00fc bundan ba\u015fka milletleraras\u0131 gazetecilik kongre ve konferanslara da kat\u0131lacakt\u0131r. Prof. Dr. Refii \u015e\u00fckr\u00fc Suvla\u2019n\u0131n dedi\u011fi gibi; &#8216;Gazetenin cemiyet hayat\u0131nda vazge\u00e7ilmez bir ihtiyac\u0131 kar\u015f\u0131lad\u0131\u011f\u0131n\u0131 anlamak i\u00e7in, memleketin birg\u00fcn gazetesiz kald\u0131\u011f\u0131n\u0131 tasavvur etmek k\u00e2fidir. Gazetesiz bir memleketi, g\u00f6rme, i\u015fitme, s\u00f6yleme, hatt\u00e2 d\u00fc\u015f\u00fcnme imk\u00e2nlar\u0131n\u0131 kaybetmi\u015f bir insana benzetmekle yanl\u0131\u015f bir te\u015fbih yapt\u0131\u011f\u0131m\u0131 sanm\u0131yorum. Gazete, cemiyetin k\u00fclt\u00fcr\u00fcn\u00fc y\u00fckselten, memleketi d\u00fcnyaya tan\u0131tan en pratik vas\u0131tad\u0131r.&#8217; Bu m\u00fctalaya herhalde i\u015ftir\u00e2k etmeyenimiz yok gibidir.\u201d<\/p>\n\n\n<div class=\"wp-block-image\">\n<figure class=\"aligncenter\"><img decoding=\"async\" width=\"849\" height=\"399\" src=\"https:\/\/iletim.istanbul.edu.tr\/wp-content\/uploads\/Ekran-Alintisi.png\" alt=\"\" class=\"wp-image-16189\" srcset=\"https:\/\/iletim.istanbul.edu.tr\/wp-content\/uploads\/Ekran-Alintisi.png 849w, https:\/\/iletim.istanbul.edu.tr\/wp-content\/uploads\/Ekran-Alintisi-300x141.png 300w\" sizes=\"(max-width: 849px) 100vw, 849px\" \/><\/figure><\/div>\n\n\n<p>\u0130stanbul \u00dcniversitesi \u0130leti\u015fim Fak\u00fcltesi, ge\u00e7mi\u015fte oldu\u011fu gibi \u015fimdi de bilimsel bilginin izinden, yenilik\u00e7i bir vizyon \u0131\u015f\u0131\u011f\u0131nda akademik \u00e7al\u0131\u015fmalar\u0131n\u0131 s\u00fcrd\u00fcrmeye devam etmektedir.<\/p>\n","protected":false},"excerpt":{"rendered":"<p>Haber: Halit \u015eahin \u0130stanbul \u00dcniversitesi Haber Merkezi T\u00fcrkiye\u2019nin ilk \u0130leti\u015fim Fak\u00fcltesi unvan\u0131na sahip \u0130stanbul \u00dcniversitesi \u0130leti\u015fim Fak\u00fcltesi 72. ya\u015f\u0131n\u0131 kutluyor. S\u00fcre\u00e7, Sedat Simavi\u2019nin Mektubuyla Ba\u015flad\u0131 \u0130\u00dc \u0130leti\u015fim Fak\u00fcltesi\u2019nin kurulu\u015funa giden s\u00fcre\u00e7, \u0130stanbul Gazeteciler Cemiyeti\u2019nin 1947 y\u0131l\u0131nda \u0130stanbul \u00dcniversitesi Senatosu\u2019na ba\u015fvurarak, gazetecilik e\u011fitimi veren bir y\u00fcksek\u00f6\u011frenim kurumunun faaliyete ge\u00e7mesini istemesiyle ba\u015flad\u0131. Ama\u00e7, \u00fclkenin ya\u015fam\u0131nda \u00f6nemli pay\u0131 [&hellip;]<\/p>\n","protected":false},"author":14,"featured_media":19334,"comment_status":"closed","ping_status":"open","sticky":false,"template":"","format":"standard","meta":{"jnews-multi-image_gallery":[],"jnews_single_post":{"subtitle":"","format":"standard","video":"","gallery":"","source_name":"","source_url":"","via_name":"","via_url":"","override_template":"0","override":[{"template":"1","single_blog_custom":"","parallax":"1","fullscreen":"1","layout":"double-sidebar","sidebar":"single-left","second_sidebar":"default-sidebar","sticky_sidebar":"1","share_position":"top","share_float_style":"share-monocrhome","show_share_counter":"1","show_view_counter":"1","show_featured":"1","show_post_meta":"1","show_post_author":"1","show_post_author_image":"1","show_post_date":"1","post_date_format":"default","post_date_format_custom":"Y\/m\/d","show_post_category":"1","show_post_reading_time":"0","post_reading_time_wpm":"300","show_zoom_button":"0","zoom_button_out_step":"2","zoom_button_in_step":"3","show_post_tag":"1","show_prev_next_post":"1","show_popup_post":"1","number_popup_post":"1","show_author_box":"0","show_post_related":"0","show_inline_post_related":"1"}],"override_image_size":"0","image_override":[{"single_post_thumbnail_size":"crop-500","single_post_gallery_size":"crop-500"}],"trending_post":"0","trending_post_position":"meta","trending_post_label":"Trending","sponsored_post":"0","sponsored_post_label":"Sponsored by","sponsored_post_name":"","sponsored_post_url":"","sponsored_post_logo_enable":"0","sponsored_post_logo":"","sponsored_post_desc":"","disable_ad":"0"},"jnews_primary_category":{"id":""},"jnews_social_meta":{"fb_title":"","fb_description":"","fb_image":"","twitter_title":"","twitter_description":"","twitter_image":""},"jnews_override_counter":{"override_view_counter":"0","view_counter_number":"0","override_share_counter":"0","share_counter_number":"0","override_like_counter":"0","like_counter_number":"0","override_dislike_counter":"0","dislike_counter_number":"0"},"footnotes":""},"categories":[25,34,178,2085,2348],"tags":[2308,2307,2306],"class_list":["post-19313","post","type-post","status-publish","format-standard","has-post-thumbnail","hentry","category-egitim","category-universite","category-fakultemizden","category-manset-haber","category-manset-yani","tag-iu-iletisim-fakultesi-72-yasinda","tag-iu-iletisim-fakultesi-72-yil","tag-iu-iletisim-fakultesi-kurulus-yil-donumu"],"_links":{"self":[{"href":"https:\/\/iletim.istanbul.edu.tr\/index.php\/wp-json\/wp\/v2\/posts\/19313","targetHints":{"allow":["GET"]}}],"collection":[{"href":"https:\/\/iletim.istanbul.edu.tr\/index.php\/wp-json\/wp\/v2\/posts"}],"about":[{"href":"https:\/\/iletim.istanbul.edu.tr\/index.php\/wp-json\/wp\/v2\/types\/post"}],"author":[{"embeddable":true,"href":"https:\/\/iletim.istanbul.edu.tr\/index.php\/wp-json\/wp\/v2\/users\/14"}],"replies":[{"embeddable":true,"href":"https:\/\/iletim.istanbul.edu.tr\/index.php\/wp-json\/wp\/v2\/comments?post=19313"}],"version-history":[{"count":0,"href":"https:\/\/iletim.istanbul.edu.tr\/index.php\/wp-json\/wp\/v2\/posts\/19313\/revisions"}],"wp:featuredmedia":[{"embeddable":true,"href":"https:\/\/iletim.istanbul.edu.tr\/index.php\/wp-json\/wp\/v2\/media\/19334"}],"wp:attachment":[{"href":"https:\/\/iletim.istanbul.edu.tr\/index.php\/wp-json\/wp\/v2\/media?parent=19313"}],"wp:term":[{"taxonomy":"category","embeddable":true,"href":"https:\/\/iletim.istanbul.edu.tr\/index.php\/wp-json\/wp\/v2\/categories?post=19313"},{"taxonomy":"post_tag","embeddable":true,"href":"https:\/\/iletim.istanbul.edu.tr\/index.php\/wp-json\/wp\/v2\/tags?post=19313"}],"curies":[{"name":"wp","href":"https:\/\/api.w.org\/{rel}","templated":true}]}}