{"id":19384,"date":"2022-11-30T15:47:51","date_gmt":"2022-11-30T12:47:51","guid":{"rendered":"https:\/\/iletim.istanbul.edu.tr\/?p=19384"},"modified":"2022-11-30T15:47:51","modified_gmt":"2022-11-30T12:47:51","slug":"iklim-degisikligi-caginda-sehir-ve-bolge-planlamalari-ele-alindi","status":"publish","type":"post","link":"https:\/\/iletim.istanbul.edu.tr\/index.php\/2022\/11\/30\/iklim-degisikligi-caginda-sehir-ve-bolge-planlamalari-ele-alindi\/","title":{"rendered":"\u0130klim De\u011fi\u015fikli\u011fi \u00c7a\u011f\u0131nda \u015eehir ve B\u00f6lge Planlamalar\u0131 Ele Al\u0131nd\u0131"},"content":{"rendered":"\n<p><strong><em>Haber: Rukiye K\u00fcrek<\/em><\/strong><\/p>\n\n\n\n<p><strong><em>\u0130stanbul \u00dcniversitesi Haber Merkezi<\/em><\/strong><\/p>\n\n\n\n<p><strong><em>\u0130stanbul \u00dcniversitesi (\u0130\u00dc) Siyasal Bilgiler Fak\u00fcltesi, \u0130\u00dc Salt Akademi Kul\u00fcb\u00fc ve \u0130\u00dc Siyaset Bilimi ve Uluslararas\u0131 \u0130li\u015fkiler B\u00f6l\u00fcm\u00fc Ba\u015fkan\u0131 Prof. Dr. Nurcan \u00d6zg\u00fcr Baklac\u0131o\u011flu taraf\u0131ndan organize edilen ve Raoul Wallenberg Institute T\u00fcrkiye Program\u0131 Ba\u015fdan\u0131\u015fman\u0131 \u0130lhami Alkan Olsson\u2019un konuk oldu\u011fu \u201cCities In International Politics In An Age Of Climate Chanege\u201d ba\u015fl\u0131kl\u0131 etkinlik, 30 Kas\u0131m&#8217;da ger\u00e7ekle\u015ftirildi. <\/em><\/strong><\/p>\n\n\n\n<p>Raoul Wallenberg Institute T\u00fcrkiye Program\u0131 Ba\u015fdan\u0131\u015fman\u0131 \u0130lhami Alkan Olsson, \u0130\u00dc Siyasal Bilgiler Fak\u00fcltesi S\u0131dd\u0131k Sami Onar Amfisi&#8217;nde d\u00fczenlenen \u201cCities In International Politics In An Age Of Climate Chanege&#8221; etkinli\u011fine konuk oldu. \u0130klim de\u011fi\u015fikli\u011fi \u00e7a\u011f\u0131nda uluslararas\u0131 siyasetteki \u015fehirler \u00fczerine sunum yapan Olsson, hava kirlili\u011finin iklim de\u011fi\u015fikli\u011fine etkisine ve \u015fehir, b\u00f6lge planlamalar\u0131ndan da yola \u00e7\u0131karak b\u00fcy\u00fck\u015fehir planlamalar\u0131na de\u011findi.\u00a0Olsson, ayr\u0131ca \u0130stanbul\u2019daki metropol ya\u015fant\u0131s\u0131na dair de\u011ferlendirmelerde bulundu. Etkinlik, Olsson&#8217;un sunumunun ard\u0131ndan \u00f6\u011frencilerden gelen sorular\u0131n yan\u0131tlanmas\u0131yla sona erdi.<\/p>\n\n\n<div class=\"wp-block-image\">\n<figure class=\"aligncenter size-large\"><img decoding=\"async\" width=\"1024\" height=\"680\" src=\"https:\/\/iletim.istanbul.edu.tr\/wp-content\/uploads\/yeni-02-1024x680.jpg\" alt=\"\" class=\"wp-image-19387\" srcset=\"https:\/\/iletim.istanbul.edu.tr\/wp-content\/uploads\/yeni-02-1024x680.jpg 1024w, https:\/\/iletim.istanbul.edu.tr\/wp-content\/uploads\/yeni-02-300x199.jpg 300w, https:\/\/iletim.istanbul.edu.tr\/wp-content\/uploads\/yeni-02-768x510.jpg 768w, https:\/\/iletim.istanbul.edu.tr\/wp-content\/uploads\/yeni-02-1536x1020.jpg 1536w, https:\/\/iletim.istanbul.edu.tr\/wp-content\/uploads\/yeni-02-750x498.jpg 750w, https:\/\/iletim.istanbul.edu.tr\/wp-content\/uploads\/yeni-02-1140x757.jpg 1140w, https:\/\/iletim.istanbul.edu.tr\/wp-content\/uploads\/yeni-02.jpg 2000w\" sizes=\"(max-width: 1024px) 100vw, 1024px\" \/><\/figure><\/div>\n\n\n<figure class=\"wp-block-gallery has-nested-images columns-default is-cropped wp-block-gallery-1 is-layout-flex wp-block-gallery-is-layout-flex\">\n<figure class=\"wp-block-image size-large\"><img decoding=\"async\" width=\"2000\" height=\"1328\" data-id=\"19388\" src=\"https:\/\/iletim.istanbul.edu.tr\/wp-content\/uploads\/yeni-03.jpg\" alt=\"\" class=\"wp-image-19388\" srcset=\"https:\/\/iletim.istanbul.edu.tr\/wp-content\/uploads\/yeni-03.jpg 2000w, https:\/\/iletim.istanbul.edu.tr\/wp-content\/uploads\/yeni-03-300x199.jpg 300w, https:\/\/iletim.istanbul.edu.tr\/wp-content\/uploads\/yeni-03-1024x680.jpg 1024w, https:\/\/iletim.istanbul.edu.tr\/wp-content\/uploads\/yeni-03-768x510.jpg 768w, https:\/\/iletim.istanbul.edu.tr\/wp-content\/uploads\/yeni-03-1536x1020.jpg 1536w, https:\/\/iletim.istanbul.edu.tr\/wp-content\/uploads\/yeni-03-750x498.jpg 750w, https:\/\/iletim.istanbul.edu.tr\/wp-content\/uploads\/yeni-03-1140x757.jpg 1140w\" sizes=\"(max-width: 2000px) 100vw, 2000px\" \/><\/figure>\n\n\n\n<figure class=\"wp-block-image size-large\"><img decoding=\"async\" width=\"2000\" height=\"1328\" data-id=\"19391\" src=\"https:\/\/iletim.istanbul.edu.tr\/wp-content\/uploads\/yeni-seminer-01.jpg\" alt=\"\" class=\"wp-image-19391\" srcset=\"https:\/\/iletim.istanbul.edu.tr\/wp-content\/uploads\/yeni-seminer-01.jpg 2000w, https:\/\/iletim.istanbul.edu.tr\/wp-content\/uploads\/yeni-seminer-01-300x199.jpg 300w, https:\/\/iletim.istanbul.edu.tr\/wp-content\/uploads\/yeni-seminer-01-1024x680.jpg 1024w, https:\/\/iletim.istanbul.edu.tr\/wp-content\/uploads\/yeni-seminer-01-768x510.jpg 768w, https:\/\/iletim.istanbul.edu.tr\/wp-content\/uploads\/yeni-seminer-01-1536x1020.jpg 1536w, https:\/\/iletim.istanbul.edu.tr\/wp-content\/uploads\/yeni-seminer-01-750x498.jpg 750w, https:\/\/iletim.istanbul.edu.tr\/wp-content\/uploads\/yeni-seminer-01-1140x757.jpg 1140w\" sizes=\"(max-width: 2000px) 100vw, 2000px\" \/><\/figure>\n<\/figure>\n","protected":false},"excerpt":{"rendered":"<p>Haber: Rukiye K\u00fcrek \u0130stanbul \u00dcniversitesi Haber Merkezi \u0130stanbul \u00dcniversitesi (\u0130\u00dc) Siyasal Bilgiler Fak\u00fcltesi, \u0130\u00dc Salt Akademi Kul\u00fcb\u00fc ve \u0130\u00dc Siyaset Bilimi ve Uluslararas\u0131 \u0130li\u015fkiler B\u00f6l\u00fcm\u00fc Ba\u015fkan\u0131 Prof. Dr. Nurcan \u00d6zg\u00fcr Baklac\u0131o\u011flu taraf\u0131ndan organize edilen ve Raoul Wallenberg Institute T\u00fcrkiye Program\u0131 Ba\u015fdan\u0131\u015fman\u0131 \u0130lhami Alkan Olsson\u2019un konuk oldu\u011fu \u201cCities In International Politics In An Age Of Climate [&hellip;]<\/p>\n","protected":false},"author":14,"featured_media":19388,"comment_status":"closed","ping_status":"open","sticky":false,"template":"","format":"standard","meta":{"jnews-multi-image_gallery":[],"jnews_single_post":{"subtitle":"","format":"standard","video":"","gallery":"","source_name":"","source_url":"","via_name":"","via_url":"","override_template":"0","override":[{"template":"1","single_blog_custom":"","parallax":"1","fullscreen":"1","layout":"double-sidebar","sidebar":"single-left","second_sidebar":"default-sidebar","sticky_sidebar":"1","share_position":"top","share_float_style":"share-monocrhome","show_share_counter":"1","show_view_counter":"1","show_featured":"1","show_post_meta":"1","show_post_author":"1","show_post_author_image":"1","show_post_date":"1","post_date_format":"default","post_date_format_custom":"Y\/m\/d","show_post_category":"1","show_post_reading_time":"0","post_reading_time_wpm":"300","show_zoom_button":"0","zoom_button_out_step":"2","zoom_button_in_step":"3","show_post_tag":"1","show_prev_next_post":"1","show_popup_post":"1","number_popup_post":"1","show_author_box":"0","show_post_related":"0","show_inline_post_related":"1"}],"override_image_size":"0","image_override":[{"single_post_thumbnail_size":"crop-500","single_post_gallery_size":"crop-500"}],"trending_post":"0","trending_post_position":"meta","trending_post_label":"Trending","sponsored_post":"0","sponsored_post_label":"Sponsored by","sponsored_post_name":"","sponsored_post_url":"","sponsored_post_logo_enable":"0","sponsored_post_logo":"","sponsored_post_desc":"","disable_ad":"0"},"jnews_primary_category":{"id":""},"jnews_social_meta":{"fb_title":"","fb_description":"","fb_image":"","twitter_title":"","twitter_description":"","twitter_image":""},"jnews_override_counter":{"override_view_counter":"0","view_counter_number":"0","override_share_counter":"0","share_counter_number":"0","override_like_counter":"0","like_counter_number":"0","override_dislike_counter":"0","dislike_counter_number":"0"},"footnotes":""},"categories":[34,2085,35],"tags":[1672,2334,2335,2337,2336],"class_list":["post-19384","post","type-post","status-publish","format-standard","has-post-thumbnail","hentry","category-universite","category-manset-haber","category-yasam","tag-iklim-degisikligi","tag-ilhami-alkan-olsson","tag-ilhami-alkan-olsson-siyasal-bilgiler-fakultesi","tag-iu-salt-akademi-kulubu-etkinlikleri","tag-sehir-ve-bolge-planlamalari"],"_links":{"self":[{"href":"https:\/\/iletim.istanbul.edu.tr\/index.php\/wp-json\/wp\/v2\/posts\/19384","targetHints":{"allow":["GET"]}}],"collection":[{"href":"https:\/\/iletim.istanbul.edu.tr\/index.php\/wp-json\/wp\/v2\/posts"}],"about":[{"href":"https:\/\/iletim.istanbul.edu.tr\/index.php\/wp-json\/wp\/v2\/types\/post"}],"author":[{"embeddable":true,"href":"https:\/\/iletim.istanbul.edu.tr\/index.php\/wp-json\/wp\/v2\/users\/14"}],"replies":[{"embeddable":true,"href":"https:\/\/iletim.istanbul.edu.tr\/index.php\/wp-json\/wp\/v2\/comments?post=19384"}],"version-history":[{"count":0,"href":"https:\/\/iletim.istanbul.edu.tr\/index.php\/wp-json\/wp\/v2\/posts\/19384\/revisions"}],"wp:featuredmedia":[{"embeddable":true,"href":"https:\/\/iletim.istanbul.edu.tr\/index.php\/wp-json\/wp\/v2\/media\/19388"}],"wp:attachment":[{"href":"https:\/\/iletim.istanbul.edu.tr\/index.php\/wp-json\/wp\/v2\/media?parent=19384"}],"wp:term":[{"taxonomy":"category","embeddable":true,"href":"https:\/\/iletim.istanbul.edu.tr\/index.php\/wp-json\/wp\/v2\/categories?post=19384"},{"taxonomy":"post_tag","embeddable":true,"href":"https:\/\/iletim.istanbul.edu.tr\/index.php\/wp-json\/wp\/v2\/tags?post=19384"}],"curies":[{"name":"wp","href":"https:\/\/api.w.org\/{rel}","templated":true}]}}