{"id":19614,"date":"2022-12-06T14:00:00","date_gmt":"2022-12-06T11:00:00","guid":{"rendered":"https:\/\/iletim.istanbul.edu.tr\/?p=19614"},"modified":"2022-12-06T14:35:06","modified_gmt":"2022-12-06T11:35:06","slug":"uskuplu-sasune-ogretmen","status":"publish","type":"post","link":"https:\/\/iletim.istanbul.edu.tr\/index.php\/2022\/12\/06\/uskuplu-sasune-ogretmen\/","title":{"rendered":"\u00dcsk\u00fcpl\u00fc \u015eas\u00fcne \u00d6\u011fretmen"},"content":{"rendered":"\n<p><strong><em>K\u00f6\u015fe Yaz\u0131s\u0131: M\u00fcmin Ali<\/em><\/strong><\/p>\n\n\n\n<p><strong><em>\u0130stanbul \u00dcniversitesi Haber Merkezi<\/em><\/strong><\/p>\n\n\n\n<p class=\"has-text-align-right\"><em>\u201cD\u00fcnyan\u0131n her taraf\u0131nda \u00f6\u011fretmenler insan toplulu\u011funun en \u00f6zverili ve sayg\u0131de\u011fer unsurlar\u0131d\u0131r.\u201d<\/em><\/p>\n\n\n\n<p>Kuzey Makedonya Cumhuriyeti\u2019nin Ba\u015fkenti olan \u00dcsk\u00fcp\u2019e sadece 30 km uzakl\u0131kta olan Tsvetova k\u00f6y\u00fcnde, 2010 y\u0131l\u0131ndan beri e\u011fitim T\u00fcrk\u00e7e yap\u0131lmaktad\u0131r. Ge\u00e7mi\u015f zamanlarda Tsvetova k\u00f6y\u00fcnde toplumun b\u00fcy\u00fck k\u0131sm\u0131n\u0131n T\u00fcrk\u00e7eye h\u00e2kim oldu\u011fu ve g\u00fcnl\u00fck hayatta kulland\u0131\u011f\u0131 rivayet edilmektedir. Ancak Tsvetova k\u00f6y\u00fcnde T\u00fcrk\u00e7e uzun y\u0131llar boyunca konu\u015fulmad\u0131\u011f\u0131 i\u00e7in unutulmu\u015f, geli\u015fememi\u015f ve a\u011f\u0131rl\u0131k Makedoncaya verilmi\u015ftir.\u00a0 K\u00f6yde oldu\u011fu gibi k\u00f6y okulunda e\u011fitim dili de Makedonca olarak s\u00fcrd\u00fcr\u00fclm\u00fc\u015ft\u00fcr.\u00a0 K\u00f6yl\u00fcn\u00fcn \u00e7abalar\u0131 sonucunda 2010 y\u0131l\u0131ndan bu yana okulda e\u011fitim T\u00fcrk\u00e7e ger\u00e7ekle\u015fmektedir. B\u00f6lge ahalisi T\u00fcrk\u00e7eye yeni kavu\u015funca, do\u011fal olarak okulun \u00f6\u011fretmen kadrosu da olduk\u00e7a gen\u00e7 ve \u00e7al\u0131\u015fma motivasyonlar\u0131 y\u00fcksek olan \u00f6\u011fretmenlerden olu\u015fmaktad\u0131r. Fakat okulda g\u00f6rev yapan \u00f6\u011fretmenler di\u011fer okullardan daha farkl\u0131 bir zorlukla kar\u015f\u0131la\u015fmaktad\u0131rlar. E\u011fitim dilinin T\u00fcrk\u00e7e olmas\u0131na ra\u011fmen okula kay\u0131t yapt\u0131ran birinci s\u0131n\u0131f \u00f6\u011frencilerin hi\u00e7biri T\u00fcrk\u00e7e bilmemektedir. Okulda g\u00f6rev yapan \u00f6\u011fretmenler \u00f6\u011frencilere \u00f6ng\u00f6r\u00fclen ders program\u0131 kazan\u0131mlar\u0131n\u0131 akt\u0131rman\u0131n yan\u0131 s\u0131ra,\u00a0 \u00f6\u011frencilere T\u00fcrk\u00e7e \u00f6\u011fretmek i\u00e7in \u00e7abal\u0131yorlar. G\u00fcn\u00fcm\u00fczde okulda toplam 180 \u00f6\u011frenci T\u00fcrk\u00e7e e\u011fitim g\u00f6rmektedir.<\/p>\n\n\n\n<p>Aliya Avdovik \u0130\u00d6O ilk \u00f6\u011fretmenlerinden biri olan \u015eas\u00fcne Seyfullah, burada e\u011fitim g\u00f6ren \u00f6\u011frencilere T\u00fcrk\u00e7eyi \u00f6\u011fretmek i\u00e7in ana dili olarak T\u00fcrk\u00e7e \u00f6\u011fretimi y\u00f6ntemlerinden ziyade Yabanc\u0131lara T\u00fcrk\u00e7e \u00f6\u011fretiminin baz\u0131 metotlar\u0131n\u0131 kullanarak, T\u00fcrk\u00e7eyi \u00f6\u011frencilerine \u00e7ok farkl\u0131 \u015fekillerde \u00f6\u011fretiyor. \u015eas\u00fcne Seyfullah, \u00f6\u011frencilerin derste ba\u015far\u0131l\u0131 olmalar\u0131n\u0131n en temel ilkesinin T\u00fcrk\u00e7eyi \u00f6\u011frenmelerinden ge\u00e7ti\u011fine inanarak, \u00f6\u011frencilerinin T\u00fcrk\u00e7eyi daha iyi \u00f6\u011frenebilmeleri i\u00e7in s\u0131n\u0131f i\u00e7indeki g\u00f6rsel materyallere ayr\u0131ca \u00f6nem g\u00f6stermektedir. \u015eas\u00fcne \u00d6\u011fretmen, \u00e7ocuklar\u0131n ya\u015flar\u0131n\u0131 g\u00f6z \u00f6n\u00fcnde bulundurarak, o ya\u015ftaki \u00e7ocuklara bir \u015feyler \u00f6\u011fretmek i\u00e7in en \u00f6nemli metotlardan biri olan g\u00f6sterme metoduna olduk\u00e7a \u00f6nem vermektedir. Konumu itibariyle okul g\u00fcn\u00fcm\u00fcz\u00fcn teknolojik ara\u00e7lar\u0131ndan yoksundur. Bu y\u00fczden \u015eas\u00fcne \u00d6\u011fretmen kendi imk\u00e2nlar\u0131n\u0131 kendisi yaratarak s\u0131n\u0131f\u0131na yeni bir d\u00fczen getirmi\u015f ve \u00e7e\u015fitli \u00f6\u011fretim metotlar\u0131n\u0131 uygulayarak \u00f6\u011frencilerin okula ve en \u00f6nemlisi T\u00fcrk\u00e7eye olan ilgisini art\u0131rm\u0131\u015ft\u0131r. Bug\u00fcn \u015eas\u00fcne \u00d6\u011fretmen g\u00f6revine ilk ba\u015flad\u0131\u011f\u0131 Tsvetova k\u00f6y\u00fcnde de\u011fil, yine \u00dcsk\u00fcp\u2019e \u00e7ok yak\u0131n bir mesafede bulunan ve kap\u0131lar\u0131n\u0131 2020 y\u0131l\u0131nda T\u00fcrk\u00e7eye a\u00e7an Ljubo\u015f k\u00f6y\u00fcndeki Aliya Avdovik \u0130\u00d6O&#8217;da icra etmeye devam etmektedir. \u015eas\u00fcne \u00d6\u011fretmen yine ayn\u0131 azim ve a\u015fkla T\u00fcrk\u00e7eyle yeni tan\u0131\u015fan \u00f6\u011frencilerine T\u00fcrk\u00e7e \u00f6\u011fretmek i\u00e7in \u00e7abal\u0131yor. Tek fark okulunun daha donan\u0131ml\u0131 olmas\u0131d\u0131r.<\/p>\n\n\n\n<p>Atat\u00fcrk\u2019\u00fcn de buyurdu\u011fu gibi \u201cHerkesin kendine g\u00f6re bir zevki vard\u0131r, kimi bah\u00e7e ile me\u015fgul olmak, g\u00fczel \u00e7i\u00e7ekler yeti\u015ftirmek ister. Baz\u0131 insanlar ise adam yeti\u015ftirmekten ho\u015flan\u0131r.\u201d \u015eas\u00fcne \u00d6\u011fretmen hayat\u0131n\u0131 hem g\u00fczel \u00e7i\u00e7ekler hem de g\u00fczel adamlar\/insanlar yeti\u015ftirmek i\u00e7in adam\u0131\u015ft\u0131r.<\/p>\n\n\n\n<p>\u015eas\u00fcne Seyfullah, d\u00fcnyan\u0131n daha ya\u015fan\u0131r k\u0131l\u0131nabilmesi i\u00e7in \u00e7ocuklar\u0131n d\u00fcnyalar\u0131n\u0131 g\u00fczelle\u015ftirmek gerekti\u011fine inanarak, b\u00f6lgedeki e\u011fitime yenilikler katarak hem \u00e7ocuklar\u0131n T\u00fcrk\u00e7e konu\u015fmalar\u0131n\u0131 sa\u011fl\u0131yor hem de estetik kabiliyetlerini geli\u015ftirerek onlar\u0131n d\u00fcnyalar\u0131n\u0131 g\u00fczelle\u015ftirmeye \u00e7al\u0131\u015f\u0131yor.<\/p>\n\n\n\n<p>\u0130yi bir \u00f6\u011fretmen ile hayatta bir \u00f6\u011frencinin kar\u015f\u0131la\u015fm\u0131\u015f olmas\u0131 en b\u00fcy\u00fck \u00f6d\u00fcl olur. Hayatta en b\u00fcy\u00fck mucize \u00e7ocuklar i\u00e7in k\u00fc\u00e7\u00fck ya\u015fta iyi bir \u00f6\u011fretmene tevafuk etmeleridir.<\/p>\n\n\n\n<p>Bu vesileyle, bizlere rehber olan, ufuk a\u00e7an ve vizyon sahibi sayg\u0131de\u011fer \u00f6\u011fretmenlerimizin, hocalar\u0131m\u0131z\u0131n ellerinden \u00f6per, \u015eas\u00fcne \u00d6\u011fretmen&#8217;e kolayl\u0131klar dilerim.<\/p>\n\n\n<div class=\"wp-block-image\">\n<figure class=\"aligncenter size-large is-resized\"><img decoding=\"async\" src=\"https:\/\/iletim.istanbul.edu.tr\/wp-content\/uploads\/Sasune-Ogretmen-1-1020x1024.jpg\" alt=\"\" class=\"wp-image-19620\" width=\"765\" height=\"768\" srcset=\"https:\/\/iletim.istanbul.edu.tr\/wp-content\/uploads\/Sasune-Ogretmen-1-1020x1024.jpg 1020w, https:\/\/iletim.istanbul.edu.tr\/wp-content\/uploads\/Sasune-Ogretmen-1-300x300.jpg 300w, https:\/\/iletim.istanbul.edu.tr\/wp-content\/uploads\/Sasune-Ogretmen-1-150x150.jpg 150w, https:\/\/iletim.istanbul.edu.tr\/wp-content\/uploads\/Sasune-Ogretmen-1-768x771.jpg 768w, https:\/\/iletim.istanbul.edu.tr\/wp-content\/uploads\/Sasune-Ogretmen-1-24x24.jpg 24w, https:\/\/iletim.istanbul.edu.tr\/wp-content\/uploads\/Sasune-Ogretmen-1-48x48.jpg 48w, https:\/\/iletim.istanbul.edu.tr\/wp-content\/uploads\/Sasune-Ogretmen-1-96x96.jpg 96w, https:\/\/iletim.istanbul.edu.tr\/wp-content\/uploads\/Sasune-Ogretmen-1-75x75.jpg 75w, https:\/\/iletim.istanbul.edu.tr\/wp-content\/uploads\/Sasune-Ogretmen-1-350x350.jpg 350w, https:\/\/iletim.istanbul.edu.tr\/wp-content\/uploads\/Sasune-Ogretmen-1-750x753.jpg 750w, https:\/\/iletim.istanbul.edu.tr\/wp-content\/uploads\/Sasune-Ogretmen-1.jpg 1080w\" sizes=\"(max-width: 765px) 100vw, 765px\" \/><figcaption>\u015eas\u00fcne \u00d6\u011fretmen ve S\u0131n\u0131f\u0131<\/figcaption><\/figure><\/div>\n\n\n<p><strong>\u015eas\u00fcne \u00d6\u011fretmen Kimdir?<\/strong><\/p>\n\n\n\n<p>\u015eas\u00fcne Seyfullah \u00dcsk\u00fcp\u2019te d\u00fcnyaya geldi. \u00dcsk\u00fcp Az.Kiril ve Metodiy \u00dcniversitesi Pedagoji Fak\u00fcltesi\u2019nde S\u0131n\u0131f \u00d6\u011fretmenli\u011fi B\u00f6l\u00fcm\u00fcn\u00fc tamamlad\u0131ktan sonra Aliya Avdovik \u0130\u00d6O Tsvetova k\u00f6y\u00fcnde T\u00fcrk\u00e7e S\u0131n\u0131f \u00d6\u011fretmeni olarak g\u00f6rev yapmaya ba\u015flad\u0131. 2020 y\u0131l\u0131ndan itibaren ise Aliya Avdovik \u0130\u00d6O Ljubo\u015f k\u00f6y\u00fcnde T\u00fcrk\u00e7e S\u0131n\u0131f \u00d6\u011fretmeni olarak g\u00f6revini icra etmeye devam etmektedir.<\/p>\n","protected":false},"excerpt":{"rendered":"<p>K\u00f6\u015fe Yaz\u0131s\u0131: M\u00fcmin Ali \u0130stanbul \u00dcniversitesi Haber Merkezi \u201cD\u00fcnyan\u0131n her taraf\u0131nda \u00f6\u011fretmenler insan toplulu\u011funun en \u00f6zverili ve sayg\u0131de\u011fer unsurlar\u0131d\u0131r.\u201d Kuzey Makedonya Cumhuriyeti\u2019nin Ba\u015fkenti olan \u00dcsk\u00fcp\u2019e sadece 30 km uzakl\u0131kta olan Tsvetova k\u00f6y\u00fcnde, 2010 y\u0131l\u0131ndan beri e\u011fitim T\u00fcrk\u00e7e yap\u0131lmaktad\u0131r. Ge\u00e7mi\u015f zamanlarda Tsvetova k\u00f6y\u00fcnde toplumun b\u00fcy\u00fck k\u0131sm\u0131n\u0131n T\u00fcrk\u00e7eye h\u00e2kim oldu\u011fu ve g\u00fcnl\u00fck hayatta kulland\u0131\u011f\u0131 rivayet edilmektedir. Ancak [&hellip;]<\/p>\n","protected":false},"author":14,"featured_media":19619,"comment_status":"closed","ping_status":"open","sticky":false,"template":"","format":"standard","meta":{"jnews-multi-image_gallery":[],"jnews_single_post":{"subtitle":"","format":"standard","video":"","gallery":"","source_name":"","source_url":"","via_name":"","via_url":"","override_template":"0","override":[{"template":"1","single_blog_custom":"","parallax":"1","fullscreen":"1","layout":"double-sidebar","sidebar":"single-left","second_sidebar":"default-sidebar","sticky_sidebar":"1","share_position":"top","share_float_style":"share-monocrhome","show_share_counter":"1","show_view_counter":"1","show_featured":"1","show_post_meta":"1","show_post_author":"1","show_post_author_image":"1","show_post_date":"1","post_date_format":"default","post_date_format_custom":"Y\/m\/d","show_post_category":"1","show_post_reading_time":"0","post_reading_time_wpm":"300","show_zoom_button":"0","zoom_button_out_step":"2","zoom_button_in_step":"3","show_post_tag":"1","show_prev_next_post":"1","show_popup_post":"1","number_popup_post":"1","show_author_box":"0","show_post_related":"0","show_inline_post_related":"1"}],"override_image_size":"0","image_override":[{"single_post_thumbnail_size":"crop-500","single_post_gallery_size":"crop-500"}],"trending_post":"0","trending_post_position":"meta","trending_post_label":"Trending","sponsored_post":"0","sponsored_post_label":"Sponsored by","sponsored_post_name":"","sponsored_post_url":"","sponsored_post_logo_enable":"0","sponsored_post_logo":"","sponsored_post_desc":"","disable_ad":"0"},"jnews_primary_category":{"id":""},"jnews_social_meta":{"fb_title":"","fb_description":"","fb_image":"","twitter_title":"","twitter_description":"","twitter_image":""},"jnews_override_counter":{"override_view_counter":"0","view_counter_number":"0","override_share_counter":"0","share_counter_number":"0","override_like_counter":"0","like_counter_number":"0","override_dislike_counter":"0","dislike_counter_number":"0"},"footnotes":""},"categories":[25,2085,35],"tags":[2391,2392],"class_list":["post-19614","post","type-post","status-publish","format-standard","has-post-thumbnail","hentry","category-egitim","category-manset-haber","category-yasam","tag-uskuplu-ogretmen","tag-uskuplu-sasune-ogretmen"],"_links":{"self":[{"href":"https:\/\/iletim.istanbul.edu.tr\/index.php\/wp-json\/wp\/v2\/posts\/19614","targetHints":{"allow":["GET"]}}],"collection":[{"href":"https:\/\/iletim.istanbul.edu.tr\/index.php\/wp-json\/wp\/v2\/posts"}],"about":[{"href":"https:\/\/iletim.istanbul.edu.tr\/index.php\/wp-json\/wp\/v2\/types\/post"}],"author":[{"embeddable":true,"href":"https:\/\/iletim.istanbul.edu.tr\/index.php\/wp-json\/wp\/v2\/users\/14"}],"replies":[{"embeddable":true,"href":"https:\/\/iletim.istanbul.edu.tr\/index.php\/wp-json\/wp\/v2\/comments?post=19614"}],"version-history":[{"count":0,"href":"https:\/\/iletim.istanbul.edu.tr\/index.php\/wp-json\/wp\/v2\/posts\/19614\/revisions"}],"wp:featuredmedia":[{"embeddable":true,"href":"https:\/\/iletim.istanbul.edu.tr\/index.php\/wp-json\/wp\/v2\/media\/19619"}],"wp:attachment":[{"href":"https:\/\/iletim.istanbul.edu.tr\/index.php\/wp-json\/wp\/v2\/media?parent=19614"}],"wp:term":[{"taxonomy":"category","embeddable":true,"href":"https:\/\/iletim.istanbul.edu.tr\/index.php\/wp-json\/wp\/v2\/categories?post=19614"},{"taxonomy":"post_tag","embeddable":true,"href":"https:\/\/iletim.istanbul.edu.tr\/index.php\/wp-json\/wp\/v2\/tags?post=19614"}],"curies":[{"name":"wp","href":"https:\/\/api.w.org\/{rel}","templated":true}]}}