{"id":19988,"date":"2022-12-19T17:13:35","date_gmt":"2022-12-19T14:13:35","guid":{"rendered":"https:\/\/iletim.istanbul.edu.tr\/?p=19988"},"modified":"2022-12-19T17:32:22","modified_gmt":"2022-12-19T14:32:22","slug":"reklamcilik-kulubu-ikinci-etkinligini-gerceklestirdi","status":"publish","type":"post","link":"https:\/\/iletim.istanbul.edu.tr\/index.php\/2022\/12\/19\/reklamcilik-kulubu-ikinci-etkinligini-gerceklestirdi\/","title":{"rendered":"Reklamc\u0131l\u0131k Kul\u00fcb\u00fc \u0130kinci Etkinli\u011fini Ger\u00e7ekle\u015ftirdi"},"content":{"rendered":"\n<p><em><strong>Haber: Zeynep Kaplan Foto\u011fraf: Zeynep Y\u00fcksel<\/strong><\/em><\/p>\n\n\n\n<p><em><strong>\u0130stanbul \u00dcniversitesi Haber Merkezi<\/strong><\/em><\/p>\n\n\n\n<p><strong>\u0130stanbul \u00dcniversitesi Reklamc\u0131l\u0131k Kul\u00fcb\u00fc\u2019n\u00fcn d\u00fczenledi\u011fi \u2018\u2019Bi\u2019 Reklam Aras\u0131\u2019\u2019 etkinli\u011fi&nbsp; \u0130leti\u015fim Fak\u00fcltesi Cep Sinemas\u0131\u2019nda ger\u00e7ekle\u015fti.<\/strong><\/p>\n\n\n<div class=\"wp-block-image\">\n<figure class=\"aligncenter size-large is-resized\"><img decoding=\"async\" src=\"https:\/\/iletim.istanbul.edu.tr\/wp-content\/uploads\/reklam-arasi-foo-1024x680.jpg\" alt=\"\" class=\"wp-image-19993\" width=\"-124\" height=\"-82\" srcset=\"https:\/\/iletim.istanbul.edu.tr\/wp-content\/uploads\/reklam-arasi-foo-1024x680.jpg 1024w, https:\/\/iletim.istanbul.edu.tr\/wp-content\/uploads\/reklam-arasi-foo-300x199.jpg 300w, https:\/\/iletim.istanbul.edu.tr\/wp-content\/uploads\/reklam-arasi-foo-768x510.jpg 768w, https:\/\/iletim.istanbul.edu.tr\/wp-content\/uploads\/reklam-arasi-foo-1536x1020.jpg 1536w, https:\/\/iletim.istanbul.edu.tr\/wp-content\/uploads\/reklam-arasi-foo-750x498.jpg 750w, https:\/\/iletim.istanbul.edu.tr\/wp-content\/uploads\/reklam-arasi-foo-1140x757.jpg 1140w, https:\/\/iletim.istanbul.edu.tr\/wp-content\/uploads\/reklam-arasi-foo.jpg 1600w\" sizes=\"(max-width: 1024px) 100vw, 1024px\" \/><\/figure><\/div>\n\n\n<p>Moderat\u00f6rl\u00fc\u011f\u00fcn\u00fc Berke Kay\u0131\u015f\u2019\u0131n yapt\u0131\u011f\u0131 \u201cBi\u2019 Reklam Aras\u0131\u201d etkinli\u011finde, kul\u00fcp \u00fcyelerinin se\u00e7ti\u011fi yarat\u0131c\u0131 ve ba\u015far\u0131l\u0131 reklamlar izlendi. T\u00fcrkiye ve D\u00fcnya \u00e7ap\u0131nda ses getiren reklamlar\u0131n izlendi\u011fi etkinlikte kat\u0131l\u0131mc\u0131larla reklam yorumlamalar\u0131 yap\u0131ld\u0131.<\/p>\n\n\n\n<p>Kul\u00fcp Ba\u015fkan\u0131 Samet Kaplan, \u2018\u2019Reklamc\u0131l\u0131k Kul\u00fcb\u00fc olarak sekt\u00f6rde yap\u0131lm\u0131\u015f i\u015fleri reklamc\u0131 g\u00f6z\u00fcyle yorumlamak ad\u0131na bu etkinli\u011fi ikinci kez d\u00fczenledik\u2019\u2019 diye konu\u015ftu. Etkinli\u011fin kat\u0131l\u0131mc\u0131lara bak\u0131\u015f a\u00e7\u0131s\u0131 kazand\u0131rd\u0131\u011f\u0131n\u0131 aktaran Kaplan, etkinlik sonunda kul\u00fcp \u00fcyelerine kat\u0131l\u0131mlar\u0131ndan dolay\u0131 te\u015fekk\u00fcr etti.<\/p>\n\n\n\n<p><\/p>\n\n\n<div class=\"wp-block-image\">\n<figure class=\"aligncenter size-large is-resized\"><img decoding=\"async\" src=\"https:\/\/iletim.istanbul.edu.tr\/wp-content\/uploads\/alt-1024x680.jpg\" alt=\"\" class=\"wp-image-19992\" width=\"670\" height=\"445\" srcset=\"https:\/\/iletim.istanbul.edu.tr\/wp-content\/uploads\/alt-1024x680.jpg 1024w, https:\/\/iletim.istanbul.edu.tr\/wp-content\/uploads\/alt-300x199.jpg 300w, https:\/\/iletim.istanbul.edu.tr\/wp-content\/uploads\/alt-768x510.jpg 768w, https:\/\/iletim.istanbul.edu.tr\/wp-content\/uploads\/alt-1536x1020.jpg 1536w, https:\/\/iletim.istanbul.edu.tr\/wp-content\/uploads\/alt-750x498.jpg 750w, https:\/\/iletim.istanbul.edu.tr\/wp-content\/uploads\/alt-1140x757.jpg 1140w, https:\/\/iletim.istanbul.edu.tr\/wp-content\/uploads\/alt.jpg 1600w\" sizes=\"(max-width: 670px) 100vw, 670px\" \/><\/figure><\/div>","protected":false},"excerpt":{"rendered":"<p>Haber: Zeynep Kaplan Foto\u011fraf: Zeynep Y\u00fcksel \u0130stanbul \u00dcniversitesi Haber Merkezi \u0130stanbul \u00dcniversitesi Reklamc\u0131l\u0131k Kul\u00fcb\u00fc\u2019n\u00fcn d\u00fczenledi\u011fi \u2018\u2019Bi\u2019 Reklam Aras\u0131\u2019\u2019 etkinli\u011fi&nbsp; \u0130leti\u015fim Fak\u00fcltesi Cep Sinemas\u0131\u2019nda ger\u00e7ekle\u015fti. Moderat\u00f6rl\u00fc\u011f\u00fcn\u00fc Berke Kay\u0131\u015f\u2019\u0131n yapt\u0131\u011f\u0131 \u201cBi\u2019 Reklam Aras\u0131\u201d etkinli\u011finde, kul\u00fcp \u00fcyelerinin se\u00e7ti\u011fi yarat\u0131c\u0131 ve ba\u015far\u0131l\u0131 reklamlar izlendi. T\u00fcrkiye ve D\u00fcnya \u00e7ap\u0131nda ses getiren reklamlar\u0131n izlendi\u011fi etkinlikte kat\u0131l\u0131mc\u0131larla reklam yorumlamalar\u0131 yap\u0131ld\u0131. Kul\u00fcp Ba\u015fkan\u0131 [&hellip;]<\/p>\n","protected":false},"author":14,"featured_media":19991,"comment_status":"closed","ping_status":"open","sticky":false,"template":"","format":"standard","meta":{"jnews-multi-image_gallery":[],"jnews_single_post":{"subtitle":"","format":"standard","video":"","gallery":"","source_name":"","source_url":"","via_name":"","via_url":"","override_template":"0","override":[{"template":"1","single_blog_custom":"","parallax":"1","fullscreen":"1","layout":"double-sidebar","sidebar":"single-left","second_sidebar":"default-sidebar","sticky_sidebar":"1","share_position":"top","share_float_style":"share-monocrhome","show_share_counter":"1","show_view_counter":"1","show_featured":"1","show_post_meta":"1","show_post_author":"1","show_post_author_image":"1","show_post_date":"1","post_date_format":"default","post_date_format_custom":"Y\/m\/d","show_post_category":"1","show_post_reading_time":"0","post_reading_time_wpm":"300","show_zoom_button":"0","zoom_button_out_step":"2","zoom_button_in_step":"3","show_post_tag":"1","show_prev_next_post":"1","show_popup_post":"1","number_popup_post":"1","show_author_box":"0","show_post_related":"0","show_inline_post_related":"1"}],"override_image_size":"0","image_override":[{"single_post_thumbnail_size":"crop-500","single_post_gallery_size":"crop-500"}],"trending_post":"0","trending_post_position":"meta","trending_post_label":"Trending","sponsored_post":"0","sponsored_post_label":"Sponsored by","sponsored_post_name":"","sponsored_post_url":"","sponsored_post_logo_enable":"0","sponsored_post_logo":"","sponsored_post_desc":"","disable_ad":"0"},"jnews_primary_category":{"id":""},"jnews_social_meta":{"fb_title":"","fb_description":"","fb_image":"","twitter_title":"","twitter_description":"","twitter_image":""},"jnews_override_counter":{"override_view_counter":"0","view_counter_number":"0","override_share_counter":"0","share_counter_number":"0","override_like_counter":"0","like_counter_number":"0","override_dislike_counter":"0","dislike_counter_number":"0"},"footnotes":""},"categories":[1],"tags":[40,2104,43,52,2103],"class_list":["post-19988","post","type-post","status-publish","format-standard","has-post-thumbnail","hentry","category-genel","tag-iletisim-fakultesi","tag-iletisim-fakultesi-reklamcilik-kulubu","tag-istanbul-universitesi","tag-iu-iletisim-fakultesi","tag-reklamcilik-kulubu"],"_links":{"self":[{"href":"https:\/\/iletim.istanbul.edu.tr\/index.php\/wp-json\/wp\/v2\/posts\/19988","targetHints":{"allow":["GET"]}}],"collection":[{"href":"https:\/\/iletim.istanbul.edu.tr\/index.php\/wp-json\/wp\/v2\/posts"}],"about":[{"href":"https:\/\/iletim.istanbul.edu.tr\/index.php\/wp-json\/wp\/v2\/types\/post"}],"author":[{"embeddable":true,"href":"https:\/\/iletim.istanbul.edu.tr\/index.php\/wp-json\/wp\/v2\/users\/14"}],"replies":[{"embeddable":true,"href":"https:\/\/iletim.istanbul.edu.tr\/index.php\/wp-json\/wp\/v2\/comments?post=19988"}],"version-history":[{"count":0,"href":"https:\/\/iletim.istanbul.edu.tr\/index.php\/wp-json\/wp\/v2\/posts\/19988\/revisions"}],"wp:featuredmedia":[{"embeddable":true,"href":"https:\/\/iletim.istanbul.edu.tr\/index.php\/wp-json\/wp\/v2\/media\/19991"}],"wp:attachment":[{"href":"https:\/\/iletim.istanbul.edu.tr\/index.php\/wp-json\/wp\/v2\/media?parent=19988"}],"wp:term":[{"taxonomy":"category","embeddable":true,"href":"https:\/\/iletim.istanbul.edu.tr\/index.php\/wp-json\/wp\/v2\/categories?post=19988"},{"taxonomy":"post_tag","embeddable":true,"href":"https:\/\/iletim.istanbul.edu.tr\/index.php\/wp-json\/wp\/v2\/tags?post=19988"}],"curies":[{"name":"wp","href":"https:\/\/api.w.org\/{rel}","templated":true}]}}