{"id":20003,"date":"2022-12-23T16:44:43","date_gmt":"2022-12-23T13:44:43","guid":{"rendered":"https:\/\/iletim.istanbul.edu.tr\/?p=20003"},"modified":"2022-12-23T16:44:44","modified_gmt":"2022-12-23T13:44:44","slug":"prof-dr-gulsecen-ana-temamiz-insan-odaginda-bir-gelecek-yaratmak","status":"publish","type":"post","link":"https:\/\/iletim.istanbul.edu.tr\/index.php\/2022\/12\/23\/prof-dr-gulsecen-ana-temamiz-insan-odaginda-bir-gelecek-yaratmak\/","title":{"rendered":"Prof. Dr. G\u00fclse\u00e7en: &#8220;Ana temam\u0131z insan oda\u011f\u0131nda bir gelecek yaratmak&#8221;"},"content":{"rendered":"\n<p><strong><em>Haber: Cemil \u0130lg\u00f6r, Duygu Duran<\/em><\/strong><\/p>\n\n\n\n<p><strong><em>\u0130stanbul \u00dcniversitesi Haber Merkezi<\/em><\/strong><\/p>\n\n\n\n<p><strong><em>\u0130stanbul \u00dcniversitesi&#8217;nin (\u0130\u00dc) bir markas\u0131 haline gelen Uluslararas\u0131 FutureLearning ve Enformatik Konferans\u0131&#8217;n\u0131n 9.su, Ankara At\u0131l\u0131m \u00dcniversitesi&#8217;nde ger\u00e7ekle\u015ftirildi. Konferans hakk\u0131nda \u0130\u00dc Enformatik B\u00f6l\u00fcm\u00fc \u00d6\u011fretim \u00dcyeleri Prof. Dr. Sevin\u00e7 G\u00fclse\u00e7en, Do\u00e7. Dr. \u00c7i\u011fdem Erol ve Ar\u015f. G\u00f6r. Dr. Mehmet Selim Derindere bilgi verdi.<\/em><\/strong><\/p>\n\n\n<div class=\"wp-block-image\">\n<figure class=\"aligncenter size-full is-resized\"><img decoding=\"async\" src=\"https:\/\/iletim.istanbul.edu.tr\/wp-content\/uploads\/6a83102d-71ef-471c-81da-97915b6c932d-2.jpg\" alt=\"\" class=\"wp-image-20020\" width=\"-318\" height=\"-423\" srcset=\"https:\/\/iletim.istanbul.edu.tr\/wp-content\/uploads\/6a83102d-71ef-471c-81da-97915b6c932d-2.jpg 768w, https:\/\/iletim.istanbul.edu.tr\/wp-content\/uploads\/6a83102d-71ef-471c-81da-97915b6c932d-2-225x300.jpg 225w, https:\/\/iletim.istanbul.edu.tr\/wp-content\/uploads\/6a83102d-71ef-471c-81da-97915b6c932d-2-750x1000.jpg 750w\" sizes=\"(max-width: 768px) 100vw, 768px\" \/><\/figure><\/div>\n\n\n<p>Bu y\u0131l 9. kez d\u00fczenlenen Uluslararas\u0131 FutureLearning ve Enformatik Konferans\u0131, 9-11 Kas\u0131m tarihleri aras\u0131nda Ankara At\u0131l\u0131m \u00dcniversitesi&#8217;nde ger\u00e7ekle\u015ftirildi. 2004 y\u0131l\u0131nda organize edilmeye ba\u015flanan ve 2 y\u0131lda bir d\u00fczenlenen konferans hakk\u0131nda konu\u015fan Prof. Dr. Sevin\u00e7 G\u00fclse\u00e7en, konferans\u0131n e-\u00f6\u011frenme konusuna odakland\u0131\u011f\u0131n\u0131 vurgulad\u0131. Uzaktan e\u011fitim ve e-\u00f6\u011frenme\u2019nin 2004 y\u0131l\u0131nda nispeten yeni kavramlar oldu\u011funu s\u00f6yleyen Prof. Dr. G\u00fclse\u00e7en, konferansa enformatik alan\u0131ndaki farkl\u0131 g\u00fcncel konular\u0131 da dahil ederek, bunlar\u0131n e\u011fitime nas\u0131l etki etti\u011fi ve bunlarla e\u011fitimin nas\u0131l ger\u00e7ekle\u015fti\u011fi konular\u0131n\u0131 masaya yat\u0131rd\u0131klar\u0131n\u0131 belirtti.<\/p>\n\n\n\n<p>Konferans\u0131n a\u00e7\u0131l\u0131\u015f oturumuna \u0130\u00dc Rekt\u00f6r Yard\u0131mc\u0131s\u0131 Prof. Dr. Levent \u015eahin, At\u0131l\u0131m \u00dcniversitesi Rekt\u00f6r\u00fc Prof. Dr. Y\u0131ld\u0131r\u0131m \u00dc\u00e7tu\u011f,\u00a0T\u00fcrkiye Bili\u015fim Derne\u011fi (TBD) Genel Ba\u015fkan\u0131 Rahmi Aktepe ve T\u00dcYAFED Genel Ba\u015fkan\u0131 Mustafa \u00c7al\u0131\u015f a\u00e7\u0131l\u0131\u015f konu\u015fmalar\u0131yla kat\u0131ld\u0131.<\/p>\n\n\n\n<p>FutureLearning2022 konferans\u0131na konu\u015fmalar\u0131yla de\u011fer katan davetli konu\u015fmac\u0131 ve bilim insanlar\u0131 oldu\u011funu da vurgulayan Prof. Dr. G\u00fclse\u00e7en, \u201cProf. Abha Sharma (Hindistan), Prof. Ramesh Sharma (Hindistan), Prof. Dr. Soner Y\u0131ld\u0131r\u0131m (T\u00fcrkiye) ve Prof. Victor Friedman (\u0130srail), e\u011fitim-insan-teknoloji \u00fc\u00e7geninde \u00e7ok k\u0131ymetli bilgiler verdiler\u201d dedi.\u00a0\u00a0<\/p>\n\n\n\n<p><strong>Farkl\u0131 Kurumlarla \u0130\u015f Birlikleri<\/strong><\/p>\n\n\n\n<p>\u201c\u0130stanbul \u00dcniversitesi Enformatik B\u00f6l\u00fcm\u00fc olarak bug\u00fcne kadar Milli E\u011fitim Bakanl\u0131\u011f\u0131 (MEB), T\u00fcrkiye Bili\u015fim Derne\u011fi (TBD), T\u00fcrkiye Bili\u015fim Vakf\u0131 (TBV) ve yurt i\u00e7i ve yurt d\u0131\u015f\u0131ndan farkl\u0131 \u00fcniversiteler ile i\u015f birli\u011fi yap\u0131ld\u0131\u011f\u0131n\u0131 belirten Prof. Dr. G\u00fclse\u00e7en, \u201cBu sene T\u00fcm Yaz\u0131l\u0131mc\u0131lar Federasyonu (T\u00dcYAFED) de bizim payda\u015f\u0131m\u0131z oldu ve Ankara\u2019da 3 g\u00fcn s\u00fcren konferans\u0131m\u0131z\u0131 ger\u00e7ekle\u015ftirdik\u201c dedi. Bu seneki konferans\u0131n bir di\u011fer \u00f6zelli\u011finin farkl\u0131 \u015fehirlerden, \u00f6\u011fretmenleri e\u015fli\u011finde k\u00fc\u00e7\u00fck \u00f6\u011frenci gruplar\u0131n\u0131n gelmesi oldu\u011funu dile getiren Prof. Dr. G\u00fclse\u00e7en \u015funlar\u0131 da ilave etti: \u201cBing\u00f6l Mesleki ve Anadolu Teknik Lisesi\u2019nden bir \u00f6\u011fretmen ile iki \u00f6\u011frencisi, Arduino ile kodlayarak haz\u0131rlam\u0131\u015f olduklar\u0131 3 adet robotu (h\u0131zl\u0131 \u00e7izgi izleyen robot, ileri seviye \u00e7izgi izleyen robot ve mini sumo) tan\u0131tt\u0131lar. Ayr\u0131ca \u00c7orum Ortak\u00f6y A\u015fdavul \u015eehit Mahsuni T\u00fcrkmen ilkokulundan 4 \u00f6\u011fretmen e\u015fli\u011finde 4 \u00f6\u011frenci konferansa kat\u0131larak, robotik kodlama ile labirent \u00e7\u00f6zen kargo ta\u015f\u0131yan robotlar\u0131n\u0131 tan\u0131tt\u0131lar. Diyarbak\u0131r Kayap\u0131nar K\u0131z Anadolu \u0130mam Hatip Lisesi\u2019nden bir \u00f6\u011fretmen e\u015fli\u011finde 3 \u00f6\u011frenci, yapt\u0131klar\u0131 \u00c7evre Dostu Anneler Projesi\u2019ni tan\u0131tt\u0131lar. Bu proje ev han\u0131m\u0131 annelere \u00e7evre duyarl\u0131l\u0131\u011f\u0131 bilincini kazand\u0131rmay\u0131 ama\u00e7lamaktad\u0131r. Projede hem y\u00fcz y\u00fcze hem uzaktan e\u011fitimler yap\u0131lmakta.\u201d<\/p>\n\n\n<div class=\"wp-block-image\">\n<figure class=\"aligncenter size-large is-resized\"><img decoding=\"async\" src=\"https:\/\/iletim.istanbul.edu.tr\/wp-content\/uploads\/71bfcee9-b7bc-4af9-a3ba-997bacb54b96-2-1024x768.jpg\" alt=\"\" class=\"wp-image-20015\" width=\"-205\" height=\"-153\" srcset=\"https:\/\/iletim.istanbul.edu.tr\/wp-content\/uploads\/71bfcee9-b7bc-4af9-a3ba-997bacb54b96-2-1024x768.jpg 1024w, https:\/\/iletim.istanbul.edu.tr\/wp-content\/uploads\/71bfcee9-b7bc-4af9-a3ba-997bacb54b96-2-300x225.jpg 300w, https:\/\/iletim.istanbul.edu.tr\/wp-content\/uploads\/71bfcee9-b7bc-4af9-a3ba-997bacb54b96-2-768x576.jpg 768w, https:\/\/iletim.istanbul.edu.tr\/wp-content\/uploads\/71bfcee9-b7bc-4af9-a3ba-997bacb54b96-2-1536x1152.jpg 1536w, https:\/\/iletim.istanbul.edu.tr\/wp-content\/uploads\/71bfcee9-b7bc-4af9-a3ba-997bacb54b96-2-750x563.jpg 750w, https:\/\/iletim.istanbul.edu.tr\/wp-content\/uploads\/71bfcee9-b7bc-4af9-a3ba-997bacb54b96-2-1140x855.jpg 1140w, https:\/\/iletim.istanbul.edu.tr\/wp-content\/uploads\/71bfcee9-b7bc-4af9-a3ba-997bacb54b96-2.jpg 2048w\" sizes=\"(max-width: 1024px) 100vw, 1024px\" \/><\/figure><\/div>\n\n\n<p><strong>&#8220;Uluslararas\u0131 konferans oldu\u011fu i\u00e7in yurt d\u0131\u015f\u0131ndan da ilgi g\u00f6rd\u00fc&#8221;<\/strong><\/p>\n\n\n\n<p>Konferansa yurt d\u0131\u015f\u0131ndan da ilgi oldu\u011funu belirten Prof. Dr. G\u00fclse\u00e7en, 2004 y\u0131l\u0131nda yap\u0131lan \u0130lk konferansta 26 farkl\u0131 \u00fclkeden kat\u0131l\u0131mc\u0131 oldu\u011funu, sonraki konferanslarda da bu say\u0131n\u0131n hep y\u00fcksek seyretti\u011fini ancak pandemi dolay\u0131s\u0131yla 2020 ve 2022 y\u0131llar\u0131nda konferans\u0131n hibrit olarak ger\u00e7ekle\u015ftirildi\u011fini ifade etti. Konferans\u0131 di\u011ferlerinden ay\u0131ran \u00f6zelli\u011finin, akademik oturumlar\u0131n yan\u0131 s\u0131ra panel oturumlar\u0131n da bulunmas\u0131 oldu\u011funu belirten Prof. Dr. G\u00fclse\u00e7en \u201cBu sene 8 farkl\u0131 konuda, 8 panel yap\u0131ld\u0131 ve bunlara T\u00fcrkiye\u2019nin \u00e7ok \u00f6nemli devlet ve \u00f6zel kurumlar\u0131ndan panelistlerimiz kat\u0131ld\u0131\u201d dedi ve bu y\u0131lki konferans\u0131n panel konular\u0131n\u0131n s\u0131ras\u0131yla \u015funlar oldu\u011funu belirtti: Teknolojik \u0130novasyonun Geli\u015fimsel Davran\u0131\u015flara Etkisi, E\u011fitim \u0130stihdam ve Beyin G\u00f6\u00e7\u00fc, E\u011fitimde Yarat\u0131c\u0131l\u0131k, Gen\u00e7lik Paneli, S\u00fcrd\u00fcr\u00fclebilir Ya\u015fam i\u00e7in E\u011fitim, E\u011fitim ve Oyunla\u015ft\u0131rma, E\u011fitimde Spor-Sporda E\u011fitim. Prof.Dr. G\u00fclse\u00e7en, \u201cBu panellerin panelist ve moderat\u00f6rleri de \u015fu kurumlardan kat\u0131l\u0131mc\u0131lar oldu: \u0130stanbul \u00dcniversitesi, Albaby University (ABD), Bah\u00e7e\u015fehir \u00dcniversitesi, MEB, TOBB, Bilge Adam, Bilkent Cyberpark, KCTEK Ar-Ge Bili\u015fim, ODT\u00dc, At\u0131l\u0131m \u00dcniversitesi, Hacettepe \u00dcniversitesi, TIHEK, UNSDSN T\u00fcrkiye, TOGED, G\u00fcven Future, Marmara \u00dcniversitesi, \u00d6zel \u00dcsk\u00fcdar SEV \u0130lk\u00f6\u011fretim Kurumlar\u0131. &#8216;E\u011fitimde Spor &#8211; Sporda E\u011fitim&#8217;\u00a0panelinin, \u00e7ok \u00f6zel iki misafiri de Avrupa T\u00fcrk Futbol Federasyonu Ba\u015fkan\u0131 ile genel sekreteri oldu&#8221; \u015feklinde konu\u015ftu.<\/p>\n\n\n\n<p>Prof. G\u00fclse\u00e7en, konferans\u0131n 11 Kas\u0131m tarihinde yap\u0131lan kapan\u0131\u015f oturumuna MEB Bakan Yard\u0131mc\u0131s\u0131 Prof. Dr. Petek A\u015fkar, konferans e\u015f ba\u015fkanlar\u0131 Prof. Dr. Sevin\u00e7 G\u00fclse\u00e7en ve Dr. Ayd\u0131n Kolat, At\u0131l\u0131m \u00dcniversitesi\u2019nden Do\u00e7. Dr. Meltem Ery\u0131lmaz, Arizona State \u00dcniversitesi\u2019nden Prof. Gary Grossman, T\u00dcYAFED Genel Ba\u015fkan\u0131 Mustafa \u00c7al\u0131\u015f ve Enocta CEO\u2019su Ahmet Han\u00e7er\u2019in kat\u0131ld\u0131\u011f\u0131n\u0131 ve konferans\u0131n genel de\u011ferlendirmesinin yap\u0131ld\u0131\u011f\u0131n\u0131 belirtti.<\/p>\n\n\n<div class=\"wp-block-image\">\n<figure class=\"aligncenter size-full is-resized\"><img decoding=\"async\" src=\"https:\/\/iletim.istanbul.edu.tr\/wp-content\/uploads\/futurelearnin3.-foto.jpg\" alt=\"\" class=\"wp-image-20006\" width=\"-689\" height=\"-351\" srcset=\"https:\/\/iletim.istanbul.edu.tr\/wp-content\/uploads\/futurelearnin3.-foto.jpg 1024w, https:\/\/iletim.istanbul.edu.tr\/wp-content\/uploads\/futurelearnin3.-foto-300x153.jpg 300w, https:\/\/iletim.istanbul.edu.tr\/wp-content\/uploads\/futurelearnin3.-foto-768x392.jpg 768w, https:\/\/iletim.istanbul.edu.tr\/wp-content\/uploads\/futurelearnin3.-foto-750x383.jpg 750w\" sizes=\"(max-width: 1024px) 100vw, 1024px\" \/><\/figure><\/div>\n\n\n<p><strong>\u0130nsan Odakl\u0131 Bir Gelecek Yaratmak<\/strong><\/p>\n\n\n\n<p>Her konferansta&nbsp; farkl\u0131 bir alt konu oldu\u011funu s\u00f6yleyen Prof. Dr. G\u00fclse\u00e7en, bu seneki konunun \u201cinsan odakl\u0131 bir gelecek yaratmak\u201d oldu\u011funu belirtti. Neden b\u00f6yle bir konu se\u00e7ildi\u011fi soruldu\u011funda ise \u201cHepimiz biliyoruz ve \u015fahidiz ki teknoloji h\u0131zl\u0131 bir \u015fekilde ilerliyor. Herkes eli de\u011fdi\u011fince teknolojiyi geli\u015ftirmeye katk\u0131da bulunmak istiyor. Ancak bu geli\u015fme hep insan yarar\u0131na olmal\u0131\u201d dedi.<\/p>\n\n\n\n<p>&#8220;&#8216;Teknoloji i\u00e7in insan- insan i\u00e7in teknoloji&#8217; slogan\u0131yla hareket eden konferans, insan\u0131n teknoloji geli\u015ftirmede ve kullanmada \u00f6nemini \u00f6zellikle vurgulamak istedi ve panellerin \u00e7o\u011fu da bu konu \u00fczerinde \u015fekillendi&#8221; diyerek s\u00f6zlerine devam eden Prof. Dr. G\u00fclse\u00e7en, &#8220;Konferansta bir de ana konu etraf\u0131nda \u015fekillenen oturumlar ger\u00e7ekle\u015fti. Bu y\u0131lki konferans oturumlar\u0131na Litvanya, Slovakya, Ukrayna ve Bulgaristan\u2019dan kat\u0131l\u0131mc\u0131lar oldu\u201d \u015feklinde konu\u015ftu.<\/p>\n\n\n\n<p>Destek veren kurulu\u015flardan bahseden Prof. Dr. G\u00fclse\u00e7en son 5 konferansa T\u00dcB\u0130TAK\u2019\u0131n destek verdi\u011fini vurgulad\u0131. \u201c T\u00dcB\u0130TAK, yurt d\u0131\u015f\u0131ndan gelecek konu\u015fmac\u0131lar\u0131n k\u0131smen&nbsp;masraflar\u0131n\u0131n kar\u015f\u0131lanmas\u0131, kullan\u0131lacak olan her t\u00fcrl\u00fc bas\u0131l\u0131 malzemeler i\u00e7in destek verdi\u201d diyen Prof. Dr. G\u00fclse\u00e7en, bunun d\u0131\u015f\u0131nda T\u00fcrkiye\u2019nin \u00f6nemli bir e-\u00f6\u011frenme kurumu olan enocta isimli kurumun da son 5 konferansa&nbsp;s\u00fcrekli olarak destek verdi\u011fini dile getirdi. Bu seneki konferans i\u00e7in Vedubox, Qulak ve BThaber kurumlar\u0131n\u0131n destek\u00e7i oldu\u011funu s\u00f6zlerine ekledi.<\/p>\n\n\n\n<p>Prof. Dr. G\u00fclse\u00e7en, konferans\u0131n, Enformatik B\u00f6l\u00fcm\u00fc \u00d6\u011fretim Elemanlar\u0131 Do\u00e7. Dr. \u00c7i\u011fdem Erol, Do\u00e7. Dr. Murat Gezer, Dr. \u00d6\u011fr. \u00dcyesi \u0130nci Zaim G\u00f6kbay, Dr. Serra \u00c7elik, Dr. Fidan Bayraktutan ve Dr. Mehmet Selim Derindere\u2019nin \u00fcst\u00fcn gayreti ve \u00e7abas\u0131 ve Enformatik Anabilim Dal\u0131&#8217;ndan bir k\u0131s\u0131m y\u00fcksek lisans ve doktora \u00f6\u011frencisinin \u00f6zverili kat\u0131l\u0131m\u0131 ile ba\u015far\u0131yla ger\u00e7ekle\u015fti\u011fini dile getirerek s\u00f6zlerini tamamlad\u0131.<\/p>\n\n\n<div class=\"wp-block-image\">\n<figure class=\"aligncenter size-large\"><img decoding=\"async\" width=\"768\" height=\"1024\" src=\"https:\/\/iletim.istanbul.edu.tr\/wp-content\/uploads\/13d8ff23-2e2e-4c95-9a41-f68a5db5a41b-2-768x1024.jpg\" alt=\"\" class=\"wp-image-20007\" srcset=\"https:\/\/iletim.istanbul.edu.tr\/wp-content\/uploads\/13d8ff23-2e2e-4c95-9a41-f68a5db5a41b-2-768x1024.jpg 768w, https:\/\/iletim.istanbul.edu.tr\/wp-content\/uploads\/13d8ff23-2e2e-4c95-9a41-f68a5db5a41b-2-225x300.jpg 225w, https:\/\/iletim.istanbul.edu.tr\/wp-content\/uploads\/13d8ff23-2e2e-4c95-9a41-f68a5db5a41b-2-1152x1536.jpg 1152w, https:\/\/iletim.istanbul.edu.tr\/wp-content\/uploads\/13d8ff23-2e2e-4c95-9a41-f68a5db5a41b-2-750x1000.jpg 750w, https:\/\/iletim.istanbul.edu.tr\/wp-content\/uploads\/13d8ff23-2e2e-4c95-9a41-f68a5db5a41b-2-1140x1520.jpg 1140w, https:\/\/iletim.istanbul.edu.tr\/wp-content\/uploads\/13d8ff23-2e2e-4c95-9a41-f68a5db5a41b-2.jpg 1200w\" sizes=\"(max-width: 768px) 100vw, 768px\" \/><\/figure><\/div>\n\n\n<p><strong>&#8220;Sadece e\u011fitim konferans\u0131 de\u011filiz&#8221;<\/strong><\/p>\n\n\n\n<p>Bu seneki teman\u0131n insan odakl\u0131 gelecek oldu\u011funu s\u00f6yleyen Do\u00e7. Dr. \u00c7i\u011fdem Erol \u201cFuture Learning ad\u0131n\u0131 duyunca herkes e\u011fitim konferans\u0131\u00a0gibi alg\u0131l\u0131yor ancak sadece e\u011fitim konferans\u0131 de\u011filiz. Enformatik B\u00f6l\u00fcm\u00fc olarak enformati\u011fin ve verinin her alanda ya\u015f\u0131yor, v\u00fccut buluyor ve payla\u015f\u0131l\u0131yor olmas\u0131ndan yola \u00e7\u0131karak, bu alg\u0131y\u0131 biraz k\u0131rmak ad\u0131na, zaman i\u00e7erisinde enformati\u011fi konferans\u0131m\u0131z\u0131n ad\u0131na eklemeye ba\u015flad\u0131k\u201d dedi.<\/p>\n\n\n\n<p>Konferans\u0131n bu sene ilk defa fiziksel olarak \u0130stanbul d\u0131\u015f\u0131nda bir mekanda ger\u00e7ekle\u015fti\u011fini s\u00f6yleyen Do\u00e7. Dr. Erol \u201cBir \u00f6nceki konferans pandemi nedeniyle \u00e7evrim i\u00e7i oldu. Bu sene hibrit bir konferans ger\u00e7ekle\u015ftirdik. 8 tane panel vard\u0131. Kat\u0131l\u0131mc\u0131lar farkl\u0131 konulardayd\u0131. Olduk\u00e7a yo\u011fun kat\u0131l\u0131m olan paneller oldu. Sa\u011fl\u0131k ve e\u011fitim alan\u0131nda farkl\u0131 payla\u015f\u0131mlar, alan\u0131nda uzman ki\u015filerin yer ald\u0131\u011f\u0131, farkl\u0131 alanlarda hem yurt d\u0131\u015f\u0131ndan hem yurt i\u00e7inden davetli konu\u015fmac\u0131lar\u0131m\u0131z vard\u0131\u201d diyerek s\u00f6zlerini noktalad\u0131.<\/p>\n\n\n\n<p>Konferans hakk\u0131nda bilgi veren Dr. Mehmet Selim Derindere ise konferans esnas\u0131nda bir \u00e7al\u0131\u015ftay d\u00fczenlediklerini dile getirerek burada \u00f6zellikle bilgi i\u015flem sekt\u00f6r\u00fcn\u00fc etkileyen beyin g\u00f6\u00e7\u00fcne y\u00f6nelik ne yap\u0131labilece\u011fi, problemin nas\u0131l daha iyi anla\u015f\u0131labilece\u011fi ve bunun \u00e7\u00f6z\u00fcm\u00fcne y\u00f6nelik nas\u0131l bir bilgi \u00fcretilebilece\u011fi \u00fczerinde duruldu\u011funu belirtti. <\/p>\n\n\n<div class=\"wp-block-image\">\n<figure class=\"aligncenter size-full is-resized\"><img decoding=\"async\" src=\"https:\/\/iletim.istanbul.edu.tr\/wp-content\/uploads\/futulearn4.-foto.jpg\" alt=\"\" class=\"wp-image-20008\" width=\"514\" height=\"686\" srcset=\"https:\/\/iletim.istanbul.edu.tr\/wp-content\/uploads\/futulearn4.-foto.jpg 768w, https:\/\/iletim.istanbul.edu.tr\/wp-content\/uploads\/futulearn4.-foto-225x300.jpg 225w, https:\/\/iletim.istanbul.edu.tr\/wp-content\/uploads\/futulearn4.-foto-750x1000.jpg 750w\" sizes=\"(max-width: 514px) 100vw, 514px\" \/><\/figure><\/div>","protected":false},"excerpt":{"rendered":"<p>Haber: Cemil \u0130lg\u00f6r, Duygu Duran \u0130stanbul \u00dcniversitesi Haber Merkezi \u0130stanbul \u00dcniversitesi&#8217;nin (\u0130\u00dc) bir markas\u0131 haline gelen Uluslararas\u0131 FutureLearning ve Enformatik Konferans\u0131&#8217;n\u0131n 9.su, Ankara At\u0131l\u0131m \u00dcniversitesi&#8217;nde ger\u00e7ekle\u015ftirildi. Konferans hakk\u0131nda \u0130\u00dc Enformatik B\u00f6l\u00fcm\u00fc \u00d6\u011fretim \u00dcyeleri Prof. Dr. Sevin\u00e7 G\u00fclse\u00e7en, Do\u00e7. Dr. \u00c7i\u011fdem Erol ve Ar\u015f. G\u00f6r. Dr. Mehmet Selim Derindere bilgi verdi. Bu y\u0131l 9. kez d\u00fczenlenen [&hellip;]<\/p>\n","protected":false},"author":14,"featured_media":20004,"comment_status":"closed","ping_status":"open","sticky":false,"template":"","format":"standard","meta":{"jnews-multi-image_gallery":[],"jnews_single_post":{"subtitle":"","format":"standard","video":"","gallery":"","source_name":"","source_url":"","via_name":"","via_url":"","override_template":"0","override":[{"template":"1","single_blog_custom":"","parallax":"1","fullscreen":"1","layout":"double-sidebar","sidebar":"single-left","second_sidebar":"default-sidebar","sticky_sidebar":"1","share_position":"top","share_float_style":"share-monocrhome","show_share_counter":"1","show_view_counter":"1","show_featured":"1","show_post_meta":"1","show_post_author":"1","show_post_author_image":"1","show_post_date":"1","post_date_format":"default","post_date_format_custom":"Y\/m\/d","show_post_category":"1","show_post_reading_time":"0","post_reading_time_wpm":"300","show_zoom_button":"0","zoom_button_out_step":"2","zoom_button_in_step":"3","show_post_tag":"1","show_prev_next_post":"1","show_popup_post":"1","number_popup_post":"1","show_author_box":"0","show_post_related":"0","show_inline_post_related":"1"}],"override_image_size":"0","image_override":[{"single_post_thumbnail_size":"crop-500","single_post_gallery_size":"crop-500"}],"trending_post":"0","trending_post_position":"meta","trending_post_label":"Trending","sponsored_post":"0","sponsored_post_label":"Sponsored by","sponsored_post_name":"","sponsored_post_url":"","sponsored_post_logo_enable":"0","sponsored_post_logo":"","sponsored_post_desc":"","disable_ad":"0"},"jnews_primary_category":{"id":""},"jnews_social_meta":{"fb_title":"","fb_description":"","fb_image":"","twitter_title":"","twitter_description":"","twitter_image":""},"jnews_override_counter":{"override_view_counter":"0","view_counter_number":"0","override_share_counter":"0","share_counter_number":"0","override_like_counter":"0","like_counter_number":"0","override_dislike_counter":"0","dislike_counter_number":"0"},"footnotes":""},"categories":[34,2085,31],"tags":[2476,2477,2478,2464],"class_list":["post-20003","post","type-post","status-publish","format-standard","has-post-thumbnail","hentry","category-universite","category-manset-haber","category-teknoloji","tag-future-learning-konferansi","tag-iu-enformatik-bolumu-future-learning","tag-iu-enformatik-bolumu-konferans","tag-uluslararasi-future-learning-ve-enformatik-konferansi"],"_links":{"self":[{"href":"https:\/\/iletim.istanbul.edu.tr\/index.php\/wp-json\/wp\/v2\/posts\/20003","targetHints":{"allow":["GET"]}}],"collection":[{"href":"https:\/\/iletim.istanbul.edu.tr\/index.php\/wp-json\/wp\/v2\/posts"}],"about":[{"href":"https:\/\/iletim.istanbul.edu.tr\/index.php\/wp-json\/wp\/v2\/types\/post"}],"author":[{"embeddable":true,"href":"https:\/\/iletim.istanbul.edu.tr\/index.php\/wp-json\/wp\/v2\/users\/14"}],"replies":[{"embeddable":true,"href":"https:\/\/iletim.istanbul.edu.tr\/index.php\/wp-json\/wp\/v2\/comments?post=20003"}],"version-history":[{"count":0,"href":"https:\/\/iletim.istanbul.edu.tr\/index.php\/wp-json\/wp\/v2\/posts\/20003\/revisions"}],"wp:featuredmedia":[{"embeddable":true,"href":"https:\/\/iletim.istanbul.edu.tr\/index.php\/wp-json\/wp\/v2\/media\/20004"}],"wp:attachment":[{"href":"https:\/\/iletim.istanbul.edu.tr\/index.php\/wp-json\/wp\/v2\/media?parent=20003"}],"wp:term":[{"taxonomy":"category","embeddable":true,"href":"https:\/\/iletim.istanbul.edu.tr\/index.php\/wp-json\/wp\/v2\/categories?post=20003"},{"taxonomy":"post_tag","embeddable":true,"href":"https:\/\/iletim.istanbul.edu.tr\/index.php\/wp-json\/wp\/v2\/tags?post=20003"}],"curies":[{"name":"wp","href":"https:\/\/api.w.org\/{rel}","templated":true}]}}