{"id":20022,"date":"2022-12-21T17:32:09","date_gmt":"2022-12-21T14:32:09","guid":{"rendered":"https:\/\/iletim.istanbul.edu.tr\/?p=20022"},"modified":"2022-12-21T17:32:09","modified_gmt":"2022-12-21T14:32:09","slug":"belgesel-sinema-atolyesi-devam-ediyor-2","status":"publish","type":"post","link":"https:\/\/iletim.istanbul.edu.tr\/index.php\/2022\/12\/21\/belgesel-sinema-atolyesi-devam-ediyor-2\/","title":{"rendered":"Belgesel Sinema At\u00f6lyesi Devam Ediyor"},"content":{"rendered":"\n<p><strong><em>Haber: Halit \u015eahin , Rukiye K\u00fcrek <\/em><\/strong><\/p>\n\n\n\n<p><strong><em>\u0130stanbul \u00dcniversitesi Haber Merkezi<\/em><\/strong><\/p>\n\n\n\n<p><strong><em>\u0130stanbul \u00dcniversitesi (\u0130\u00dc) \u0130leti\u015fim Fak\u00fcltesi Radyo, Televizyon ve Sinema B\u00f6l\u00fcm\u00fc\u2019nden Dr. \u00d6\u011fr. \u00dcyesi \u0130lkay Ni\u015fanc\u0131\u2019n\u0131n e\u011fitmenli\u011finde d\u00fczenlenen Belgesel Sinema At\u00f6lyesi yeni dersiyle devam etti. <\/em><\/strong><\/p>\n\n\n\n<figure class=\"wp-block-image size-full\"><img decoding=\"async\" width=\"750\" height=\"729\" src=\"https:\/\/iletim.istanbul.edu.tr\/wp-content\/uploads\/WhatsApp-Image-2022-12-21-at-17.29.18.jpeg\" alt=\"\" class=\"wp-image-20023\" srcset=\"https:\/\/iletim.istanbul.edu.tr\/wp-content\/uploads\/WhatsApp-Image-2022-12-21-at-17.29.18.jpeg 750w, https:\/\/iletim.istanbul.edu.tr\/wp-content\/uploads\/WhatsApp-Image-2022-12-21-at-17.29.18-300x292.jpeg 300w, https:\/\/iletim.istanbul.edu.tr\/wp-content\/uploads\/WhatsApp-Image-2022-12-21-at-17.29.18-24x24.jpeg 24w, https:\/\/iletim.istanbul.edu.tr\/wp-content\/uploads\/WhatsApp-Image-2022-12-21-at-17.29.18-48x48.jpeg 48w\" sizes=\"(max-width: 750px) 100vw, 750px\" \/><\/figure>\n\n\n\n<p>\u0130\u00dc RTS B\u00f6l\u00fcm\u00fc 2018 mezunu, Antalya Film Festivali&#8217;nde belgesel dal\u0131nda Juri \u00d6zel \u00d6d\u00fcl\u00fc alan belgesel y\u00f6netmeni \u0130dil Akku\u015f konuk oldu. \u0130dil Akku\u015f&#8217;un deneyimlerini payla\u015ft\u0131\u011f\u0131 derste, \u00f6\u011frencilerin projelerini geli\u015ftirme a\u015famalar\u0131 konu\u015fuldu. <\/p>\n\n\n\n<figure class=\"wp-block-image size-full\"><img decoding=\"async\" width=\"1024\" height=\"691\" src=\"https:\/\/iletim.istanbul.edu.tr\/wp-content\/uploads\/WhatsApp-Image-2022-12-21-at-17.29.18-1.jpeg\" alt=\"\" class=\"wp-image-20024\" srcset=\"https:\/\/iletim.istanbul.edu.tr\/wp-content\/uploads\/WhatsApp-Image-2022-12-21-at-17.29.18-1.jpeg 1024w, https:\/\/iletim.istanbul.edu.tr\/wp-content\/uploads\/WhatsApp-Image-2022-12-21-at-17.29.18-1-300x202.jpeg 300w, https:\/\/iletim.istanbul.edu.tr\/wp-content\/uploads\/WhatsApp-Image-2022-12-21-at-17.29.18-1-768x518.jpeg 768w, https:\/\/iletim.istanbul.edu.tr\/wp-content\/uploads\/WhatsApp-Image-2022-12-21-at-17.29.18-1-750x506.jpeg 750w\" sizes=\"(max-width: 1024px) 100vw, 1024px\" \/><\/figure>\n","protected":false},"excerpt":{"rendered":"<p>Haber: Halit \u015eahin , Rukiye K\u00fcrek \u0130stanbul \u00dcniversitesi Haber Merkezi \u0130stanbul \u00dcniversitesi (\u0130\u00dc) \u0130leti\u015fim Fak\u00fcltesi Radyo, Televizyon ve Sinema B\u00f6l\u00fcm\u00fc\u2019nden Dr. \u00d6\u011fr. \u00dcyesi \u0130lkay Ni\u015fanc\u0131\u2019n\u0131n e\u011fitmenli\u011finde d\u00fczenlenen Belgesel Sinema At\u00f6lyesi yeni dersiyle devam etti. \u0130\u00dc RTS B\u00f6l\u00fcm\u00fc 2018 mezunu, Antalya Film Festivali&#8217;nde belgesel dal\u0131nda Juri \u00d6zel \u00d6d\u00fcl\u00fc alan belgesel y\u00f6netmeni \u0130dil Akku\u015f konuk oldu. \u0130dil [&hellip;]<\/p>\n","protected":false},"author":14,"featured_media":20025,"comment_status":"closed","ping_status":"open","sticky":false,"template":"","format":"standard","meta":{"jnews-multi-image_gallery":[],"jnews_single_post":{"subtitle":"","format":"standard","video":"","gallery":"","source_name":"","source_url":"","via_name":"","via_url":"","override_template":"0","override":[{"template":"1","single_blog_custom":"","parallax":"1","fullscreen":"1","layout":"double-sidebar","sidebar":"single-left","second_sidebar":"default-sidebar","sticky_sidebar":"1","share_position":"top","share_float_style":"share-monocrhome","show_share_counter":"1","show_view_counter":"1","show_featured":"1","show_post_meta":"1","show_post_author":"1","show_post_author_image":"1","show_post_date":"1","post_date_format":"default","post_date_format_custom":"Y\/m\/d","show_post_category":"1","show_post_reading_time":"0","post_reading_time_wpm":"300","show_zoom_button":"0","zoom_button_out_step":"2","zoom_button_in_step":"3","show_post_tag":"1","show_prev_next_post":"1","show_popup_post":"1","number_popup_post":"1","show_author_box":"0","show_post_related":"0","show_inline_post_related":"1"}],"override_image_size":"0","image_override":[{"single_post_thumbnail_size":"crop-500","single_post_gallery_size":"crop-500"}],"trending_post":"0","trending_post_position":"meta","trending_post_label":"Trending","sponsored_post":"0","sponsored_post_label":"Sponsored by","sponsored_post_name":"","sponsored_post_url":"","sponsored_post_logo_enable":"0","sponsored_post_logo":"","sponsored_post_desc":"","disable_ad":"0"},"jnews_primary_category":{"id":""},"jnews_social_meta":{"fb_title":"","fb_description":"","fb_image":"","twitter_title":"","twitter_description":"","twitter_image":""},"jnews_override_counter":{"override_view_counter":"0","view_counter_number":"0","override_share_counter":"0","share_counter_number":"0","override_like_counter":"0","like_counter_number":"0","override_dislike_counter":"0","dislike_counter_number":"0"},"footnotes":""},"categories":[25,2348],"tags":[2217,43,52,2471],"class_list":["post-20022","post","type-post","status-publish","format-standard","has-post-thumbnail","hentry","category-egitim","category-manset-yani","tag-belgesel-sinema-atolyesi","tag-istanbul-universitesi","tag-iu-iletisim-fakultesi","tag-rts"],"_links":{"self":[{"href":"https:\/\/iletim.istanbul.edu.tr\/index.php\/wp-json\/wp\/v2\/posts\/20022","targetHints":{"allow":["GET"]}}],"collection":[{"href":"https:\/\/iletim.istanbul.edu.tr\/index.php\/wp-json\/wp\/v2\/posts"}],"about":[{"href":"https:\/\/iletim.istanbul.edu.tr\/index.php\/wp-json\/wp\/v2\/types\/post"}],"author":[{"embeddable":true,"href":"https:\/\/iletim.istanbul.edu.tr\/index.php\/wp-json\/wp\/v2\/users\/14"}],"replies":[{"embeddable":true,"href":"https:\/\/iletim.istanbul.edu.tr\/index.php\/wp-json\/wp\/v2\/comments?post=20022"}],"version-history":[{"count":0,"href":"https:\/\/iletim.istanbul.edu.tr\/index.php\/wp-json\/wp\/v2\/posts\/20022\/revisions"}],"wp:featuredmedia":[{"embeddable":true,"href":"https:\/\/iletim.istanbul.edu.tr\/index.php\/wp-json\/wp\/v2\/media\/20025"}],"wp:attachment":[{"href":"https:\/\/iletim.istanbul.edu.tr\/index.php\/wp-json\/wp\/v2\/media?parent=20022"}],"wp:term":[{"taxonomy":"category","embeddable":true,"href":"https:\/\/iletim.istanbul.edu.tr\/index.php\/wp-json\/wp\/v2\/categories?post=20022"},{"taxonomy":"post_tag","embeddable":true,"href":"https:\/\/iletim.istanbul.edu.tr\/index.php\/wp-json\/wp\/v2\/tags?post=20022"}],"curies":[{"name":"wp","href":"https:\/\/api.w.org\/{rel}","templated":true}]}}