{"id":20030,"date":"2022-12-22T16:18:18","date_gmt":"2022-12-22T13:18:18","guid":{"rendered":"https:\/\/iletim.istanbul.edu.tr\/?p=20030"},"modified":"2023-10-27T14:12:11","modified_gmt":"2023-10-27T11:12:11","slug":"savas-haber-kameramanligi-ve-goruntu-editorlugu-atolyesi-tamamlandi","status":"publish","type":"post","link":"https:\/\/iletim.istanbul.edu.tr\/index.php\/2022\/12\/22\/savas-haber-kameramanligi-ve-goruntu-editorlugu-atolyesi-tamamlandi\/","title":{"rendered":"Sava\u015f\/Haber Kameramanl\u0131\u011f\u0131 ve G\u00f6r\u00fcnt\u00fc Edit\u00f6rl\u00fc\u011f\u00fc At\u00f6lyesi Tamamland\u0131"},"content":{"rendered":"\n<p><strong><em>Haber: Ay\u015feg\u00fcl Ni\u015fli , Zeynep Kaplan <\/em><\/strong><\/p>\n\n\n\n<p><strong><em>\u0130stanbul \u00dcniversitesi Haber Merkezi<\/em><\/strong><\/p>\n\n\n\n<p><strong>\u0130stanbul \u00dcniversitesi (\u0130\u00dc) \u0130leti\u015fim Fak\u00fcltesi taraf\u0131ndan d\u00fczenlenen Sava\u015f\/Haber Kameramanl\u0131\u011f\u0131 ve G\u00f6r\u00fcnt\u00fc Edit\u00f6rl\u00fc\u011f\u00fc At\u00f6lyesi, 22 Aral\u0131k Per\u015fembe g\u00fcn\u00fc NTV haber kameraman\u0131 Alihan S\u00f6nmez\u2019in e\u011fitmenli\u011finde tamamland\u0131. S\u00f6nmez, g\u00f6r\u00fcnt\u00fc al\u0131rken dikkat edilmesi gereken noktalardan bahsettikten sonra kendisine gelen sorular\u0131 cevaplayarak \u00e7ekmi\u015f oldu\u011fu ar\u015fiv g\u00f6r\u00fcnt\u00fclerden \u00f6rnekler g\u00f6sterdi.<\/strong><\/p>\n\n\n\n<figure class=\"wp-block-image size-large\"><img decoding=\"async\" width=\"1024\" height=\"689\" src=\"https:\/\/iletim.istanbul.edu.tr\/wp-content\/uploads\/1111-5-1024x689.jpg\" alt=\"\" class=\"wp-image-20043\" srcset=\"https:\/\/iletim.istanbul.edu.tr\/wp-content\/uploads\/1111-5-1024x689.jpg 1024w, https:\/\/iletim.istanbul.edu.tr\/wp-content\/uploads\/1111-5-300x202.jpg 300w, https:\/\/iletim.istanbul.edu.tr\/wp-content\/uploads\/1111-5-768x517.jpg 768w, https:\/\/iletim.istanbul.edu.tr\/wp-content\/uploads\/1111-5-750x505.jpg 750w, https:\/\/iletim.istanbul.edu.tr\/wp-content\/uploads\/1111-5.jpg 1104w\" sizes=\"(max-width: 1024px) 100vw, 1024px\" \/><\/figure>\n\n\n\n<p>\u0130\u00dc \u0130leti\u015fim Fak\u00fcltesi b\u00fcnyesinde ger\u00e7ekle\u015ftirilen Sava\u015f\/Haber Kameramanl\u0131\u011f\u0131 ve G\u00f6r\u00fcnt\u00fc Edit\u00f6rl\u00fc\u011f\u00fc At\u00f6lyesi\u2019nin son dersi bug\u00fcn NTV haber kameraman\u0131 Alihan S\u00f6nmez taraf\u0131ndan yap\u0131ld\u0131. Kamera \u00fczerinde uygulamal\u0131 olarak bilgiler veren S\u00f6nmez, r\u00f6portaj s\u0131ras\u0131nda nas\u0131l g\u00f6r\u00fcnt\u00fc al\u0131nmas\u0131 gerekti\u011fini anlatt\u0131. G\u00f6r\u00fcnt\u00fcn\u00fcn kay\u0131t alt\u0131na al\u0131nmas\u0131 gereken \u00f6nemli olaylarda \u00f6nceli\u011fin de kay\u0131t olmas\u0131 gerekti\u011fini vurgulayan S\u00f6nmez, \u201c\u00d6nemli olan eldeki cihaz\u0131n optik imkanlar\u0131yla do\u011fru a\u00e7\u0131, ses, kadraj gibi uygulamalar\u0131 yakalamak.\u201d \u015feklinde konu\u015ftu.<\/p>\n\n\n\n<p>\u201c\u00c7ekti\u011finiz g\u00f6r\u00fcnt\u00fclerde toplumun tepkisini d\u00fc\u015f\u00fcn\u00fcyor musunuz?\u201d sorusuna \u201cBunun toplum \u00fczerinde nas\u0131l etkisi olur d\u00fc\u015f\u00fcnmek zorunday\u0131m. Sonu\u00e7ta kendimiz i\u00e7in \u00e7ekim yapm\u0131yoruz. Ben aktarmakla m\u00fckellefim, canl\u0131 yay\u0131ndayken g\u00f6sterdi\u011fim \u015feylere bu y\u00fczden \u00e7ok dikkat etmem gerekiyor\u201d diyerek yan\u0131t veren S\u00f6nmez, g\u00f6r\u00fcnt\u00fclerin manip\u00fclatif kullan\u0131lmamas\u0131 i\u00e7in \u00e7ok dikkat etmek gerekti\u011fi \u00fczerinde durdu.<\/p>\n\n\n\n<p><strong>&#8221;Kurguyu zihinde yapmak laz\u0131m&#8230;&#8221;<\/strong><\/p>\n\n\n\n<p>Haber kameramanlar\u0131n\u0131n ayn\u0131 zamanda birer g\u00f6r\u00fcnt\u00fc edit\u00f6r\u00fc de oldu\u011funu s\u00f6yleyen S\u00f6nmez, \u201cKurguyu zihinde yapmak laz\u0131m. \u00c7ok h\u0131zl\u0131 d\u00fc\u015f\u00fcn\u00fcp \u00e7ok h\u0131zl\u0131 karar vermek gerekiyor.\u201d ifadelerini kulland\u0131. Haberde her \u015feyi oldu\u011fu gibi \u00e7ekmenin yan\u0131nda, insan hikayesi bulman\u0131n alt\u0131n\u0131 \u00e7izen S\u00f6nmez, kendi \u00e7ekti\u011fi 1995 Kuzey Irak Sava\u015f\u0131, Gazi Mahallesi olaylar\u0131 ve Dinar Depremi\u2019nden g\u00f6r\u00fcnt\u00fcleri \u00f6rnekleyerek bunu aktard\u0131.<\/p>\n\n\n\n<p>At\u00f6lye sonunda Alihan S\u00f6nmez&#8217;e Rabia Zamur Tuncer taraf\u0131ndan te\u015fekk\u00fcr belgesi takdim edildi.<\/p>\n\n\n\n<figure class=\"wp-block-image size-full\"><img decoding=\"async\" width=\"1022\" height=\"574\" src=\"https:\/\/iletim.istanbul.edu.tr\/wp-content\/uploads\/rrrrrrr.jpg\" alt=\"\" class=\"wp-image-20045\" srcset=\"https:\/\/iletim.istanbul.edu.tr\/wp-content\/uploads\/rrrrrrr.jpg 1022w, https:\/\/iletim.istanbul.edu.tr\/wp-content\/uploads\/rrrrrrr-300x168.jpg 300w, https:\/\/iletim.istanbul.edu.tr\/wp-content\/uploads\/rrrrrrr-768x431.jpg 768w, https:\/\/iletim.istanbul.edu.tr\/wp-content\/uploads\/rrrrrrr-750x421.jpg 750w\" sizes=\"(max-width: 1022px) 100vw, 1022px\" \/><\/figure>\n","protected":false},"excerpt":{"rendered":"<p>Haber: Ay\u015feg\u00fcl Ni\u015fli , Zeynep Kaplan \u0130stanbul \u00dcniversitesi Haber Merkezi \u0130stanbul \u00dcniversitesi (\u0130\u00dc) \u0130leti\u015fim Fak\u00fcltesi taraf\u0131ndan d\u00fczenlenen Sava\u015f\/Haber Kameramanl\u0131\u011f\u0131 ve G\u00f6r\u00fcnt\u00fc Edit\u00f6rl\u00fc\u011f\u00fc At\u00f6lyesi, 22 Aral\u0131k Per\u015fembe g\u00fcn\u00fc NTV haber kameraman\u0131 Alihan S\u00f6nmez\u2019in e\u011fitmenli\u011finde tamamland\u0131. S\u00f6nmez, g\u00f6r\u00fcnt\u00fc al\u0131rken dikkat edilmesi gereken noktalardan bahsettikten sonra kendisine gelen sorular\u0131 cevaplayarak \u00e7ekmi\u015f oldu\u011fu ar\u015fiv g\u00f6r\u00fcnt\u00fclerden \u00f6rnekler g\u00f6sterdi. \u0130\u00dc \u0130leti\u015fim [&hellip;]<\/p>\n","protected":false},"author":14,"featured_media":20036,"comment_status":"closed","ping_status":"open","sticky":false,"template":"","format":"standard","meta":{"jnews-multi-image_gallery":[],"jnews_single_post":{"subtitle":"","format":"standard","video":"","gallery":"","source_name":"","source_url":"","via_name":"","via_url":"","override_template":"0","override":[{"template":"1","single_blog_custom":"","parallax":"1","fullscreen":"1","layout":"double-sidebar","sidebar":"single-left","second_sidebar":"default-sidebar","sticky_sidebar":"1","share_position":"top","share_float_style":"share-monocrhome","show_share_counter":"1","show_view_counter":"1","show_featured":"1","show_post_meta":"1","show_post_author":"1","show_post_author_image":"1","show_post_date":"1","post_date_format":"default","post_date_format_custom":"Y\/m\/d","show_post_category":"1","show_post_reading_time":"0","post_reading_time_wpm":"300","show_zoom_button":"0","zoom_button_out_step":"2","zoom_button_in_step":"3","show_post_tag":"1","show_prev_next_post":"1","show_popup_post":"1","number_popup_post":"1","show_author_box":"0","show_post_related":"0","show_inline_post_related":"1"}],"override_image_size":"0","image_override":[{"single_post_thumbnail_size":"crop-500","single_post_gallery_size":"crop-500"}],"trending_post":"0","trending_post_position":"meta","trending_post_label":"Trending","sponsored_post":"0","sponsored_post_label":"Sponsored by","sponsored_post_name":"","sponsored_post_url":"","sponsored_post_logo_enable":"0","sponsored_post_logo":"","sponsored_post_desc":"","disable_ad":"0"},"jnews_primary_category":{"id":"","hide":""},"jnews_social_meta":{"fb_title":"","fb_description":"","fb_image":"","twitter_title":"","twitter_description":"","twitter_image":""},"jnews_override_counter":{"override_view_counter":"0","view_counter_number":"0","override_share_counter":"0","share_counter_number":"0","override_like_counter":"0","like_counter_number":"0","override_dislike_counter":"0","dislike_counter_number":"0"},"footnotes":""},"categories":[34,178,2085],"tags":[40,43,52],"class_list":["post-20030","post","type-post","status-publish","format-standard","has-post-thumbnail","hentry","category-universite","category-fakultemizden","category-manset-haber","tag-iletisim-fakultesi","tag-istanbul-universitesi","tag-iu-iletisim-fakultesi"],"_links":{"self":[{"href":"https:\/\/iletim.istanbul.edu.tr\/index.php\/wp-json\/wp\/v2\/posts\/20030","targetHints":{"allow":["GET"]}}],"collection":[{"href":"https:\/\/iletim.istanbul.edu.tr\/index.php\/wp-json\/wp\/v2\/posts"}],"about":[{"href":"https:\/\/iletim.istanbul.edu.tr\/index.php\/wp-json\/wp\/v2\/types\/post"}],"author":[{"embeddable":true,"href":"https:\/\/iletim.istanbul.edu.tr\/index.php\/wp-json\/wp\/v2\/users\/14"}],"replies":[{"embeddable":true,"href":"https:\/\/iletim.istanbul.edu.tr\/index.php\/wp-json\/wp\/v2\/comments?post=20030"}],"version-history":[{"count":0,"href":"https:\/\/iletim.istanbul.edu.tr\/index.php\/wp-json\/wp\/v2\/posts\/20030\/revisions"}],"wp:featuredmedia":[{"embeddable":true,"href":"https:\/\/iletim.istanbul.edu.tr\/index.php\/wp-json\/wp\/v2\/media\/20036"}],"wp:attachment":[{"href":"https:\/\/iletim.istanbul.edu.tr\/index.php\/wp-json\/wp\/v2\/media?parent=20030"}],"wp:term":[{"taxonomy":"category","embeddable":true,"href":"https:\/\/iletim.istanbul.edu.tr\/index.php\/wp-json\/wp\/v2\/categories?post=20030"},{"taxonomy":"post_tag","embeddable":true,"href":"https:\/\/iletim.istanbul.edu.tr\/index.php\/wp-json\/wp\/v2\/tags?post=20030"}],"curies":[{"name":"wp","href":"https:\/\/api.w.org\/{rel}","templated":true}]}}