{"id":20031,"date":"2022-12-22T16:26:01","date_gmt":"2022-12-22T13:26:01","guid":{"rendered":"https:\/\/iletim.istanbul.edu.tr\/?p=20031"},"modified":"2022-12-22T16:26:59","modified_gmt":"2022-12-22T13:26:59","slug":"doc-dr-gayana-yuksel-ile-beraber-gazetecilik-atolyesi-gerceklestirildi","status":"publish","type":"post","link":"https:\/\/iletim.istanbul.edu.tr\/index.php\/2022\/12\/22\/doc-dr-gayana-yuksel-ile-beraber-gazetecilik-atolyesi-gerceklestirildi\/","title":{"rendered":"Do\u00e7. Dr. Gayana Y\u00fcksel Habercilik At\u00f6lyesi Ger\u00e7ekle\u015ftirdi"},"content":{"rendered":"\n<p><strong><em>Haber: Kaan A\u011f\u0131rsoy<\/em><\/strong><\/p>\n\n\n\n<p><strong><em>\u0130stanbul \u00dcniversitesi Haber Merkezi<\/em><\/strong><\/p>\n\n\n\n<p><strong><em>Ukrayna\u2019daki sava\u015ftan dolay\u0131 \u00fclkedeki e\u011fitim kariyerine ara vermek zorunda kalan ve T\u00fcrkiye\u2019nin Ukrayna\u2019daki akademisyen kadro a\u00e7ma program\u0131 ile beraber T\u00fcrkiye\u2019ye gelen Ukraynal\u0131 Do\u00e7. Dr. Gayana Y\u00fcksel, \u0130letim Gazetesi muhabirleri ile bir araya gelerek at\u00f6lye ger\u00e7ekle\u015ftirdi.<\/em><\/strong><\/p>\n\n\n\n<figure class=\"wp-block-image size-large\"><img decoding=\"async\" width=\"1024\" height=\"680\" src=\"https:\/\/iletim.istanbul.edu.tr\/wp-content\/uploads\/DSC1056-1-1024x680.jpg\" alt=\"\" class=\"wp-image-20035\" srcset=\"https:\/\/iletim.istanbul.edu.tr\/wp-content\/uploads\/DSC1056-1-1024x680.jpg 1024w, https:\/\/iletim.istanbul.edu.tr\/wp-content\/uploads\/DSC1056-1-300x199.jpg 300w, https:\/\/iletim.istanbul.edu.tr\/wp-content\/uploads\/DSC1056-1-768x510.jpg 768w, https:\/\/iletim.istanbul.edu.tr\/wp-content\/uploads\/DSC1056-1-750x498.jpg 750w, https:\/\/iletim.istanbul.edu.tr\/wp-content\/uploads\/DSC1056-1-1140x757.jpg 1140w, https:\/\/iletim.istanbul.edu.tr\/wp-content\/uploads\/DSC1056-1.jpg 1287w\" sizes=\"(max-width: 1024px) 100vw, 1024px\" \/><\/figure>\n\n\n\n<p>\u00d6ncelikle \u00f6\u011frenciler ile bir tan\u0131\u015fma ger\u00e7ekle\u015ftiren Do\u00e7. Dr. Gayana Y\u00fcksel, akademisyenli\u011fe 2003 y\u0131l\u0131nda ba\u015flad\u0131\u011f\u0131n\u0131 kaydetti. 2006 y\u0131l\u0131nda o d\u00f6nem \u00e7al\u0131\u015ft\u0131\u011f\u0131 \u00fcniversite ile beraber K\u0131r\u0131m\u2019da \u201cK\u0131r\u0131m Haber Ajans\u0131\u201dn\u0131 kurdu\u011funu a\u00e7\u0131klad\u0131. 2014\u2019te K\u0131r\u0131m\u2019da \u00e7at\u0131\u015fmalar\u0131n patlak vermesinin ard\u0131ndan K\u0131r\u0131m\u2019daki faaliyetlerini durduran Y\u00fcksel, ayn\u0131 y\u0131l Ukrayna\u2019n\u0131n ba\u015fkenti Kiev\u2019e ta\u015f\u0131nd\u0131. 24 \u015eubat 2022 tarihinde Rusya \u2013 Ukrayna Sava\u015f\u0131n\u0131n patlak vermesiyle beraber Ukrayna\u2019dan ayr\u0131ld\u0131\u011f\u0131n\u0131 belirten Do\u00e7. Dr. Gayana Y\u00fcksel, daha \u00f6nce Ukrayna\u2019da y\u00fcr\u00fctt\u00fc\u011f\u00fc projeleri T\u00fcrkiye\u2019de de hayata ge\u00e7irmek istedi\u011fini ifade etti. Daha evvelki projelerinin yan\u0131 s\u0131ra ba\u015fka projelere sahip oldu\u011funu ve ayn\u0131 \u015fekilde bunlar\u0131 da ger\u00e7ekle\u015ftirmek istedi\u011fini kaydeden Y\u00fcksel, teoriden ziyade pratik odakl\u0131 ilerleyece\u011fini belirtti. 2019 y\u0131l\u0131nda Ukrayna\u2019daki \u00f6\u011frencileriyle beraber \u201cT\u00fcrk-Ukrayna Dostluk K\u00f6pr\u00fcs\u00fc\u201d ad\u0131nda bir projeyi faaliyete ge\u00e7irdi\u011fini ve bu proje kapsam\u0131nda yirmiye yak\u0131n Ukraynal\u0131 \u00f6\u011frencileriyle beraber T\u00fcrkiye\u2019ye ziyarete geldiklerini s\u00f6yledi. Bu ziyareti kapsam\u0131nda Ankara, Eski\u015fehir, \u00c7anakkale, \u0130stanbul\u2019u gezdiklerini ve gezinin esas amac\u0131n\u0131n T\u00fcrkiye\u2019nin kurulu\u015fu esnas\u0131nda vermi\u015f oldu\u011fu destans\u0131 m\u00fccadeleyi anlamak oldu\u011funu belirterek s\u00f6zlerini tamamlad\u0131.<\/p>\n\n\n\n<figure class=\"wp-block-image size-large\"><img decoding=\"async\" width=\"1024\" height=\"680\" src=\"https:\/\/iletim.istanbul.edu.tr\/wp-content\/uploads\/DSC1050-1024x680.jpg\" alt=\"\" class=\"wp-image-20038\" srcset=\"https:\/\/iletim.istanbul.edu.tr\/wp-content\/uploads\/DSC1050-1024x680.jpg 1024w, https:\/\/iletim.istanbul.edu.tr\/wp-content\/uploads\/DSC1050-300x199.jpg 300w, https:\/\/iletim.istanbul.edu.tr\/wp-content\/uploads\/DSC1050-768x510.jpg 768w, https:\/\/iletim.istanbul.edu.tr\/wp-content\/uploads\/DSC1050-750x498.jpg 750w, https:\/\/iletim.istanbul.edu.tr\/wp-content\/uploads\/DSC1050-1140x757.jpg 1140w, https:\/\/iletim.istanbul.edu.tr\/wp-content\/uploads\/DSC1050.jpg 1287w\" sizes=\"(max-width: 1024px) 100vw, 1024px\" \/><\/figure>\n","protected":false},"excerpt":{"rendered":"<p>Haber: Kaan A\u011f\u0131rsoy \u0130stanbul \u00dcniversitesi Haber Merkezi Ukrayna\u2019daki sava\u015ftan dolay\u0131 \u00fclkedeki e\u011fitim kariyerine ara vermek zorunda kalan ve T\u00fcrkiye\u2019nin Ukrayna\u2019daki akademisyen kadro a\u00e7ma program\u0131 ile beraber T\u00fcrkiye\u2019ye gelen Ukraynal\u0131 Do\u00e7. Dr. Gayana Y\u00fcksel, \u0130letim Gazetesi muhabirleri ile bir araya gelerek at\u00f6lye ger\u00e7ekle\u015ftirdi. \u00d6ncelikle \u00f6\u011frenciler ile bir tan\u0131\u015fma ger\u00e7ekle\u015ftiren Do\u00e7. Dr. Gayana Y\u00fcksel, akademisyenli\u011fe 2003 y\u0131l\u0131nda [&hellip;]<\/p>\n","protected":false},"author":14,"featured_media":20039,"comment_status":"closed","ping_status":"open","sticky":false,"template":"","format":"standard","meta":{"jnews-multi-image_gallery":[],"jnews_single_post":{"subtitle":"","format":"standard","video":"","gallery":"","source_name":"","source_url":"","via_name":"","via_url":"","override_template":"0","override":[{"template":"1","single_blog_custom":"","parallax":"1","fullscreen":"1","layout":"double-sidebar","sidebar":"single-left","second_sidebar":"default-sidebar","sticky_sidebar":"1","share_position":"top","share_float_style":"share-monocrhome","show_share_counter":"1","show_view_counter":"1","show_featured":"1","show_post_meta":"1","show_post_author":"1","show_post_author_image":"1","show_post_date":"1","post_date_format":"default","post_date_format_custom":"Y\/m\/d","show_post_category":"1","show_post_reading_time":"0","post_reading_time_wpm":"300","show_zoom_button":"0","zoom_button_out_step":"2","zoom_button_in_step":"3","show_post_tag":"1","show_prev_next_post":"1","show_popup_post":"1","number_popup_post":"1","show_author_box":"0","show_post_related":"0","show_inline_post_related":"1"}],"override_image_size":"0","image_override":[{"single_post_thumbnail_size":"crop-500","single_post_gallery_size":"crop-500"}],"trending_post":"0","trending_post_position":"meta","trending_post_label":"Trending","sponsored_post":"0","sponsored_post_label":"Sponsored by","sponsored_post_name":"","sponsored_post_url":"","sponsored_post_logo_enable":"0","sponsored_post_logo":"","sponsored_post_desc":"","disable_ad":"0"},"jnews_primary_category":{"id":""},"jnews_social_meta":{"fb_title":"","fb_description":"","fb_image":"","twitter_title":"","twitter_description":"","twitter_image":""},"jnews_override_counter":{"override_view_counter":"0","view_counter_number":"0","override_share_counter":"0","share_counter_number":"0","override_like_counter":"0","like_counter_number":"0","override_dislike_counter":"0","dislike_counter_number":"0"},"footnotes":""},"categories":[159,34,178,2085,2348],"tags":[2472,300,267,40,43],"class_list":["post-20031","post","type-post","status-publish","format-standard","has-post-thumbnail","hentry","category-sag-manset","category-universite","category-fakultemizden","category-manset-haber","category-manset-yani","tag-doc-dr-gayana-yuksel","tag-iletim","tag-iletim-gazetesi","tag-iletisim-fakultesi","tag-istanbul-universitesi"],"_links":{"self":[{"href":"https:\/\/iletim.istanbul.edu.tr\/index.php\/wp-json\/wp\/v2\/posts\/20031","targetHints":{"allow":["GET"]}}],"collection":[{"href":"https:\/\/iletim.istanbul.edu.tr\/index.php\/wp-json\/wp\/v2\/posts"}],"about":[{"href":"https:\/\/iletim.istanbul.edu.tr\/index.php\/wp-json\/wp\/v2\/types\/post"}],"author":[{"embeddable":true,"href":"https:\/\/iletim.istanbul.edu.tr\/index.php\/wp-json\/wp\/v2\/users\/14"}],"replies":[{"embeddable":true,"href":"https:\/\/iletim.istanbul.edu.tr\/index.php\/wp-json\/wp\/v2\/comments?post=20031"}],"version-history":[{"count":0,"href":"https:\/\/iletim.istanbul.edu.tr\/index.php\/wp-json\/wp\/v2\/posts\/20031\/revisions"}],"wp:featuredmedia":[{"embeddable":true,"href":"https:\/\/iletim.istanbul.edu.tr\/index.php\/wp-json\/wp\/v2\/media\/20039"}],"wp:attachment":[{"href":"https:\/\/iletim.istanbul.edu.tr\/index.php\/wp-json\/wp\/v2\/media?parent=20031"}],"wp:term":[{"taxonomy":"category","embeddable":true,"href":"https:\/\/iletim.istanbul.edu.tr\/index.php\/wp-json\/wp\/v2\/categories?post=20031"},{"taxonomy":"post_tag","embeddable":true,"href":"https:\/\/iletim.istanbul.edu.tr\/index.php\/wp-json\/wp\/v2\/tags?post=20031"}],"curies":[{"name":"wp","href":"https:\/\/api.w.org\/{rel}","templated":true}]}}