{"id":20049,"date":"2022-12-23T16:28:00","date_gmt":"2022-12-23T13:28:00","guid":{"rendered":"https:\/\/iletim.istanbul.edu.tr\/?p=20049"},"modified":"2022-12-23T16:28:00","modified_gmt":"2022-12-23T13:28:00","slug":"baris-manco-muzesi-ziyaretcilerini-bekliyor","status":"publish","type":"post","link":"https:\/\/iletim.istanbul.edu.tr\/index.php\/2022\/12\/23\/baris-manco-muzesi-ziyaretcilerini-bekliyor\/","title":{"rendered":"Bar\u0131\u015f Man\u00e7o M\u00fczesi Ziyaret\u00e7ilerini Bekliyor"},"content":{"rendered":"\n<p><strong><em>Haber: K\u00fcbra Nur \u00d6zbek<\/em><\/strong><\/p>\n\n\n\n<p><strong><em>\u0130stanbul \u00dcniversitesi Haber Merkezi<\/em><\/strong><\/p>\n\n\n\n<p><em><strong>Bar\u0131\u015f Man\u00e7o\u2019nun 1985 y\u0131l\u0131nda sat\u0131n ald\u0131\u011f\u0131 ev, tarihi eserleri koruma kanununa al\u0131n\u0131p tarihi eser olarak kayda ge\u00e7ti. Man\u00e7o\u2019nun 2010 y\u0131l\u0131nda m\u00fczeye \u00e7evrilen evinde bir\u00e7ok tarihi eser sergileniyor. Bar\u0131\u015f Man\u00e7o\u2019nun ger\u00e7ek\u00e7i heykelinin de bulundu\u011fu ev g\u00fcn\u00fcm\u00fczde ziyaret\u00e7ilerini a\u011f\u0131rl\u0131yor.<\/strong><\/em><\/p>\n\n\n\n<p><strong>Ba\u015far\u0131larla Dolu Bir Hayat<\/strong><\/p>\n\n\n\n<p>Galatasaray lisesinde \u00f6\u011frenciyken daha 15 ya\u015f\u0131nda ilk kez sahneye \u00e7\u0131kt\u0131\u011f\u0131 1958 y\u0131l\u0131ndan ba\u015flayarak pop\u00fcler m\u00fczik tarihimizde ruhunun t\u00fcm g\u00fczelliklerini yans\u0131tan Bar\u0131\u015f Man\u00e7o, yurt i\u00e7i ve yurt d\u0131\u015f\u0131nda bir\u00e7ok konser verdi. Yakla\u015f\u0131k 200\u2019\u00fcn \u00fcst\u00fcnde \u015fark\u0131 besteleyen Man\u00e7o, d\u00fcnyan\u0131n d\u00f6rt bir yan\u0131nda ilgi uyand\u0131rd\u0131 ve \u015fark\u0131lar\u0131 pek \u00e7ok dile \u00e7evrildi. M\u00fczik hayat\u0131nda 300\u2019\u00fc a\u015fk\u0131n \u00f6d\u00fcl kazanan efsane sanat\u00e7\u0131n\u0131n \u00f6d\u00fcllerinde 12 alt\u0131n ve 1 platin plak \u00f6d\u00fcl\u00fc de bulunuyor. Yediden yetmi\u015fe herkes taraf\u0131ndan sevilen sanat\u00e7\u0131 Bar\u0131\u015f Man\u00e7o\u2019ya 1991 y\u0131l\u0131nda halkbilime katk\u0131lar\u0131ndan dolay\u0131, \u2018Sanatta Onursal Doktora\u2019 unvan\u0131 verildi. Hacettepe \u00dcniversitesi b\u00fcnyesinde ger\u00e7ekle\u015ftirilen t\u00f6rende verilen unvan\u0131ndan dolay\u0131 mutlulu\u011funu ifade eden Man\u00e7o, \u201cBen hafif m\u00fczik bestek\u00e2r\u0131 de\u011fil, T\u00fcrk bestek\u00e2r\u0131y\u0131m. Benim b\u00f6yle an\u0131lmam gerekir. Ben T\u00fcrk m\u00fczi\u011fini \u00e7a\u011f\u0131n imk\u00e2nlar\u0131na ve ihtiya\u00e7lar\u0131na g\u00f6re yorumlay\u0131p geli\u015ftirmeye \u00e7al\u0131\u015f\u0131yorum\u2019\u2019 dedi.<\/p>\n\n\n<div class=\"wp-block-image\">\n<figure class=\"aligncenter size-large is-resized\"><img decoding=\"async\" src=\"https:\/\/iletim.istanbul.edu.tr\/wp-content\/uploads\/mancoheykes-766x1024.jpeg\" alt=\"\" class=\"wp-image-20050\" width=\"327\" height=\"437\" srcset=\"https:\/\/iletim.istanbul.edu.tr\/wp-content\/uploads\/mancoheykes-766x1024.jpeg 766w, https:\/\/iletim.istanbul.edu.tr\/wp-content\/uploads\/mancoheykes-224x300.jpeg 224w, https:\/\/iletim.istanbul.edu.tr\/wp-content\/uploads\/mancoheykes-768x1027.jpeg 768w, https:\/\/iletim.istanbul.edu.tr\/wp-content\/uploads\/mancoheykes-1149x1536.jpeg 1149w, https:\/\/iletim.istanbul.edu.tr\/wp-content\/uploads\/mancoheykes-750x1003.jpeg 750w, https:\/\/iletim.istanbul.edu.tr\/wp-content\/uploads\/mancoheykes-1140x1524.jpeg 1140w, https:\/\/iletim.istanbul.edu.tr\/wp-content\/uploads\/mancoheykes.jpeg 1532w\" sizes=\"(max-width: 327px) 100vw, 327px\" \/><figcaption>Bar\u0131\u015f Man\u00e7o Heykeli<\/figcaption><\/figure><\/div>\n\n\n<p><strong>M\u00fczenin \u0130lgin\u00e7 Yanlar\u0131<\/strong><\/p>\n\n\n\n<p>Evin eski sahipleri taraf\u0131ndan kiler olarak kullan\u0131lan \u015e\u00f6valye Odas\u0131\u2019n\u0131n s\u0131valar\u0131 s\u00f6k\u00fclerek orijinal tonozlu tavan\u0131 ve duvarlar\u0131, Bar\u0131\u015f Man\u00e7o taraf\u0131ndan a\u00e7\u0131\u011fa \u00e7\u0131kart\u0131ld\u0131. Man\u00e7o, odan\u0131n atmosferinden de esinlenerek Bel\u00e7ika Kraliyeti&#8217;nin 1992 y\u0131l\u0131nda kendisine verdi\u011fi \u015e\u00f6valye Unvan\u0131ndaki amblemden yola \u00e7\u0131karak camlara ve kap\u0131 kanatlar\u0131na vitraylar yapt\u0131rd\u0131. Bar\u0131\u015f Man\u00e7o\u2019nun evini gezdi\u011finizde k\u0131yafet odas\u0131 sizleri ka\u015f\u0131l\u0131yor. Konserlerinde giymi\u015f oldu\u011fu, pek \u00e7ok an\u0131y\u0131 i\u00e7erisinde bar\u0131nd\u0131ran bu odada, sevenlerinin g\u00fczel bir atmosfer i\u00e7erisine girmesi sa\u011flan\u0131yor. Ziyaret\u00e7ilerin en \u00e7ok ilgi g\u00f6sterdi\u011fi k\u0131s\u0131mlardan biri de bu oda. Man\u00e7o, evde pijama ya da e\u015fofman yerine kimono giymeyi tercih ederdi. Man\u00e7o\u2019nun Japonya\u2019n\u0131n 17 kentinde verdi\u011fi konserde giydi\u011fi ve kendisine hediye edilen kimonolar da bu odada yerini al\u0131yor.<\/p>\n\n\n<div class=\"wp-block-image\">\n<figure class=\"aligncenter size-large is-resized\"><img decoding=\"async\" src=\"https:\/\/iletim.istanbul.edu.tr\/wp-content\/uploads\/arafoto-1-955x1024.jpeg\" alt=\"\" class=\"wp-image-20052\" width=\"354\" height=\"381\" srcset=\"https:\/\/iletim.istanbul.edu.tr\/wp-content\/uploads\/arafoto-1-955x1024.jpeg 955w, https:\/\/iletim.istanbul.edu.tr\/wp-content\/uploads\/arafoto-1-280x300.jpeg 280w\" sizes=\"(max-width: 354px) 100vw, 354px\" \/><figcaption>M\u00fczik \u00d6d\u00fclleri<\/figcaption><\/figure><\/div>\n\n\n<p><strong>Ayn\u0131 Zamanda Bir Gezgindi<\/strong><\/p>\n\n\n\n<p>&#8220;D\u00f6nence D\u00fcnya Turu&#8221; program\u0131 ile d\u00f6neminde d\u00fcnyay\u0131 en fazla dola\u015fan T\u00fcrk vatanda\u015f\u0131 olarak da tan\u0131nan Bar\u0131\u015f Man\u00e7o, programda 150 \u00fclkeyi gezdi ve 250\u2019den fazla \u015fehri tan\u0131tt\u0131. Gezilerinde \u00e7o\u011fu zaman yerel k\u00fclt\u00fcre ve insanlara \u00f6ncelik tan\u0131yan Man\u00e7o, bu \u00f6zelli\u011fiyle birlikte gen\u00e7lerin de ilham kayna\u011f\u0131 olmu\u015f, gitmi\u015f oldu\u011fu yurt d\u0131\u015f\u0131 seyahatlerinde kendisine hediye edilen e\u015fyalar\u0131 \u00f6zenli bir \u015fekilde korumu\u015ftur. Bar\u0131\u015f Man\u00e7o, 5 k\u0131tada 100\u2019den fazla \u00fclkeyi gezerek g\u00f6rd\u00fc\u011f\u00fc yerleri kameraya ald\u0131 ve T\u00fcrk vlog k\u00fclt\u00fcr\u00fcn\u00fcn ba\u015flamas\u0131na da \u00f6nc\u00fcl\u00fck etti. &#8220;\u00c7ok okuyan m\u0131 bilir \u00e7ok gezen mi bilir&#8221; sorusu kendisine soruldu\u011funda ise cevab\u0131 \u201cGezerken okuyan bilir\u201d oldu.<\/p>\n\n\n<div class=\"wp-block-image\">\n<figure class=\"aligncenter size-large is-resized\"><img decoding=\"async\" src=\"https:\/\/iletim.istanbul.edu.tr\/wp-content\/uploads\/vazo-758x1024.jpeg\" alt=\"\" class=\"wp-image-20053\" width=\"355\" height=\"480\" srcset=\"https:\/\/iletim.istanbul.edu.tr\/wp-content\/uploads\/vazo-758x1024.jpeg 758w, https:\/\/iletim.istanbul.edu.tr\/wp-content\/uploads\/vazo-222x300.jpeg 222w, https:\/\/iletim.istanbul.edu.tr\/wp-content\/uploads\/vazo-768x1037.jpeg 768w, https:\/\/iletim.istanbul.edu.tr\/wp-content\/uploads\/vazo-1137x1536.jpeg 1137w, https:\/\/iletim.istanbul.edu.tr\/wp-content\/uploads\/vazo-750x1013.jpeg 750w, https:\/\/iletim.istanbul.edu.tr\/wp-content\/uploads\/vazo-1140x1539.jpeg 1140w, https:\/\/iletim.istanbul.edu.tr\/wp-content\/uploads\/vazo.jpeg 1370w\" sizes=\"(max-width: 355px) 100vw, 355px\" \/><figcaption>Tarihi Vazolar<\/figcaption><\/figure><\/div>\n\n\n<p>Bar\u0131\u015f Man\u00e7o M\u00fczesi, resmi bayramlar ve pazartesi g\u00fcnleri d\u0131\u015f\u0131nda her g\u00fcn 09.00-17.00 saatleri aras\u0131nda ziyaret edilebilir. <\/p>\n","protected":false},"excerpt":{"rendered":"<p>Haber: K\u00fcbra Nur \u00d6zbek \u0130stanbul \u00dcniversitesi Haber Merkezi Bar\u0131\u015f Man\u00e7o\u2019nun 1985 y\u0131l\u0131nda sat\u0131n ald\u0131\u011f\u0131 ev, tarihi eserleri koruma kanununa al\u0131n\u0131p tarihi eser olarak kayda ge\u00e7ti. Man\u00e7o\u2019nun 2010 y\u0131l\u0131nda m\u00fczeye \u00e7evrilen evinde bir\u00e7ok tarihi eser sergileniyor. Bar\u0131\u015f Man\u00e7o\u2019nun ger\u00e7ek\u00e7i heykelinin de bulundu\u011fu ev g\u00fcn\u00fcm\u00fczde ziyaret\u00e7ilerini a\u011f\u0131rl\u0131yor. Ba\u015far\u0131larla Dolu Bir Hayat Galatasaray lisesinde \u00f6\u011frenciyken daha 15 ya\u015f\u0131nda [&hellip;]<\/p>\n","protected":false},"author":14,"featured_media":20054,"comment_status":"closed","ping_status":"open","sticky":false,"template":"","format":"standard","meta":{"jnews-multi-image_gallery":[],"jnews_single_post":{"subtitle":"","format":"standard","video":"","gallery":"","source_name":"","source_url":"","via_name":"","via_url":"","override_template":"0","override":[{"template":"1","single_blog_custom":"","parallax":"1","fullscreen":"1","layout":"double-sidebar","sidebar":"single-left","second_sidebar":"default-sidebar","sticky_sidebar":"1","share_position":"top","share_float_style":"share-monocrhome","show_share_counter":"1","show_view_counter":"1","show_featured":"1","show_post_meta":"1","show_post_author":"1","show_post_author_image":"1","show_post_date":"1","post_date_format":"default","post_date_format_custom":"Y\/m\/d","show_post_category":"1","show_post_reading_time":"0","post_reading_time_wpm":"300","show_zoom_button":"0","zoom_button_out_step":"2","zoom_button_in_step":"3","show_post_tag":"1","show_prev_next_post":"1","show_popup_post":"1","number_popup_post":"1","show_author_box":"0","show_post_related":"0","show_inline_post_related":"1"}],"override_image_size":"0","image_override":[{"single_post_thumbnail_size":"crop-500","single_post_gallery_size":"crop-500"}],"trending_post":"0","trending_post_position":"meta","trending_post_label":"Trending","sponsored_post":"0","sponsored_post_label":"Sponsored by","sponsored_post_name":"","sponsored_post_url":"","sponsored_post_logo_enable":"0","sponsored_post_logo":"","sponsored_post_desc":"","disable_ad":"0"},"jnews_primary_category":{"id":""},"jnews_social_meta":{"fb_title":"","fb_description":"","fb_image":"","twitter_title":"","twitter_description":"","twitter_image":""},"jnews_override_counter":{"override_view_counter":"0","view_counter_number":"0","override_share_counter":"0","share_counter_number":"0","override_like_counter":"0","like_counter_number":"0","override_dislike_counter":"0","dislike_counter_number":"0"},"footnotes":""},"categories":[28,30,2085],"tags":[2474,2475,2473],"class_list":["post-20049","post","type-post","status-publish","format-standard","has-post-thumbnail","hentry","category-istanbul","category-kultur-sanat","category-manset-haber","tag-baris-manco-evi","tag-baris-manco-muze","tag-baris-manco-muzesi"],"_links":{"self":[{"href":"https:\/\/iletim.istanbul.edu.tr\/index.php\/wp-json\/wp\/v2\/posts\/20049","targetHints":{"allow":["GET"]}}],"collection":[{"href":"https:\/\/iletim.istanbul.edu.tr\/index.php\/wp-json\/wp\/v2\/posts"}],"about":[{"href":"https:\/\/iletim.istanbul.edu.tr\/index.php\/wp-json\/wp\/v2\/types\/post"}],"author":[{"embeddable":true,"href":"https:\/\/iletim.istanbul.edu.tr\/index.php\/wp-json\/wp\/v2\/users\/14"}],"replies":[{"embeddable":true,"href":"https:\/\/iletim.istanbul.edu.tr\/index.php\/wp-json\/wp\/v2\/comments?post=20049"}],"version-history":[{"count":0,"href":"https:\/\/iletim.istanbul.edu.tr\/index.php\/wp-json\/wp\/v2\/posts\/20049\/revisions"}],"wp:featuredmedia":[{"embeddable":true,"href":"https:\/\/iletim.istanbul.edu.tr\/index.php\/wp-json\/wp\/v2\/media\/20054"}],"wp:attachment":[{"href":"https:\/\/iletim.istanbul.edu.tr\/index.php\/wp-json\/wp\/v2\/media?parent=20049"}],"wp:term":[{"taxonomy":"category","embeddable":true,"href":"https:\/\/iletim.istanbul.edu.tr\/index.php\/wp-json\/wp\/v2\/categories?post=20049"},{"taxonomy":"post_tag","embeddable":true,"href":"https:\/\/iletim.istanbul.edu.tr\/index.php\/wp-json\/wp\/v2\/tags?post=20049"}],"curies":[{"name":"wp","href":"https:\/\/api.w.org\/{rel}","templated":true}]}}