{"id":20363,"date":"2023-02-07T16:34:27","date_gmt":"2023-02-07T13:34:27","guid":{"rendered":"https:\/\/iletim.istanbul.edu.tr\/?p=20363"},"modified":"2023-02-07T16:34:27","modified_gmt":"2023-02-07T13:34:27","slug":"istanbul-universitesi-ogrencilerinden-depremzedelere-destek","status":"publish","type":"post","link":"https:\/\/iletim.istanbul.edu.tr\/index.php\/2023\/02\/07\/istanbul-universitesi-ogrencilerinden-depremzedelere-destek\/","title":{"rendered":"\u0130stanbul \u00dcniversitesi \u00d6\u011frencilerinden Depremzedelere Destek"},"content":{"rendered":"\n<p><strong><em>Haber: Halit \u015eahin, Raziye Sayaslan<\/em><\/strong><\/p>\n\n\n\n<p><strong><em>\u0130stanbul \u00dcniversitesi Haber Merkezi<\/em><\/strong> <\/p>\n\n\n\n<p><strong><em>\u0130stanbul \u00dcniversitesi (\u0130\u00dc) Hukuk Fak\u00fcltesi \u00f6\u011frencileri, etkisi 10 ilde g\u00f6r\u00fclen, Kahramanmara\u015f merkezli deprem sonras\u0131 afetzedeler i\u00e7in yard\u0131m kampanyas\u0131 d\u00fczenledi.<\/em><\/strong><\/p>\n\n\n\n<p><br>Depremin meydana geldi\u011fi Pazartesi g\u00fcn\u00fc ilerleyen saatlerde depremzedeler i\u00e7in bir \u015feyler yapmak isteyen \u0130\u00dc Hukuk Fak\u00fcltesi Kul\u00fcpleri birle\u015ferek bir yard\u0131m kampanyas\u0131 organize ettiler. Depremden hemen sonraki Sal\u0131 g\u00fcn\u00fc, \u0130\u00dc Beyaz\u0131t Kamp\u00fcs\u00fc yak\u0131nlar\u0131nda bulunan Vefakar Cafe&#8217;de ak\u015fam 17.00&#8217;ye kadar yard\u0131m kampanyas\u0131 s\u00fcrd\u00fc.<\/p>\n\n\n\n<figure class=\"wp-block-gallery has-nested-images columns-default is-cropped wp-block-gallery-1 is-layout-flex wp-block-gallery-is-layout-flex\">\n<figure class=\"wp-block-image size-large\"><img decoding=\"async\" width=\"1024\" height=\"565\" data-id=\"20365\" src=\"https:\/\/iletim.istanbul.edu.tr\/wp-content\/uploads\/WhatsApp-Image-2023-02-07-at-16.14.22-1.jpeg\" alt=\"\" class=\"wp-image-20365\" srcset=\"https:\/\/iletim.istanbul.edu.tr\/wp-content\/uploads\/WhatsApp-Image-2023-02-07-at-16.14.22-1.jpeg 1024w, https:\/\/iletim.istanbul.edu.tr\/wp-content\/uploads\/WhatsApp-Image-2023-02-07-at-16.14.22-1-300x166.jpeg 300w, https:\/\/iletim.istanbul.edu.tr\/wp-content\/uploads\/WhatsApp-Image-2023-02-07-at-16.14.22-1-768x424.jpeg 768w, https:\/\/iletim.istanbul.edu.tr\/wp-content\/uploads\/WhatsApp-Image-2023-02-07-at-16.14.22-1-750x414.jpeg 750w\" sizes=\"(max-width: 1024px) 100vw, 1024px\" \/><\/figure>\n<\/figure>\n\n\n\n<p><br>Herkesin g\u00f6n\u00fcll\u00fc bir \u015fekilde \u00e7al\u0131\u015ft\u0131\u011f\u0131 kampanyada nakit yard\u0131mlar Ahbap Derne\u011fi arac\u0131l\u0131\u011f\u0131yla ger\u00e7ekle\u015fti. Kuru g\u0131da, hijyen \u00fcr\u00fcnleri, konserve, battaniye gibi \u00e7e\u015fitli \u00fcr\u00fcnler de s\u0131n\u0131fland\u0131rmalar yap\u0131larak paketlendi. Paketlenen koliler kampanyan\u0131n lojisti\u011fini sa\u011flayan \u0130stanbul B\u00fcy\u00fck\u015fehir Belediyesi taraf\u0131ndan teslim al\u0131nd\u0131. Kampanyan\u0131n devam etme durumu ile ilgili bilgilendirmenin yap\u0131laca\u011f\u0131 belirtildi.<\/p>\n\n\n\n<figure class=\"wp-block-gallery has-nested-images columns-default is-cropped wp-block-gallery-2 is-layout-flex wp-block-gallery-is-layout-flex\">\n<figure class=\"wp-block-image size-full\"><img decoding=\"async\" width=\"1024\" height=\"683\" data-id=\"20366\" src=\"https:\/\/iletim.istanbul.edu.tr\/wp-content\/uploads\/WhatsApp-Image-2023-02-07-at-16.14.22-2.jpeg\" alt=\"\" class=\"wp-image-20366\" srcset=\"https:\/\/iletim.istanbul.edu.tr\/wp-content\/uploads\/WhatsApp-Image-2023-02-07-at-16.14.22-2.jpeg 1024w, https:\/\/iletim.istanbul.edu.tr\/wp-content\/uploads\/WhatsApp-Image-2023-02-07-at-16.14.22-2-300x200.jpeg 300w, https:\/\/iletim.istanbul.edu.tr\/wp-content\/uploads\/WhatsApp-Image-2023-02-07-at-16.14.22-2-768x512.jpeg 768w, https:\/\/iletim.istanbul.edu.tr\/wp-content\/uploads\/WhatsApp-Image-2023-02-07-at-16.14.22-2-750x500.jpeg 750w\" sizes=\"(max-width: 1024px) 100vw, 1024px\" \/><\/figure>\n<\/figure>\n","protected":false},"excerpt":{"rendered":"<p>Haber: Halit \u015eahin, Raziye Sayaslan \u0130stanbul \u00dcniversitesi Haber Merkezi \u0130stanbul \u00dcniversitesi (\u0130\u00dc) Hukuk Fak\u00fcltesi \u00f6\u011frencileri, etkisi 10 ilde g\u00f6r\u00fclen, Kahramanmara\u015f merkezli deprem sonras\u0131 afetzedeler i\u00e7in yard\u0131m kampanyas\u0131 d\u00fczenledi. Depremin meydana geldi\u011fi Pazartesi g\u00fcn\u00fc ilerleyen saatlerde depremzedeler i\u00e7in bir \u015feyler yapmak isteyen \u0130\u00dc Hukuk Fak\u00fcltesi Kul\u00fcpleri birle\u015ferek bir yard\u0131m kampanyas\u0131 organize ettiler. Depremden hemen sonraki Sal\u0131 [&hellip;]<\/p>\n","protected":false},"author":14,"featured_media":20367,"comment_status":"closed","ping_status":"open","sticky":false,"template":"","format":"standard","meta":{"jnews-multi-image_gallery":[],"jnews_single_post":{"subtitle":"","format":"standard","video":"","gallery":"","source_name":"","source_url":"","via_name":"","via_url":"","override_template":"0","override":[{"template":"1","single_blog_custom":"","parallax":"1","fullscreen":"1","layout":"double-sidebar","sidebar":"single-left","second_sidebar":"default-sidebar","sticky_sidebar":"1","share_position":"top","share_float_style":"share-monocrhome","show_share_counter":"1","show_view_counter":"1","show_featured":"1","show_post_meta":"1","show_post_author":"1","show_post_author_image":"1","show_post_date":"1","post_date_format":"default","post_date_format_custom":"Y\/m\/d","show_post_category":"1","show_post_reading_time":"0","post_reading_time_wpm":"300","show_zoom_button":"0","zoom_button_out_step":"2","zoom_button_in_step":"3","show_post_tag":"1","show_prev_next_post":"1","show_popup_post":"1","number_popup_post":"1","show_author_box":"0","show_post_related":"0","show_inline_post_related":"1"}],"override_image_size":"0","image_override":[{"single_post_thumbnail_size":"crop-500","single_post_gallery_size":"crop-500"}],"trending_post":"0","trending_post_position":"meta","trending_post_label":"Trending","sponsored_post":"0","sponsored_post_label":"Sponsored by","sponsored_post_name":"","sponsored_post_url":"","sponsored_post_logo_enable":"0","sponsored_post_logo":"","sponsored_post_desc":"","disable_ad":"0"},"jnews_primary_category":{"id":""},"jnews_social_meta":{"fb_title":"","fb_description":"","fb_image":"","twitter_title":"","twitter_description":"","twitter_image":""},"jnews_override_counter":{"override_view_counter":"0","view_counter_number":"0","override_share_counter":"0","share_counter_number":"0","override_like_counter":"0","like_counter_number":"0","override_dislike_counter":"0","dislike_counter_number":"0"},"footnotes":""},"categories":[1,34,2085,2348,35],"tags":[1331,2555,43,976],"class_list":["post-20363","post","type-post","status-publish","format-standard","has-post-thumbnail","hentry","category-genel","category-universite","category-manset-haber","category-manset-yani","category-yasam","tag-deprem","tag-destek","tag-istanbul-universitesi","tag-yardim"],"_links":{"self":[{"href":"https:\/\/iletim.istanbul.edu.tr\/index.php\/wp-json\/wp\/v2\/posts\/20363","targetHints":{"allow":["GET"]}}],"collection":[{"href":"https:\/\/iletim.istanbul.edu.tr\/index.php\/wp-json\/wp\/v2\/posts"}],"about":[{"href":"https:\/\/iletim.istanbul.edu.tr\/index.php\/wp-json\/wp\/v2\/types\/post"}],"author":[{"embeddable":true,"href":"https:\/\/iletim.istanbul.edu.tr\/index.php\/wp-json\/wp\/v2\/users\/14"}],"replies":[{"embeddable":true,"href":"https:\/\/iletim.istanbul.edu.tr\/index.php\/wp-json\/wp\/v2\/comments?post=20363"}],"version-history":[{"count":0,"href":"https:\/\/iletim.istanbul.edu.tr\/index.php\/wp-json\/wp\/v2\/posts\/20363\/revisions"}],"wp:featuredmedia":[{"embeddable":true,"href":"https:\/\/iletim.istanbul.edu.tr\/index.php\/wp-json\/wp\/v2\/media\/20367"}],"wp:attachment":[{"href":"https:\/\/iletim.istanbul.edu.tr\/index.php\/wp-json\/wp\/v2\/media?parent=20363"}],"wp:term":[{"taxonomy":"category","embeddable":true,"href":"https:\/\/iletim.istanbul.edu.tr\/index.php\/wp-json\/wp\/v2\/categories?post=20363"},{"taxonomy":"post_tag","embeddable":true,"href":"https:\/\/iletim.istanbul.edu.tr\/index.php\/wp-json\/wp\/v2\/tags?post=20363"}],"curies":[{"name":"wp","href":"https:\/\/api.w.org\/{rel}","templated":true}]}}