{"id":20582,"date":"2023-03-03T15:23:54","date_gmt":"2023-03-03T12:23:54","guid":{"rendered":"https:\/\/iletim.istanbul.edu.tr\/?p=20582"},"modified":"2023-03-03T15:36:19","modified_gmt":"2023-03-03T12:36:19","slug":"depremin-oldugu-pazartesiden-sonraki-pazartesiye-kadar-sokaktaydik","status":"publish","type":"post","link":"https:\/\/iletim.istanbul.edu.tr\/index.php\/2023\/03\/03\/depremin-oldugu-pazartesiden-sonraki-pazartesiye-kadar-sokaktaydik\/","title":{"rendered":"\u201cDepremin oldu\u011fu pazartesiden sonraki pazartesiye kadar sokaktayd\u0131k\u201d"},"content":{"rendered":"\n<p><em><strong>Haber: Abdullah Tozlu<\/strong><\/em><\/p>\n\n\n\n<p><em><strong>\u0130stanbul \u00fcniversitesi Haber Merkezi<\/strong><\/em><\/p>\n\n\n\n<p><em><strong>\u00c7ok say\u0131da vatanda\u015f\u0131n hayat\u0131n\u0131 kaybetti\u011fi 6 \u015eubat depreminden sa\u011f kurtulan Hasan ve ailesi ba\u015flar\u0131ndan ge\u00e7enleri \u0130stanbul \u00dcniversitesi Haber Merkezi&#8217;ne anlatt\u0131.<\/strong><\/em><\/p>\n\n\n\n<p>Kahramanmara\u015f merkezli depremler, bir\u00e7ok insan\u0131n hayat\u0131na etki etti. Depreme Hatay&#8217;da yakalanan Hasan ve ailesi, ya\u015fad\u0131klar\u0131 hakk\u0131nda bilgi verdi. \u0130lk depremde soka\u011fa \u00e7\u0131kt\u0131klar\u0131n\u0131 anlatan Hasan ikinci deprem ile evlerinin y\u0131k\u0131ld\u0131\u011f\u0131na tan\u0131k oldu\u011funu s\u00f6yledi. Deprem sonras\u0131 ne yapacaklar\u0131n\u0131 bilmediklerini ekleyen Hasan, ailesi ile g\u00fcnlerce, t\u0131pk\u0131 kom\u015fular\u0131 gibi sokaklarda kald\u0131klar\u0131n\u0131 aktararak, &#8220;Depremin oldu\u011fu pazartesiden sonraki pazartesiye kadar sokaktayd\u0131k&#8221; \u015feklinde konu\u015ftu. <\/p>\n\n\n<div class=\"wp-block-image\">\n<figure class=\"aligncenter size-large is-resized\"><img decoding=\"async\" src=\"https:\/\/iletim.istanbul.edu.tr\/wp-content\/uploads\/hatay-deprem-1-1024x682.jpeg\" alt=\"\" class=\"wp-image-20586\" width=\"512\" height=\"341\" srcset=\"https:\/\/iletim.istanbul.edu.tr\/wp-content\/uploads\/hatay-deprem-1-1024x682.jpeg 1024w, https:\/\/iletim.istanbul.edu.tr\/wp-content\/uploads\/hatay-deprem-1-300x200.jpeg 300w, https:\/\/iletim.istanbul.edu.tr\/wp-content\/uploads\/hatay-deprem-1-768x512.jpeg 768w, https:\/\/iletim.istanbul.edu.tr\/wp-content\/uploads\/hatay-deprem-1-1536x1023.jpeg 1536w, https:\/\/iletim.istanbul.edu.tr\/wp-content\/uploads\/hatay-deprem-1-750x500.jpeg 750w, https:\/\/iletim.istanbul.edu.tr\/wp-content\/uploads\/hatay-deprem-1-1140x760.jpeg 1140w, https:\/\/iletim.istanbul.edu.tr\/wp-content\/uploads\/hatay-deprem-1.jpeg 1600w\" sizes=\"(max-width: 512px) 100vw, 512px\" \/><figcaption class=\"wp-element-caption\"><em>Hasan ve o\u011flu Beyaz\u0131t<\/em><\/figcaption><\/figure><\/div>\n\n\n<p><\/p>\n\n\n\n<p>Ya\u011fmurlu gecelerde ya\u015fad\u0131klar\u0131n\u0131 \u201cYa\u011fmurda \u00e7ocuklar\u0131m\u0131z\u0131 otomobile koyarak etraflar\u0131nda \u015femsiyeler ile n\u00f6bet tutuyorduk\u201d<strong> <\/strong>ifadelerini kullanarak aktard\u0131. Hatay Eski Fuar Alan\u0131&#8217;na kurulan \u00e7ad\u0131r kente yerle\u015fen Hasan, \u00e7ad\u0131r kentte koordinasyonun ve g\u00fcvenli\u011fin sa\u011fland\u0131\u011f\u0131n\u0131 bildirdi.<\/p>\n","protected":false},"excerpt":{"rendered":"<p>Haber: Abdullah Tozlu \u0130stanbul \u00fcniversitesi Haber Merkezi \u00c7ok say\u0131da vatanda\u015f\u0131n hayat\u0131n\u0131 kaybetti\u011fi 6 \u015eubat depreminden sa\u011f kurtulan Hasan ve ailesi ba\u015flar\u0131ndan ge\u00e7enleri \u0130stanbul \u00dcniversitesi Haber Merkezi&#8217;ne anlatt\u0131. Kahramanmara\u015f merkezli depremler, bir\u00e7ok insan\u0131n hayat\u0131na etki etti. Depreme Hatay&#8217;da yakalanan Hasan ve ailesi, ya\u015fad\u0131klar\u0131 hakk\u0131nda bilgi verdi. \u0130lk depremde soka\u011fa \u00e7\u0131kt\u0131klar\u0131n\u0131 anlatan Hasan ikinci deprem ile evlerinin [&hellip;]<\/p>\n","protected":false},"author":14,"featured_media":20585,"comment_status":"closed","ping_status":"open","sticky":false,"template":"","format":"standard","meta":{"jnews-multi-image_gallery":[],"jnews_single_post":{"subtitle":"","format":"standard","video":"","gallery":"","source_name":"","source_url":"","via_name":"","via_url":"","override_template":"0","override":[{"template":"1","single_blog_custom":"","parallax":"1","fullscreen":"1","layout":"double-sidebar","sidebar":"single-left","second_sidebar":"default-sidebar","sticky_sidebar":"1","share_position":"top","share_float_style":"share-monocrhome","show_share_counter":"1","show_view_counter":"1","show_featured":"1","show_post_meta":"1","show_post_author":"1","show_post_author_image":"1","show_post_date":"1","post_date_format":"default","post_date_format_custom":"Y\/m\/d","show_post_category":"1","show_post_reading_time":"0","post_reading_time_wpm":"300","show_zoom_button":"0","zoom_button_out_step":"2","zoom_button_in_step":"3","show_post_tag":"1","show_prev_next_post":"1","show_popup_post":"1","number_popup_post":"1","show_author_box":"0","show_post_related":"0","show_inline_post_related":"1"}],"override_image_size":"0","image_override":[{"single_post_thumbnail_size":"crop-500","single_post_gallery_size":"crop-500"}],"trending_post":"0","trending_post_position":"meta","trending_post_label":"Trending","sponsored_post":"0","sponsored_post_label":"Sponsored by","sponsored_post_name":"","sponsored_post_url":"","sponsored_post_logo_enable":"0","sponsored_post_logo":"","sponsored_post_desc":"","disable_ad":"0"},"jnews_primary_category":{"id":"","hide":""},"jnews_social_meta":{"fb_title":"","fb_description":"","fb_image":"","twitter_title":"","twitter_description":"","twitter_image":""},"jnews_override_counter":{"override_view_counter":"0","view_counter_number":"0","override_share_counter":"0","share_counter_number":"0","override_like_counter":"0","like_counter_number":"0","override_dislike_counter":"0","dislike_counter_number":"0"},"footnotes":""},"categories":[1,2085,35],"tags":[2581,2587,2564],"class_list":["post-20582","post","type-post","status-publish","format-standard","has-post-thumbnail","hentry","category-genel","category-manset-haber","category-yasam","tag-hatay-deprem","tag-kahramanmaras-deprem","tag-kahramanmaras-depremleri"],"_links":{"self":[{"href":"https:\/\/iletim.istanbul.edu.tr\/index.php\/wp-json\/wp\/v2\/posts\/20582","targetHints":{"allow":["GET"]}}],"collection":[{"href":"https:\/\/iletim.istanbul.edu.tr\/index.php\/wp-json\/wp\/v2\/posts"}],"about":[{"href":"https:\/\/iletim.istanbul.edu.tr\/index.php\/wp-json\/wp\/v2\/types\/post"}],"author":[{"embeddable":true,"href":"https:\/\/iletim.istanbul.edu.tr\/index.php\/wp-json\/wp\/v2\/users\/14"}],"replies":[{"embeddable":true,"href":"https:\/\/iletim.istanbul.edu.tr\/index.php\/wp-json\/wp\/v2\/comments?post=20582"}],"version-history":[{"count":0,"href":"https:\/\/iletim.istanbul.edu.tr\/index.php\/wp-json\/wp\/v2\/posts\/20582\/revisions"}],"wp:featuredmedia":[{"embeddable":true,"href":"https:\/\/iletim.istanbul.edu.tr\/index.php\/wp-json\/wp\/v2\/media\/20585"}],"wp:attachment":[{"href":"https:\/\/iletim.istanbul.edu.tr\/index.php\/wp-json\/wp\/v2\/media?parent=20582"}],"wp:term":[{"taxonomy":"category","embeddable":true,"href":"https:\/\/iletim.istanbul.edu.tr\/index.php\/wp-json\/wp\/v2\/categories?post=20582"},{"taxonomy":"post_tag","embeddable":true,"href":"https:\/\/iletim.istanbul.edu.tr\/index.php\/wp-json\/wp\/v2\/tags?post=20582"}],"curies":[{"name":"wp","href":"https:\/\/api.w.org\/{rel}","templated":true}]}}