{"id":20688,"date":"2023-05-30T15:10:00","date_gmt":"2023-05-30T12:10:00","guid":{"rendered":"https:\/\/iletim.istanbul.edu.tr\/?p=20688"},"modified":"2023-05-30T16:13:17","modified_gmt":"2023-05-30T13:13:17","slug":"kultur-sanatta-4-kult-film","status":"publish","type":"post","link":"https:\/\/iletim.istanbul.edu.tr\/index.php\/2023\/05\/30\/kultur-sanatta-4-kult-film\/","title":{"rendered":"K\u00fclt\u00fcr Sanatta 4 K\u00fclt Film"},"content":{"rendered":"\n<p><strong><em>Haber: Raziye Sayaslan<\/em><\/strong><\/p>\n\n\n\n<p><strong><em>\u0130stanbul \u00dcniversitesi Haber Merkezi<\/em><\/strong><\/p>\n\n\n\n<p><strong><em>K\u00fclt\u00fcr sanat \u00fczerine bug\u00fcne kadar pek \u00e7ok film yap\u0131lm\u0131\u015f, \u00f6zellikle sanat\u00e7\u0131lar\u0131n \u00f6zel ya\u015fam\u0131, \u00e7arp\u0131k ili\u015fkileri, ya\u015fad\u0131klar\u0131 skandallar, ger\u00e7e\u011fe yak\u0131n kurgularla ve i\u00e7 i\u00e7e ge\u00e7mi\u015f zaman-mekan anlat\u0131mlar\u0131yla seyircilere aktar\u0131lm\u0131\u015ft\u0131r. Sanat\u0131n merkeze al\u0131narak, d\u00fc\u015fsel ger\u00e7ekli\u011fin benzersiz bir \u00fcslupla harmanland\u0131\u011f\u0131 bu d\u00f6rt \u00f6nemli sanat filmi, d\u00fcnyada iz b\u0131rakm\u0131\u015f \u015fahsiyetlerin k\u00fc\u00e7\u00fck bir biyografisi say\u0131labilir.<\/em><\/strong><\/p>\n\n\n\n<p><\/p>\n\n\n\n<p><strong>1. Cezanne ve Ben<\/strong><\/p>\n\n\n<div class=\"wp-block-image\">\n<figure class=\"aligncenter size-large is-resized\"><img decoding=\"async\" src=\"https:\/\/iletim.istanbul.edu.tr\/wp-content\/uploads\/ce\u0301zanne-754x1024.jpg\" alt=\"\" class=\"wp-image-20696\" width=\"363\" height=\"492\" srcset=\"https:\/\/iletim.istanbul.edu.tr\/wp-content\/uploads\/ce\u0301zanne-754x1024.jpg 754w, https:\/\/iletim.istanbul.edu.tr\/wp-content\/uploads\/ce\u0301zanne-221x300.jpg 221w, https:\/\/iletim.istanbul.edu.tr\/wp-content\/uploads\/ce\u0301zanne-768x1043.jpg 768w, https:\/\/iletim.istanbul.edu.tr\/wp-content\/uploads\/ce\u0301zanne-1131x1536.jpg 1131w, https:\/\/iletim.istanbul.edu.tr\/wp-content\/uploads\/ce\u0301zanne-750x1019.jpg 750w, https:\/\/iletim.istanbul.edu.tr\/wp-content\/uploads\/ce\u0301zanne-1140x1548.jpg 1140w, https:\/\/iletim.istanbul.edu.tr\/wp-content\/uploads\/ce\u0301zanne.jpg 1178w\" sizes=\"(max-width: 363px) 100vw, 363px\" \/><\/figure><\/div>\n\n\n<p><\/p>\n\n\n\n<p>19. y\u00fczy\u0131l sanat\u0131 ve edebiyat\u0131n\u0131n en \u00f6nemli simalar\u0131ndan iki isim kar\u015f\u0131l\u0131yor bizi, Paul Cezanne ve Emile Zola. Frans\u0131z edebiyat\u0131 ve sanat\u0131na damgas\u0131n\u0131 vurmu\u015f bu iki ismin biyografilerinin anlat\u0131ld\u0131\u011f\u0131 filmde, \u015f\u00f6hrete giden yollar\u0131n asl\u0131nda ne \u00e7etrefilli ve diken dolu oldu\u011funun, toplumun sanata bak\u0131\u015f a\u00e7\u0131s\u0131n\u0131n alt\u0131 \u00f6nemle \u00e7iziliyor. iki dost sanat\u00e7\u0131n\u0131n hikayesinin bizzat Cezanne&#8217;nin a\u011fz\u0131ndan biraz mizahi, biraz melodram tarzda anlat\u0131ld\u0131\u011f\u0131 bu yap\u0131m, Fransa&#8217;n\u0131n k\u00fclt\u00fcr sanat d\u00fcnyas\u0131na k\u00fc\u00e7\u00fck bir pencere a\u00e7\u0131yor.<\/p>\n\n\n\n<p><strong>2. Paris&#8217;te Gece Yar\u0131s\u0131<\/strong><\/p>\n\n\n<div class=\"wp-block-image\">\n<figure class=\"aligncenter size-full is-resized\"><img decoding=\"async\" src=\"https:\/\/iletim.istanbul.edu.tr\/wp-content\/uploads\/parisd.jpg\" alt=\"\" class=\"wp-image-20697\" width=\"352\" height=\"470\" \/><\/figure><\/div>\n\n\n<p><\/p>\n\n\n\n<p>\u0130zleyenleri 1920&#8217;lerin Paris&#8217;ine g\u00f6t\u00fcren film, d\u00f6neminin pek \u00e7ok \u00f6nemli sanat\u00e7\u0131s\u0131n\u0131 da bir araya getiriyor. Film, bir senaristin Paris&#8217;te ya\u015fad\u0131\u011f\u0131 \u00e7\u0131lg\u0131n gece yar\u0131lar\u0131n\u0131 mizahi bir \u00fcslup ve yar\u0131 alayc\u0131l\u0131kla anlat\u0131rken, Salvador Dali,  Ernest Hemingway, Gertrude Stein gibi devlerin buruk hikayelerine de de\u011finiyor. Paris&#8217;te Gece Yar\u0131s\u0131, izleyicisine sanat\u0131n arka odalar\u0131ndaki toz kokusunu dahi hissettirmeyi ustal\u0131kla ba\u015far\u0131yor.<\/p>\n\n\n\n<p><strong>3. Goya&#8217;n\u0131n Hayaletleri<\/strong><\/p>\n\n\n\n<p><\/p>\n\n\n<div class=\"wp-block-image\">\n<figure class=\"aligncenter size-full is-resized\"><img decoding=\"async\" src=\"https:\/\/iletim.istanbul.edu.tr\/wp-content\/uploads\/goya.jpg\" alt=\"\" class=\"wp-image-20698\" width=\"383\" height=\"566\" srcset=\"https:\/\/iletim.istanbul.edu.tr\/wp-content\/uploads\/goya.jpg 510w, https:\/\/iletim.istanbul.edu.tr\/wp-content\/uploads\/goya-203x300.jpg 203w\" sizes=\"(max-width: 383px) 100vw, 383px\" \/><\/figure><\/div>\n\n\n<p><\/p>\n\n\n\n<p>\u0130spanyol ressam Goya&#8217;n\u0131n, grotesk portrelerini lin\u00e7leyen engizisyon mahkemesiyle \u00e7eki\u015fmesinin anlat\u0131ld\u0131\u011f\u0131 filmde, cinsellik, din, toplum, \u00f6nyarg\u0131 gibi kavramlar\u0131n as\u0131l kar\u015f\u0131l\u0131klar\u0131 g\u00f6zler \u00f6n\u00fcne seriliyor.  A\u015fk\u0131n kutsall\u0131\u011f\u0131na ironik bir bak\u0131\u015f a\u00e7\u0131s\u0131 getiren film, sanat filmleri aras\u0131nda unutulmaz yerini \u00e7oktan alm\u0131\u015fa benziyor.<\/p>\n\n\n\n<p><strong>4. Klimt <\/strong><\/p>\n\n\n<div class=\"wp-block-image\">\n<figure class=\"aligncenter size-full is-resized\"><img decoding=\"async\" src=\"https:\/\/iletim.istanbul.edu.tr\/wp-content\/uploads\/MV5BMTk2NDI1NjAwMl5BMl5BanBnXkFtZTcwNTU5MDU1MQ@@._V1_.jpg\" alt=\"\" class=\"wp-image-20699\" width=\"435\" height=\"623\" srcset=\"https:\/\/iletim.istanbul.edu.tr\/wp-content\/uploads\/MV5BMTk2NDI1NjAwMl5BMl5BanBnXkFtZTcwNTU5MDU1MQ@@._V1_.jpg 349w, https:\/\/iletim.istanbul.edu.tr\/wp-content\/uploads\/MV5BMTk2NDI1NjAwMl5BMl5BanBnXkFtZTcwNTU5MDU1MQ@@._V1_-209x300.jpg 209w\" sizes=\"(max-width: 435px) 100vw, 435px\" \/><\/figure><\/div>\n\n\n<p><\/p>\n\n\n\n<p>Avusturyal\u0131 ressam Gustav Klimt&#8217;in hastanede ge\u00e7en son y\u0131llar\u0131n\u0131 ele alan film, d\u00f6neminin \u00e7a\u011fda\u015f sanata bak\u0131\u015f a\u00e7\u0131s\u0131na, Klimt&#8217;in skandallarla dolu ya\u015fam\u0131na ili\u015fkin  pek \u00e7ok noktay\u0131 irdeliyor. Me\u015fhur &#8220;\u00d6p\u00fcc\u00fck&#8221; tablosundan &#8220;\u00d6l\u00fcm ve Ya\u015fam&#8221;a uzanan sanat hayat\u0131nda Klimt&#8217;in kar\u015f\u0131la\u015ft\u0131\u011f\u0131 olaylar, yatalak bir ressam\u0131n hazin an\u0131lar\u0131yla birle\u015ferek anlat\u0131l\u0131yor. <\/p>\n","protected":false},"excerpt":{"rendered":"<p>Haber: Raziye Sayaslan \u0130stanbul \u00dcniversitesi Haber Merkezi K\u00fclt\u00fcr sanat \u00fczerine bug\u00fcne kadar pek \u00e7ok film yap\u0131lm\u0131\u015f, \u00f6zellikle sanat\u00e7\u0131lar\u0131n \u00f6zel ya\u015fam\u0131, \u00e7arp\u0131k ili\u015fkileri, ya\u015fad\u0131klar\u0131 skandallar, ger\u00e7e\u011fe yak\u0131n kurgularla ve i\u00e7 i\u00e7e ge\u00e7mi\u015f zaman-mekan anlat\u0131mlar\u0131yla seyircilere aktar\u0131lm\u0131\u015ft\u0131r. Sanat\u0131n merkeze al\u0131narak, d\u00fc\u015fsel ger\u00e7ekli\u011fin benzersiz bir \u00fcslupla harmanland\u0131\u011f\u0131 bu d\u00f6rt \u00f6nemli sanat filmi, d\u00fcnyada iz b\u0131rakm\u0131\u015f \u015fahsiyetlerin k\u00fc\u00e7\u00fck bir [&hellip;]<\/p>\n","protected":false},"author":14,"featured_media":20816,"comment_status":"closed","ping_status":"open","sticky":false,"template":"","format":"standard","meta":{"jnews-multi-image_gallery":[],"jnews_single_post":{"subtitle":"","format":"standard","video":"","gallery":"","source_name":"","source_url":"","via_name":"","via_url":"","override_template":"0","override":[{"template":"1","single_blog_custom":"","parallax":"1","fullscreen":"1","layout":"double-sidebar","sidebar":"single-left","second_sidebar":"default-sidebar","sticky_sidebar":"1","share_position":"top","share_float_style":"share-monocrhome","show_share_counter":"1","show_view_counter":"1","show_featured":"1","show_post_meta":"1","show_post_author":"1","show_post_author_image":"1","show_post_date":"1","post_date_format":"default","post_date_format_custom":"Y\/m\/d","show_post_category":"1","show_post_reading_time":"0","post_reading_time_wpm":"300","show_zoom_button":"0","zoom_button_out_step":"2","zoom_button_in_step":"3","show_post_tag":"1","show_prev_next_post":"1","show_popup_post":"1","number_popup_post":"1","show_author_box":"0","show_post_related":"0","show_inline_post_related":"1"}],"override_image_size":"0","image_override":[{"single_post_thumbnail_size":"crop-500","single_post_gallery_size":"crop-500"}],"trending_post":"0","trending_post_position":"meta","trending_post_label":"Trending","sponsored_post":"0","sponsored_post_label":"Sponsored by","sponsored_post_name":"","sponsored_post_url":"","sponsored_post_logo_enable":"0","sponsored_post_logo":"","sponsored_post_desc":"","disable_ad":"0"},"jnews_primary_category":{"id":"","hide":""},"jnews_social_meta":{"fb_title":"","fb_description":"","fb_image":"","twitter_title":"","twitter_description":"","twitter_image":""},"jnews_override_counter":{"override_view_counter":"0","view_counter_number":"0","override_share_counter":"0","share_counter_number":"0","override_like_counter":"0","like_counter_number":"0","override_dislike_counter":"0","dislike_counter_number":"0"},"footnotes":""},"categories":[30,2085],"tags":[2638,2636,2635,2633,2634,2637],"class_list":["post-20688","post","type-post","status-publish","format-standard","has-post-thumbnail","hentry","category-kultur-sanat","category-manset-haber","tag-cezanne-ve-ben","tag-goyanin-hayaletleri","tag-klimt","tag-kultur-sanat-filmleri","tag-kultur-sanatta-kult-filmler","tag-pariste-gece-yarisi"],"_links":{"self":[{"href":"https:\/\/iletim.istanbul.edu.tr\/index.php\/wp-json\/wp\/v2\/posts\/20688","targetHints":{"allow":["GET"]}}],"collection":[{"href":"https:\/\/iletim.istanbul.edu.tr\/index.php\/wp-json\/wp\/v2\/posts"}],"about":[{"href":"https:\/\/iletim.istanbul.edu.tr\/index.php\/wp-json\/wp\/v2\/types\/post"}],"author":[{"embeddable":true,"href":"https:\/\/iletim.istanbul.edu.tr\/index.php\/wp-json\/wp\/v2\/users\/14"}],"replies":[{"embeddable":true,"href":"https:\/\/iletim.istanbul.edu.tr\/index.php\/wp-json\/wp\/v2\/comments?post=20688"}],"version-history":[{"count":0,"href":"https:\/\/iletim.istanbul.edu.tr\/index.php\/wp-json\/wp\/v2\/posts\/20688\/revisions"}],"wp:featuredmedia":[{"embeddable":true,"href":"https:\/\/iletim.istanbul.edu.tr\/index.php\/wp-json\/wp\/v2\/media\/20816"}],"wp:attachment":[{"href":"https:\/\/iletim.istanbul.edu.tr\/index.php\/wp-json\/wp\/v2\/media?parent=20688"}],"wp:term":[{"taxonomy":"category","embeddable":true,"href":"https:\/\/iletim.istanbul.edu.tr\/index.php\/wp-json\/wp\/v2\/categories?post=20688"},{"taxonomy":"post_tag","embeddable":true,"href":"https:\/\/iletim.istanbul.edu.tr\/index.php\/wp-json\/wp\/v2\/tags?post=20688"}],"curies":[{"name":"wp","href":"https:\/\/api.w.org\/{rel}","templated":true}]}}