{"id":20710,"date":"2023-05-16T20:42:11","date_gmt":"2023-05-16T17:42:11","guid":{"rendered":"https:\/\/iletim.istanbul.edu.tr\/?p=20710"},"modified":"2023-05-16T22:32:59","modified_gmt":"2023-05-16T19:32:59","slug":"turkiye-cumhuriyetinin-100-yilinda-gelecegin-kadinlarina-ithafen-resim-sergisi-ve-panel-duzenlendi","status":"publish","type":"post","link":"https:\/\/iletim.istanbul.edu.tr\/index.php\/2023\/05\/16\/turkiye-cumhuriyetinin-100-yilinda-gelecegin-kadinlarina-ithafen-resim-sergisi-ve-panel-duzenlendi\/","title":{"rendered":"T\u00fcrkiye Cumhuriyeti\u2019nin 100. Y\u0131l\u0131nda Gelece\u011fin Kad\u0131nlar\u0131na \u0130thafen Resim Sergisi ve Panel D\u00fczenlendi"},"content":{"rendered":"\n<p><strong><em>Haber: Muammer Divarc\u0131<\/em><\/strong><\/p>\n\n\n\n<p><strong><em>\u0130stanbul \u00dcniversitesi Haber Merkezi<\/em><\/strong><\/p>\n\n\n\n<p><strong><em>\u0130stanbul \u00dcniversitesi (\u0130\u00dc) Kad\u0131n \u00c7al\u0131\u015fmalar\u0131 Uygulama ve Ara\u015ft\u0131rma Merkezi ve Edebiyat Fak\u00fcltesi i\u015f birli\u011fiyle d\u00fczenlenen, ressam Fazilet Kendirci imzas\u0131 ta\u015f\u0131yan \u201cCyclone &amp; Anticyclone\u201d isimli resim sergisinin a\u00e7\u0131l\u0131\u015f\u0131, 16 May\u0131s&#8217;ta \u0130\u00dc Edebiyat Fak\u00fcltesi \u015eeref Hol\u00fc&#8217;nde ger\u00e7ekle\u015ftirildi. S\u00f6z konusu serginin ard\u0131ndan Kad\u0131n \u00c7al\u0131\u015fmalar\u0131 Uygulama ve Ara\u015ft\u0131rma Merkezi M\u00fcd\u00fcr\u00fc, akademisyen Do\u00e7. Dr. Mehtap Demir G\u00fcven&#8217;in moderat\u00f6rl\u00fc\u011f\u00fcnde yap\u0131lan \u201cSanatta ve Bilimde Kad\u0131n\u201d ba\u015fl\u0131kl\u0131 panelde ise akademisyen Prof. Dr. Esra Ekmek\u00e7i, akademisyen ve ressam Prof. Dr. H\u00fcsamettin Ko\u00e7an ile yazar ve sanat ele\u015ftirmeni Beral Madra konu\u015fmac\u0131 olarak yer ald\u0131.<\/em><\/strong><\/p>\n\n\n\n<p>\u201cCyclone &amp; Anticyclone\u201d isimli resim serginin a\u00e7\u0131l\u0131\u015f\u0131 ve &#8220;Sanatta ve Bilimde Kad\u0131n&#8221; paneli, \u0130\u00dc Edebiyat Fak\u00fcltesi&#8217;nde ger\u00e7ekle\u015ftirildi. Serginin a\u00e7\u0131l\u0131\u015f konu\u015fmas\u0131n\u0131 yapan Do\u00e7. Dr. Mehtap Demir G\u00fcven, misafirlere kat\u0131l\u0131mlar\u0131ndan dolay\u0131 te\u015fekk\u00fcr ederek, serginin 15 Haziran\u2019a kadar Edebiyat Fak\u00fcltesi \u015eeref Hol\u00fc&#8217;nde  ziyaret edilebilece\u011fini belirtti.<\/p>\n\n\n<div class=\"wp-block-image\">\n<figure class=\"aligncenter size-large is-resized\"><img decoding=\"async\" src=\"https:\/\/iletim.istanbul.edu.tr\/wp-content\/uploads\/IMG-20230516-WA0006-1024x576.jpg\" alt=\"\" class=\"wp-image-20719\" width=\"768\" height=\"432\" srcset=\"https:\/\/iletim.istanbul.edu.tr\/wp-content\/uploads\/IMG-20230516-WA0006-1024x576.jpg 1024w, https:\/\/iletim.istanbul.edu.tr\/wp-content\/uploads\/IMG-20230516-WA0006-300x169.jpg 300w, https:\/\/iletim.istanbul.edu.tr\/wp-content\/uploads\/IMG-20230516-WA0006-768x432.jpg 768w, https:\/\/iletim.istanbul.edu.tr\/wp-content\/uploads\/IMG-20230516-WA0006-1536x864.jpg 1536w, https:\/\/iletim.istanbul.edu.tr\/wp-content\/uploads\/IMG-20230516-WA0006-750x422.jpg 750w, https:\/\/iletim.istanbul.edu.tr\/wp-content\/uploads\/IMG-20230516-WA0006-1140x641.jpg 1140w, https:\/\/iletim.istanbul.edu.tr\/wp-content\/uploads\/IMG-20230516-WA0006.jpg 1600w\" sizes=\"(max-width: 768px) 100vw, 768px\" \/><figcaption class=\"wp-element-caption\">Do\u00e7. Dr. Mehtap Demir G\u00fcven<\/figcaption><\/figure><\/div>\n\n\n<p>Do\u00e7. Dr. Demir G\u00fcven\u2019in ard\u0131ndan s\u00f6z alan ressam Fazilet Kendirci, be\u015f y\u0131ll\u0131k bir \u00e7al\u0131\u015fma sonunda tamamlad\u0131\u011f\u0131 ve T\u00fcrkiye Cumhuriyeti\u2019nin 100. y\u0131l\u0131nda gelece\u011fin kad\u0131nlar\u0131na ithaf etti\u011fi \u201cCyclone &amp; Anticyclone\u201d isimli eserinde, 370-1945 y\u0131llar\u0131 aras\u0131nda m\u00fccadele ederek ya\u015fam\u0131\u015f; bilim, sanat ve hukukta u\u011fra\u015f vermi\u015f 24 \u00f6zel kad\u0131na yer verdi\u011fini s\u00f6yledi. Kad\u0131n ve k\u0131z \u00e7ocuklar\u0131n\u0131n g\u00f6rd\u00fc\u011f\u00fc \u015fiddete dikkati \u00e7eken Kendirci, \u201c2023 y\u0131l\u0131nda hala uykular\u0131m\u0131z\u0131 ka\u00e7\u0131racak kadar rahats\u0131z oldu\u011fumuz kad\u0131n ve k\u0131z \u00e7ocu\u011fu k\u0131y\u0131mlar\u0131 umar\u0131m bir an \u00f6nce son bulur. Elimizden ne geliyorsa onun yapmakla y\u00fck\u00fcml\u00fcy\u00fcz. Bir kad\u0131n aya\u011fa kalkt\u0131\u011f\u0131 zaman d\u00fcnyadaki b\u00fct\u00fcn kad\u0131nlar i\u00e7in aya\u011fa kalkar\u201d ifadelerini kulland\u0131.<\/p>\n\n\n<div class=\"wp-block-image\">\n<figure class=\"aligncenter size-large is-resized\"><img decoding=\"async\" src=\"https:\/\/iletim.istanbul.edu.tr\/wp-content\/uploads\/IMG-20230516-WA0003-1024x576.jpg\" alt=\"\" class=\"wp-image-20722\" width=\"768\" height=\"432\" srcset=\"https:\/\/iletim.istanbul.edu.tr\/wp-content\/uploads\/IMG-20230516-WA0003-1024x576.jpg 1024w, https:\/\/iletim.istanbul.edu.tr\/wp-content\/uploads\/IMG-20230516-WA0003-300x169.jpg 300w, https:\/\/iletim.istanbul.edu.tr\/wp-content\/uploads\/IMG-20230516-WA0003-768x432.jpg 768w, https:\/\/iletim.istanbul.edu.tr\/wp-content\/uploads\/IMG-20230516-WA0003-1536x864.jpg 1536w, https:\/\/iletim.istanbul.edu.tr\/wp-content\/uploads\/IMG-20230516-WA0003-750x422.jpg 750w, https:\/\/iletim.istanbul.edu.tr\/wp-content\/uploads\/IMG-20230516-WA0003-1140x641.jpg 1140w, https:\/\/iletim.istanbul.edu.tr\/wp-content\/uploads\/IMG-20230516-WA0003.jpg 1600w\" sizes=\"(max-width: 768px) 100vw, 768px\" \/><figcaption class=\"wp-element-caption\">Fazilet Kendirci<\/figcaption><\/figure><\/div>\n\n\n<p>Sergi a\u00e7\u0131l\u0131\u015f\u0131ndan sonra yap\u0131lan \u201cSanatta ve Bilimde Kad\u0131n\u201d ba\u015fl\u0131kl\u0131 panel, Fazilet Kendirci ve konu\u015fmac\u0131lara te\u015fekk\u00fcr belgesi verilmesiyle sona erdi.<\/p>\n\n\n<div class=\"wp-block-image\">\n<figure class=\"aligncenter size-large is-resized\"><img decoding=\"async\" src=\"https:\/\/iletim.istanbul.edu.tr\/wp-content\/uploads\/IMG-20230516-WA0002-1024x576.jpg\" alt=\"\" class=\"wp-image-20727\" width=\"768\" height=\"432\" srcset=\"https:\/\/iletim.istanbul.edu.tr\/wp-content\/uploads\/IMG-20230516-WA0002-1024x576.jpg 1024w, https:\/\/iletim.istanbul.edu.tr\/wp-content\/uploads\/IMG-20230516-WA0002-300x169.jpg 300w, https:\/\/iletim.istanbul.edu.tr\/wp-content\/uploads\/IMG-20230516-WA0002-768x432.jpg 768w, https:\/\/iletim.istanbul.edu.tr\/wp-content\/uploads\/IMG-20230516-WA0002-1536x864.jpg 1536w, https:\/\/iletim.istanbul.edu.tr\/wp-content\/uploads\/IMG-20230516-WA0002-750x422.jpg 750w, https:\/\/iletim.istanbul.edu.tr\/wp-content\/uploads\/IMG-20230516-WA0002-1140x641.jpg 1140w, https:\/\/iletim.istanbul.edu.tr\/wp-content\/uploads\/IMG-20230516-WA0002.jpg 1600w\" sizes=\"(max-width: 768px) 100vw, 768px\" \/><\/figure><\/div>","protected":false},"excerpt":{"rendered":"<p>Haber: Muammer Divarc\u0131 \u0130stanbul \u00dcniversitesi Haber Merkezi \u0130stanbul \u00dcniversitesi (\u0130\u00dc) Kad\u0131n \u00c7al\u0131\u015fmalar\u0131 Uygulama ve Ara\u015ft\u0131rma Merkezi ve Edebiyat Fak\u00fcltesi i\u015f birli\u011fiyle d\u00fczenlenen, ressam Fazilet Kendirci imzas\u0131 ta\u015f\u0131yan \u201cCyclone &amp; Anticyclone\u201d isimli resim sergisinin a\u00e7\u0131l\u0131\u015f\u0131, 16 May\u0131s&#8217;ta \u0130\u00dc Edebiyat Fak\u00fcltesi \u015eeref Hol\u00fc&#8217;nde ger\u00e7ekle\u015ftirildi. S\u00f6z konusu serginin ard\u0131ndan Kad\u0131n \u00c7al\u0131\u015fmalar\u0131 Uygulama ve Ara\u015ft\u0131rma Merkezi M\u00fcd\u00fcr\u00fc, akademisyen Do\u00e7. [&hellip;]<\/p>\n","protected":false},"author":14,"featured_media":20717,"comment_status":"closed","ping_status":"open","sticky":false,"template":"","format":"standard","meta":{"jnews-multi-image_gallery":[],"jnews_single_post":{"subtitle":"","format":"standard","video":"","gallery":"","source_name":"","source_url":"","via_name":"","via_url":"","override_template":"0","override":[{"template":"1","single_blog_custom":"","parallax":"1","fullscreen":"1","layout":"double-sidebar","sidebar":"single-left","second_sidebar":"default-sidebar","sticky_sidebar":"1","share_position":"top","share_float_style":"share-monocrhome","show_share_counter":"1","show_view_counter":"1","show_featured":"1","show_post_meta":"1","show_post_author":"1","show_post_author_image":"1","show_post_date":"1","post_date_format":"default","post_date_format_custom":"Y\/m\/d","show_post_category":"1","show_post_reading_time":"0","post_reading_time_wpm":"300","show_zoom_button":"0","zoom_button_out_step":"2","zoom_button_in_step":"3","show_post_tag":"1","show_prev_next_post":"1","show_popup_post":"1","number_popup_post":"1","show_author_box":"0","show_post_related":"0","show_inline_post_related":"1"}],"override_image_size":"0","image_override":[{"single_post_thumbnail_size":"crop-500","single_post_gallery_size":"crop-500"}],"trending_post":"0","trending_post_position":"meta","trending_post_label":"Trending","sponsored_post":"0","sponsored_post_label":"Sponsored by","sponsored_post_name":"","sponsored_post_url":"","sponsored_post_logo_enable":"0","sponsored_post_logo":"","sponsored_post_desc":"","disable_ad":"0"},"jnews_primary_category":{"id":"","hide":""},"jnews_social_meta":{"fb_title":"","fb_description":"","fb_image":"","twitter_title":"","twitter_description":"","twitter_image":""},"jnews_override_counter":{"override_view_counter":"0","view_counter_number":"0","override_share_counter":"0","share_counter_number":"0","override_like_counter":"0","like_counter_number":"0","override_dislike_counter":"0","dislike_counter_number":"0"},"footnotes":""},"categories":[34,30,2085],"tags":[2609,2612,2611],"class_list":["post-20710","post","type-post","status-publish","format-standard","has-post-thumbnail","hentry","category-universite","category-kultur-sanat","category-manset-haber","tag-cyclone-anticyclone-sergisi","tag-iu-kadin-calismalari-uygulama-ve-arastirma-merkezi","tag-sanatta-ve-bilimde-kadin-paneli"],"_links":{"self":[{"href":"https:\/\/iletim.istanbul.edu.tr\/index.php\/wp-json\/wp\/v2\/posts\/20710","targetHints":{"allow":["GET"]}}],"collection":[{"href":"https:\/\/iletim.istanbul.edu.tr\/index.php\/wp-json\/wp\/v2\/posts"}],"about":[{"href":"https:\/\/iletim.istanbul.edu.tr\/index.php\/wp-json\/wp\/v2\/types\/post"}],"author":[{"embeddable":true,"href":"https:\/\/iletim.istanbul.edu.tr\/index.php\/wp-json\/wp\/v2\/users\/14"}],"replies":[{"embeddable":true,"href":"https:\/\/iletim.istanbul.edu.tr\/index.php\/wp-json\/wp\/v2\/comments?post=20710"}],"version-history":[{"count":0,"href":"https:\/\/iletim.istanbul.edu.tr\/index.php\/wp-json\/wp\/v2\/posts\/20710\/revisions"}],"wp:featuredmedia":[{"embeddable":true,"href":"https:\/\/iletim.istanbul.edu.tr\/index.php\/wp-json\/wp\/v2\/media\/20717"}],"wp:attachment":[{"href":"https:\/\/iletim.istanbul.edu.tr\/index.php\/wp-json\/wp\/v2\/media?parent=20710"}],"wp:term":[{"taxonomy":"category","embeddable":true,"href":"https:\/\/iletim.istanbul.edu.tr\/index.php\/wp-json\/wp\/v2\/categories?post=20710"},{"taxonomy":"post_tag","embeddable":true,"href":"https:\/\/iletim.istanbul.edu.tr\/index.php\/wp-json\/wp\/v2\/tags?post=20710"}],"curies":[{"name":"wp","href":"https:\/\/api.w.org\/{rel}","templated":true}]}}