{"id":20753,"date":"2023-05-19T17:17:38","date_gmt":"2023-05-19T14:17:38","guid":{"rendered":"https:\/\/iletim.istanbul.edu.tr\/?p=20753"},"modified":"2023-05-19T17:17:39","modified_gmt":"2023-05-19T14:17:39","slug":"iu-ridvan-celikel-arkeoloji-muzesinde-karakalem-sergisi-acildi","status":"publish","type":"post","link":"https:\/\/iletim.istanbul.edu.tr\/index.php\/2023\/05\/19\/iu-ridvan-celikel-arkeoloji-muzesinde-karakalem-sergisi-acildi\/","title":{"rendered":"\u0130\u00dc R\u0131dvan \u00c7elikel Arkeoloji M\u00fczesi&#8217;nde Karakalem Sergisi A\u00e7\u0131ld\u0131"},"content":{"rendered":"\n<p><strong><em>Haber: Raziye Sayaslan<\/em><\/strong><\/p>\n\n\n\n<p><strong><em>\u0130stanbul \u00dcniversitesi Haber Merkezi<\/em><\/strong><\/p>\n\n\n\n<p><strong><em>\u0130stanbul \u00dcniversitesi (\u0130\u00dc) R\u0131dvan \u00c7elikel Arkeoloji M\u00fczesi, y\u0131l boyunca ziyaret\u00e7ilerin kat\u0131l\u0131mlar\u0131yla olu\u015fturulan karakalem sergisini sanatseverlerle bulu\u015fturdu. Sergi, 31 May\u0131s&#8217;a kadar ziyaret\u00e7ilerini a\u011f\u0131rlamaya devam edecek.<\/em><\/strong><\/p>\n\n\n\n<p>Arkeoloji M\u00fczesi taraf\u0131ndan d\u00fczenlenen, m\u00fcze ziyaret\u00e7ilerinin y\u0131l boyunca etkile\u015fimli kat\u0131l\u0131mlar\u0131yla olu\u015fturdu\u011fu ve farkl\u0131 arkeik temalar\u0131 i\u015fleyen karakalem resim sergisi, 18-24 May\u0131s M\u00fczeler Haftas\u0131 ba\u011flam\u0131nda ziyaret\u00e7ilere kap\u0131lar\u0131n\u0131 a\u00e7t\u0131. <\/p>\n\n\n<div class=\"wp-block-image\">\n<figure class=\"aligncenter size-large is-resized\"><img decoding=\"async\" src=\"https:\/\/iletim.istanbul.edu.tr\/wp-content\/uploads\/WhatsApp-Image-2023-05-18-at-14.20.44-1-1024x680.jpeg\" alt=\"\" class=\"wp-image-20754\" width=\"768\" height=\"510\" srcset=\"https:\/\/iletim.istanbul.edu.tr\/wp-content\/uploads\/WhatsApp-Image-2023-05-18-at-14.20.44-1-1024x680.jpeg 1024w, https:\/\/iletim.istanbul.edu.tr\/wp-content\/uploads\/WhatsApp-Image-2023-05-18-at-14.20.44-1-300x199.jpeg 300w, https:\/\/iletim.istanbul.edu.tr\/wp-content\/uploads\/WhatsApp-Image-2023-05-18-at-14.20.44-1-768x510.jpeg 768w, https:\/\/iletim.istanbul.edu.tr\/wp-content\/uploads\/WhatsApp-Image-2023-05-18-at-14.20.44-1-1536x1020.jpeg 1536w, https:\/\/iletim.istanbul.edu.tr\/wp-content\/uploads\/WhatsApp-Image-2023-05-18-at-14.20.44-1-750x498.jpeg 750w, https:\/\/iletim.istanbul.edu.tr\/wp-content\/uploads\/WhatsApp-Image-2023-05-18-at-14.20.44-1-1140x757.jpeg 1140w, https:\/\/iletim.istanbul.edu.tr\/wp-content\/uploads\/WhatsApp-Image-2023-05-18-at-14.20.44-1.jpeg 2048w\" sizes=\"(max-width: 768px) 100vw, 768px\" \/><\/figure><\/div>\n\n\n<p><\/p>\n\n\n\n<p>Sergide, Ocak-Mart ay\u0131 aras\u0131nda m\u00fczede d\u00fczenlenen \u00e7izim etkinliklerinde arkeoloji \u00fczerine yap\u0131lan karakalem \u00e7al\u0131\u015fmalar\u0131 bulunuyor. Ziyaret\u00e7ilerin g\u00f6n\u00fcll\u00fc kat\u0131l\u0131mlar\u0131yla olu\u015fan sergi, m\u00fczenin \u00e7e\u015fitli noktalar\u0131na yerle\u015ftirilen \u015f\u00f6valeler arac\u0131l\u0131\u011f\u0131yla karakalem \u00e7al\u0131\u015fmalar\u0131na \u00f6nayak oldu. 31 May\u0131s&#8217;a kadar s\u00fcrecek olan sergi, \u0130\u00dc R\u0131dvan \u00c7elikel Arkeoloji M\u00fczesi&#8217;nde sanatseverleri bekliyor.<\/p>\n\n\n<div class=\"wp-block-image\">\n<figure class=\"aligncenter size-large\"><img decoding=\"async\" width=\"680\" height=\"1024\" src=\"https:\/\/iletim.istanbul.edu.tr\/wp-content\/uploads\/WhatsApp-Image-2023-05-18-at-14.20.44-2-680x1024.jpeg\" alt=\"\" class=\"wp-image-20755\" srcset=\"https:\/\/iletim.istanbul.edu.tr\/wp-content\/uploads\/WhatsApp-Image-2023-05-18-at-14.20.44-2-680x1024.jpeg 680w, https:\/\/iletim.istanbul.edu.tr\/wp-content\/uploads\/WhatsApp-Image-2023-05-18-at-14.20.44-2-199x300.jpeg 199w, https:\/\/iletim.istanbul.edu.tr\/wp-content\/uploads\/WhatsApp-Image-2023-05-18-at-14.20.44-2-768x1157.jpeg 768w, https:\/\/iletim.istanbul.edu.tr\/wp-content\/uploads\/WhatsApp-Image-2023-05-18-at-14.20.44-2-1020x1536.jpeg 1020w, https:\/\/iletim.istanbul.edu.tr\/wp-content\/uploads\/WhatsApp-Image-2023-05-18-at-14.20.44-2-750x1129.jpeg 750w, https:\/\/iletim.istanbul.edu.tr\/wp-content\/uploads\/WhatsApp-Image-2023-05-18-at-14.20.44-2-1140x1717.jpeg 1140w, https:\/\/iletim.istanbul.edu.tr\/wp-content\/uploads\/WhatsApp-Image-2023-05-18-at-14.20.44-2.jpeg 1360w\" sizes=\"(max-width: 680px) 100vw, 680px\" \/><\/figure><\/div>","protected":false},"excerpt":{"rendered":"<p>Haber: Raziye Sayaslan \u0130stanbul \u00dcniversitesi Haber Merkezi \u0130stanbul \u00dcniversitesi (\u0130\u00dc) R\u0131dvan \u00c7elikel Arkeoloji M\u00fczesi, y\u0131l boyunca ziyaret\u00e7ilerin kat\u0131l\u0131mlar\u0131yla olu\u015fturulan karakalem sergisini sanatseverlerle bulu\u015fturdu. Sergi, 31 May\u0131s&#8217;a kadar ziyaret\u00e7ilerini a\u011f\u0131rlamaya devam edecek. Arkeoloji M\u00fczesi taraf\u0131ndan d\u00fczenlenen, m\u00fcze ziyaret\u00e7ilerinin y\u0131l boyunca etkile\u015fimli kat\u0131l\u0131mlar\u0131yla olu\u015fturdu\u011fu ve farkl\u0131 arkeik temalar\u0131 i\u015fleyen karakalem resim sergisi, 18-24 May\u0131s M\u00fczeler Haftas\u0131 ba\u011flam\u0131nda [&hellip;]<\/p>\n","protected":false},"author":14,"featured_media":20756,"comment_status":"closed","ping_status":"open","sticky":false,"template":"","format":"standard","meta":{"jnews-multi-image_gallery":[],"jnews_single_post":{"subtitle":"","format":"standard","video":"","gallery":"","source_name":"","source_url":"","via_name":"","via_url":"","override_template":"0","override":[{"template":"1","single_blog_custom":"","parallax":"1","fullscreen":"1","layout":"double-sidebar","sidebar":"single-left","second_sidebar":"default-sidebar","sticky_sidebar":"1","share_position":"top","share_float_style":"share-monocrhome","show_share_counter":"1","show_view_counter":"1","show_featured":"1","show_post_meta":"1","show_post_author":"1","show_post_author_image":"1","show_post_date":"1","post_date_format":"default","post_date_format_custom":"Y\/m\/d","show_post_category":"1","show_post_reading_time":"0","post_reading_time_wpm":"300","show_zoom_button":"0","zoom_button_out_step":"2","zoom_button_in_step":"3","show_post_tag":"1","show_prev_next_post":"1","show_popup_post":"1","number_popup_post":"1","show_author_box":"0","show_post_related":"0","show_inline_post_related":"1"}],"override_image_size":"0","image_override":[{"single_post_thumbnail_size":"crop-500","single_post_gallery_size":"crop-500"}],"trending_post":"0","trending_post_position":"meta","trending_post_label":"Trending","sponsored_post":"0","sponsored_post_label":"Sponsored by","sponsored_post_name":"","sponsored_post_url":"","sponsored_post_logo_enable":"0","sponsored_post_logo":"","sponsored_post_desc":"","disable_ad":"0"},"jnews_primary_category":{"id":"","hide":""},"jnews_social_meta":{"fb_title":"","fb_description":"","fb_image":"","twitter_title":"","twitter_description":"","twitter_image":""},"jnews_override_counter":{"override_view_counter":"0","view_counter_number":"0","override_share_counter":"0","share_counter_number":"0","override_like_counter":"0","like_counter_number":"0","override_dislike_counter":"0","dislike_counter_number":"0"},"footnotes":""},"categories":[34,30,2085],"tags":[43,2618,1138,2617],"class_list":["post-20753","post","type-post","status-publish","format-standard","has-post-thumbnail","hentry","category-universite","category-kultur-sanat","category-manset-haber","tag-istanbul-universitesi","tag-karakalem","tag-ridvan-celikel-arkeoloji-muzesi","tag-sergi-2"],"_links":{"self":[{"href":"https:\/\/iletim.istanbul.edu.tr\/index.php\/wp-json\/wp\/v2\/posts\/20753","targetHints":{"allow":["GET"]}}],"collection":[{"href":"https:\/\/iletim.istanbul.edu.tr\/index.php\/wp-json\/wp\/v2\/posts"}],"about":[{"href":"https:\/\/iletim.istanbul.edu.tr\/index.php\/wp-json\/wp\/v2\/types\/post"}],"author":[{"embeddable":true,"href":"https:\/\/iletim.istanbul.edu.tr\/index.php\/wp-json\/wp\/v2\/users\/14"}],"replies":[{"embeddable":true,"href":"https:\/\/iletim.istanbul.edu.tr\/index.php\/wp-json\/wp\/v2\/comments?post=20753"}],"version-history":[{"count":0,"href":"https:\/\/iletim.istanbul.edu.tr\/index.php\/wp-json\/wp\/v2\/posts\/20753\/revisions"}],"wp:featuredmedia":[{"embeddable":true,"href":"https:\/\/iletim.istanbul.edu.tr\/index.php\/wp-json\/wp\/v2\/media\/20756"}],"wp:attachment":[{"href":"https:\/\/iletim.istanbul.edu.tr\/index.php\/wp-json\/wp\/v2\/media?parent=20753"}],"wp:term":[{"taxonomy":"category","embeddable":true,"href":"https:\/\/iletim.istanbul.edu.tr\/index.php\/wp-json\/wp\/v2\/categories?post=20753"},{"taxonomy":"post_tag","embeddable":true,"href":"https:\/\/iletim.istanbul.edu.tr\/index.php\/wp-json\/wp\/v2\/tags?post=20753"}],"curies":[{"name":"wp","href":"https:\/\/api.w.org\/{rel}","templated":true}]}}