{"id":20781,"date":"2023-05-25T12:15:44","date_gmt":"2023-05-25T09:15:44","guid":{"rendered":"https:\/\/iletim.istanbul.edu.tr\/?p=20781"},"modified":"2023-05-25T12:22:55","modified_gmt":"2023-05-25T09:22:55","slug":"iu-girisimcilik-kulubu-minik-kalplere-dokundu","status":"publish","type":"post","link":"https:\/\/iletim.istanbul.edu.tr\/index.php\/2023\/05\/25\/iu-girisimcilik-kulubu-minik-kalplere-dokundu\/","title":{"rendered":"<strong>\u0130\u00dc Giri\u015fimcilik Kul\u00fcb\u00fc Minik Kalplere Dokundu<\/strong>"},"content":{"rendered":"\n<p><strong><em>Haber: \u00dcmran Y\u0131lmaz<\/em><\/strong><\/p>\n\n\n\n<p><strong><em>\u0130stanbul \u00dcniversitesi Haber Merkezi<\/em><\/strong><\/p>\n\n\n\n<p><strong><em>\u0130stanbul \u00dcniversitesi (\u0130\u00dc) Giri\u015fimcilik Kul\u00fcb\u00fc \u00f6\u011frencileri, Edirne Lalapa\u015fa&#8217;da\u00a0bulunan Hac\u0131dani\u015fment \u0130lk\u00f6\u011fretim ve Orta\u00f6\u011fretim Okulu \u00f6\u011frencileri i\u00e7in kitap toplama kampanyas\u0131 d\u00fczenledi.<\/em><\/strong><\/p>\n\n\n\n<p>\u0130\u00dc Giri\u015fimcilik Kul\u00fcb\u00fc, ger\u00e7ekle\u015ftirdi\u011fi kitap toplama kampanyas\u0131yla Edirne\u2019deki bir\u00e7ok mini\u011fin kalbine dokundu. Giri\u015fimcilik Kul\u00fcb\u00fc \u00fcyeleri 22 May\u0131s\u2019ta Edirne\u2019ye bizzat giderek, toplad\u0131klar\u0131 3 bin kitab\u0131 Hac\u0131dani\u015fment \u0130lk\u00f6\u011fretim ve Orta\u00f6\u011fretim Okulu \u00f6\u011frencilerine teslim etti. K\u00f6y okulundaki k\u00fct\u00fcphane a\u00e7\u0131l\u0131\u015f\u0131na \u0130l\u00e7e Kaymakam\u0131 \u00d6mer Bulut ve \u0130l\u00e7e Milli E\u011fitim M\u00fcd\u00fcr\u00fc U\u011fur Ate\u015fli de kat\u0131ld\u0131.<br><br>Projenin ger\u00e7ekle\u015ftirmesinde eme\u011fi ge\u00e7en Okul M\u00fcd\u00fcr\u00fc Ay\u015fenur D\u00fczova ve \u00f6\u011frencileri ile Giri\u015fimcilik Kul\u00fcb\u00fc \u00fcyeleri k\u00fct\u00fcphane a\u00e7\u0131l\u0131\u015f\u0131n\u0131n ard\u0131ndan okul bah\u00e7esinde \u00e7e\u015fitli oyunlar oynayarak e\u011flenceli dakikalar ge\u00e7irdi. \u0130l\u00e7e Kaymakam\u0131 \u00d6mer Bulut, \u0130\u00dc Giri\u015fimcilik Kul\u00fcb\u00fc \u00f6\u011frencileriyle \u00f6zel olarak ilgilenerek \u00f6\u011frencilere Lalapa\u015fa \u0130l\u00e7e Halk K\u00fct\u00fcphanesi&#8217;ni tan\u0131tt\u0131. Kaymakam Bulut, \u201c\u0130\u00e7erisinde \u00f6\u011frencileri sosyal y\u00f6nden destekleyecek bir\u00e7ok alan bulunan k\u00fct\u00fcphaneden, il\u00e7e halk\u0131ndan \u00f6\u011frenciler ve kad\u0131nlar a\u011f\u0131rl\u0131kl\u0131 olarak yararlanarak ki\u015fisel geli\u015fimlerine katk\u0131da bulunuyorlar. Bizim buradaki amac\u0131m\u0131z, ta\u015frada ya\u015fayan \u00f6\u011frencilerimizin \u00fcniversiteyi kazan\u0131p b\u00fcy\u00fck\u015fehirlere gittiklerinde sosyal beceriler konusunda\u00a0kendilerini daha yetkin hissedip \u00f6zg\u00fcvenli \u00f6\u011frenciler olarak yeti\u015fmeleridir\u201d ifadelerini kulland\u0131.<\/p>\n\n\n\n<figure class=\"wp-block-gallery has-nested-images columns-default is-cropped wp-block-gallery-1 is-layout-flex wp-block-gallery-is-layout-flex\">\n<figure class=\"wp-block-image size-large\"><img decoding=\"async\" width=\"1024\" height=\"682\" data-id=\"20783\" src=\"https:\/\/iletim.istanbul.edu.tr\/wp-content\/uploads\/DSC_0612-1024x682.jpg\" alt=\"\" class=\"wp-image-20783\" srcset=\"https:\/\/iletim.istanbul.edu.tr\/wp-content\/uploads\/DSC_0612-1024x682.jpg 1024w, https:\/\/iletim.istanbul.edu.tr\/wp-content\/uploads\/DSC_0612-300x200.jpg 300w, https:\/\/iletim.istanbul.edu.tr\/wp-content\/uploads\/DSC_0612-768x512.jpg 768w, https:\/\/iletim.istanbul.edu.tr\/wp-content\/uploads\/DSC_0612-1536x1024.jpg 1536w, https:\/\/iletim.istanbul.edu.tr\/wp-content\/uploads\/DSC_0612-750x500.jpg 750w, https:\/\/iletim.istanbul.edu.tr\/wp-content\/uploads\/DSC_0612-1140x760.jpg 1140w, https:\/\/iletim.istanbul.edu.tr\/wp-content\/uploads\/DSC_0612.jpg 2000w\" sizes=\"(max-width: 1024px) 100vw, 1024px\" \/><\/figure>\n\n\n\n<figure class=\"wp-block-image size-large\"><img decoding=\"async\" width=\"683\" height=\"1024\" data-id=\"20785\" src=\"https:\/\/iletim.istanbul.edu.tr\/wp-content\/uploads\/DSC_0887-683x1024.jpg\" alt=\"\" class=\"wp-image-20785\" srcset=\"https:\/\/iletim.istanbul.edu.tr\/wp-content\/uploads\/DSC_0887-683x1024.jpg 683w, https:\/\/iletim.istanbul.edu.tr\/wp-content\/uploads\/DSC_0887-200x300.jpg 200w, https:\/\/iletim.istanbul.edu.tr\/wp-content\/uploads\/DSC_0887-768x1152.jpg 768w, https:\/\/iletim.istanbul.edu.tr\/wp-content\/uploads\/DSC_0887-1024x1536.jpg 1024w, https:\/\/iletim.istanbul.edu.tr\/wp-content\/uploads\/DSC_0887-1365x2048.jpg 1365w, https:\/\/iletim.istanbul.edu.tr\/wp-content\/uploads\/DSC_0887-750x1125.jpg 750w, https:\/\/iletim.istanbul.edu.tr\/wp-content\/uploads\/DSC_0887-1140x1710.jpg 1140w, https:\/\/iletim.istanbul.edu.tr\/wp-content\/uploads\/DSC_0887-scaled.jpg 1707w\" sizes=\"(max-width: 683px) 100vw, 683px\" \/><\/figure>\n\n\n\n<figure class=\"wp-block-image size-large\"><img decoding=\"async\" width=\"768\" height=\"1024\" data-id=\"20784\" src=\"https:\/\/iletim.istanbul.edu.tr\/wp-content\/uploads\/IMG_5655-768x1024.jpg\" alt=\"\" class=\"wp-image-20784\" srcset=\"https:\/\/iletim.istanbul.edu.tr\/wp-content\/uploads\/IMG_5655-768x1024.jpg 768w, https:\/\/iletim.istanbul.edu.tr\/wp-content\/uploads\/IMG_5655-225x300.jpg 225w, https:\/\/iletim.istanbul.edu.tr\/wp-content\/uploads\/IMG_5655-1152x1536.jpg 1152w, https:\/\/iletim.istanbul.edu.tr\/wp-content\/uploads\/IMG_5655-1536x2048.jpg 1536w, https:\/\/iletim.istanbul.edu.tr\/wp-content\/uploads\/IMG_5655-750x1000.jpg 750w, https:\/\/iletim.istanbul.edu.tr\/wp-content\/uploads\/IMG_5655-1140x1520.jpg 1140w, https:\/\/iletim.istanbul.edu.tr\/wp-content\/uploads\/IMG_5655-scaled.jpg 1920w\" sizes=\"(max-width: 768px) 100vw, 768px\" \/><\/figure>\n\n\n\n<figure class=\"wp-block-image size-large\"><img decoding=\"async\" width=\"1024\" height=\"768\" data-id=\"20786\" src=\"https:\/\/iletim.istanbul.edu.tr\/wp-content\/uploads\/IMG-20230522-WA0019-1024x768.jpg\" alt=\"\" class=\"wp-image-20786\" srcset=\"https:\/\/iletim.istanbul.edu.tr\/wp-content\/uploads\/IMG-20230522-WA0019-1024x768.jpg 1024w, https:\/\/iletim.istanbul.edu.tr\/wp-content\/uploads\/IMG-20230522-WA0019-300x225.jpg 300w, https:\/\/iletim.istanbul.edu.tr\/wp-content\/uploads\/IMG-20230522-WA0019-768x576.jpg 768w, https:\/\/iletim.istanbul.edu.tr\/wp-content\/uploads\/IMG-20230522-WA0019-1536x1152.jpg 1536w, https:\/\/iletim.istanbul.edu.tr\/wp-content\/uploads\/IMG-20230522-WA0019-750x563.jpg 750w, https:\/\/iletim.istanbul.edu.tr\/wp-content\/uploads\/IMG-20230522-WA0019-1140x855.jpg 1140w, https:\/\/iletim.istanbul.edu.tr\/wp-content\/uploads\/IMG-20230522-WA0019.jpg 2000w\" sizes=\"(max-width: 1024px) 100vw, 1024px\" \/><\/figure>\n<\/figure>\n\n\n\n<p><\/p>\n\n\n\n<p>\u0130l\u00e7e Halk K\u00fct\u00fcphanesi gezisinden sonra Kaymakam Bulut, \u0130l\u00e7e Milli E\u011fitim M\u00fcd\u00fcr\u00fc Ate\u015fli ve Okul M\u00fcd\u00fcr\u00fc D\u00fczoava, Giri\u015fimcilik Kul\u00fcb\u00fc \u00f6\u011frencileriyle birlikte Edirne&#8217;nin y\u00f6resel lezzeti olan Edirne Ci\u011fercisi\u2019nde yemek yedi. Yeme\u011fin ard\u0131ndan \u015fehrin tarihi noktalar\u0131 gezildi ve ge\u00e7irilen keyifli dakikalar\u0131n ard\u0131ndan ziyaret sona erdi.<\/p>\n\n\n\n<p><\/p>\n","protected":false},"excerpt":{"rendered":"<p>Haber: \u00dcmran Y\u0131lmaz \u0130stanbul \u00dcniversitesi Haber Merkezi \u0130stanbul \u00dcniversitesi (\u0130\u00dc) Giri\u015fimcilik Kul\u00fcb\u00fc \u00f6\u011frencileri, Edirne Lalapa\u015fa&#8217;da\u00a0bulunan Hac\u0131dani\u015fment \u0130lk\u00f6\u011fretim ve Orta\u00f6\u011fretim Okulu \u00f6\u011frencileri i\u00e7in kitap toplama kampanyas\u0131 d\u00fczenledi. \u0130\u00dc Giri\u015fimcilik Kul\u00fcb\u00fc, ger\u00e7ekle\u015ftirdi\u011fi kitap toplama kampanyas\u0131yla Edirne\u2019deki bir\u00e7ok mini\u011fin kalbine dokundu. Giri\u015fimcilik Kul\u00fcb\u00fc \u00fcyeleri 22 May\u0131s\u2019ta Edirne\u2019ye bizzat giderek, toplad\u0131klar\u0131 3 bin kitab\u0131 Hac\u0131dani\u015fment \u0130lk\u00f6\u011fretim ve Orta\u00f6\u011fretim Okulu [&hellip;]<\/p>\n","protected":false},"author":14,"featured_media":20782,"comment_status":"closed","ping_status":"open","sticky":false,"template":"","format":"standard","meta":{"jnews-multi-image_gallery":[],"jnews_single_post":{"subtitle":"","format":"standard","video":"","gallery":"","source_name":"","source_url":"","via_name":"","via_url":"","override_template":"0","override":[{"template":"1","single_blog_custom":"","parallax":"1","fullscreen":"1","layout":"double-sidebar","sidebar":"single-left","second_sidebar":"default-sidebar","sticky_sidebar":"1","share_position":"top","share_float_style":"share-monocrhome","show_share_counter":"1","show_view_counter":"1","show_featured":"1","show_post_meta":"1","show_post_author":"1","show_post_author_image":"1","show_post_date":"1","post_date_format":"default","post_date_format_custom":"Y\/m\/d","show_post_category":"1","show_post_reading_time":"0","post_reading_time_wpm":"300","show_zoom_button":"0","zoom_button_out_step":"2","zoom_button_in_step":"3","show_post_tag":"1","show_prev_next_post":"1","show_popup_post":"1","number_popup_post":"1","show_author_box":"0","show_post_related":"0","show_inline_post_related":"1"}],"override_image_size":"0","image_override":[{"single_post_thumbnail_size":"crop-500","single_post_gallery_size":"crop-500"}],"trending_post":"0","trending_post_position":"meta","trending_post_label":"Trending","sponsored_post":"0","sponsored_post_label":"Sponsored by","sponsored_post_name":"","sponsored_post_url":"","sponsored_post_logo_enable":"0","sponsored_post_logo":"","sponsored_post_desc":"","disable_ad":"0"},"jnews_primary_category":{"id":"","hide":""},"jnews_social_meta":{"fb_title":"","fb_description":"","fb_image":"","twitter_title":"","twitter_description":"","twitter_image":""},"jnews_override_counter":{"override_view_counter":"0","view_counter_number":"0","override_share_counter":"0","share_counter_number":"0","override_like_counter":"0","like_counter_number":"0","override_dislike_counter":"0","dislike_counter_number":"0"},"footnotes":""},"categories":[25,34,2085],"tags":[2626,859],"class_list":["post-20781","post","type-post","status-publish","format-standard","has-post-thumbnail","hentry","category-egitim","category-universite","category-manset-haber","tag-girisimciilik-kulubu-kitap-kampanyasi","tag-iu-girisimcilik-kulubu"],"_links":{"self":[{"href":"https:\/\/iletim.istanbul.edu.tr\/index.php\/wp-json\/wp\/v2\/posts\/20781","targetHints":{"allow":["GET"]}}],"collection":[{"href":"https:\/\/iletim.istanbul.edu.tr\/index.php\/wp-json\/wp\/v2\/posts"}],"about":[{"href":"https:\/\/iletim.istanbul.edu.tr\/index.php\/wp-json\/wp\/v2\/types\/post"}],"author":[{"embeddable":true,"href":"https:\/\/iletim.istanbul.edu.tr\/index.php\/wp-json\/wp\/v2\/users\/14"}],"replies":[{"embeddable":true,"href":"https:\/\/iletim.istanbul.edu.tr\/index.php\/wp-json\/wp\/v2\/comments?post=20781"}],"version-history":[{"count":0,"href":"https:\/\/iletim.istanbul.edu.tr\/index.php\/wp-json\/wp\/v2\/posts\/20781\/revisions"}],"wp:featuredmedia":[{"embeddable":true,"href":"https:\/\/iletim.istanbul.edu.tr\/index.php\/wp-json\/wp\/v2\/media\/20782"}],"wp:attachment":[{"href":"https:\/\/iletim.istanbul.edu.tr\/index.php\/wp-json\/wp\/v2\/media?parent=20781"}],"wp:term":[{"taxonomy":"category","embeddable":true,"href":"https:\/\/iletim.istanbul.edu.tr\/index.php\/wp-json\/wp\/v2\/categories?post=20781"},{"taxonomy":"post_tag","embeddable":true,"href":"https:\/\/iletim.istanbul.edu.tr\/index.php\/wp-json\/wp\/v2\/tags?post=20781"}],"curies":[{"name":"wp","href":"https:\/\/api.w.org\/{rel}","templated":true}]}}