{"id":20825,"date":"2023-06-05T11:21:57","date_gmt":"2023-06-05T08:21:57","guid":{"rendered":"https:\/\/iletim.istanbul.edu.tr\/?p=20825"},"modified":"2023-06-06T15:04:31","modified_gmt":"2023-06-06T12:04:31","slug":"cologne-journalism-school-ogrencileri-iu-iletisim-fakultesinde","status":"publish","type":"post","link":"https:\/\/iletim.istanbul.edu.tr\/index.php\/2023\/06\/05\/cologne-journalism-school-ogrencileri-iu-iletisim-fakultesinde\/","title":{"rendered":"Cologne Journalism School \u00d6\u011frencileri \u0130\u00dc \u0130leti\u015fim Fak\u00fcltesi\u2019nde"},"content":{"rendered":"\n<p><strong><em>Haber: Raziye Sayaslan<\/em><\/strong><\/p>\n\n\n\n<p><strong><em>\u0130stanbul \u00dcniversitesi Haber Merkezi<\/em><\/strong><\/p>\n\n\n\n<p><strong><em>Almanya Cologne Journalism School \u00f6\u011frencileri, \u0130\u00dc \u0130leti\u015fim Fak\u00fcltesi\u2019ni ziyaret etti. T\u00fcrkiye\u2019de gazetecilik e\u011fitimi ve T\u00fcrk medyas\u0131 ile ilgili merak ettikleri sorular\u0131 \u0130\u00dc Gazetecilik B\u00f6l\u00fcm\u00fc\u2019ne soran gen\u00e7 gazeteci adaylar\u0131, \u0130leti\u015fim Fak\u00fcltesi \u00f6\u011frencileri ve hocalar\u0131 ile bilgi al\u0131\u015fveri\u015finde bulunarak deneyimlerini payla\u015ft\u0131.<\/em><\/strong><\/p>\n\n\n\n<p>T\u00fcrkiye\u2019de gazetecilik e\u011fitiminin yap\u0131s\u0131, e\u011fitim programlar\u0131n\u0131n i\u00e7eri\u011fi ve T\u00fcrk medyas\u0131n\u0131n genel yap\u0131s\u0131 ve i\u015fleyi\u015fi hakk\u0131nda bilgiler almak \u00fczere \u0130leti\u015fim Fak\u00fcltesi\u2019ni ziyaret eden Almanya Cologne Journalism School \u00f6\u011frencileri, \u0130leti\u015fim Fak\u00fcltesi \u00f6\u011fretim elemanlar\u0131 ve \u00f6\u011frencileriyle bir araya geldi<\/p>\n\n\n\n<p>Ger\u00e7ekle\u015ftirilen toplant\u0131da, \u0130leti\u015fim Fak\u00fcltesi\u2019nde ders i\u015fleyi\u015fi, mezun olduktan sonra i\u015f bulma olanaklar\u0131, T\u00fcrkiye\u2019de \u00e7a\u011fda\u015f medyan\u0131n \u00f6nemi \u00fczerine konu\u015fuldu. Ev sahipli\u011fini \u0130leti\u015fim Fak\u00fcltesi Gazetecilik B\u00f6l\u00fcm Ba\u015fkan\u0131 Prof. Dr. Ali Murat Vural\u2019\u0131n yapt\u0131\u011f\u0131 toplant\u0131ya, Gazetecilik B\u00f6l\u00fcm\u00fc\u2019nden Do\u00e7. Dr. Hediye Esra Arcan, Ar\u015f. G\u00f6r. Ye\u015fim Akmeraner, Ar\u015f. G\u00f6r. Kutluay Keskin, Ar\u015f. G\u00f6r. Tansu Akdemir \u0130ris ve Ar\u015f. G\u00f6r Mesut \u0130ris de kat\u0131ld\u0131.<\/p>\n\n\n\n<p>Toplant\u0131da, Do\u00e7. Dr. Hediye Esra Arcan T\u00fcrk medyas\u0131n\u0131n tarihsel s\u00fcreci, genel yap\u0131s\u0131 ve i\u015fleyi\u015fi hakk\u0131nda, Ar\u015f. G\u00f6r. Ye\u015fim Akmeraner ise Gazetecilik B\u00f6l\u00fcm\u00fc\u2019n\u00fcn ders programlar\u0131, uygulama birimleri ve etkinlikleri hakk\u0131nda gen\u00e7 gazetecilere birer sunum yapt\u0131.<\/p>\n\n\n<div class=\"wp-block-image\">\n<figure class=\"aligncenter size-large is-resized\"><img decoding=\"async\" src=\"https:\/\/iletim.istanbul.edu.tr\/wp-content\/uploads\/2-33-1024x498.jpg\" alt=\"\" class=\"wp-image-20827\" width=\"768\" height=\"374\" srcset=\"https:\/\/iletim.istanbul.edu.tr\/wp-content\/uploads\/2-33-1024x498.jpg 1024w, https:\/\/iletim.istanbul.edu.tr\/wp-content\/uploads\/2-33-300x146.jpg 300w, https:\/\/iletim.istanbul.edu.tr\/wp-content\/uploads\/2-33-768x373.jpg 768w, https:\/\/iletim.istanbul.edu.tr\/wp-content\/uploads\/2-33-1536x746.jpg 1536w, https:\/\/iletim.istanbul.edu.tr\/wp-content\/uploads\/2-33-750x365.jpg 750w, https:\/\/iletim.istanbul.edu.tr\/wp-content\/uploads\/2-33-1140x554.jpg 1140w, https:\/\/iletim.istanbul.edu.tr\/wp-content\/uploads\/2-33.jpg 2000w\" sizes=\"(max-width: 768px) 100vw, 768px\" \/><\/figure><\/div>\n\n\n<p><\/p>\n\n\n\n<p>T\u00fcrkiye\u2019de medyan\u0131n konumu, gazetecilik b\u00f6l\u00fcmlerinin i\u015fleyi\u015fi, gazetecili\u011fin meslek yap\u0131s\u0131 hakk\u0131nda bilgilerin payla\u015f\u0131ld\u0131\u011f\u0131 toplant\u0131da, dezenformasyon kavram\u0131, \u00f6zg\u00fcr medya gibi konular hakk\u0131nda g\u00f6r\u00fc\u015f al\u0131\u015fveri\u015finde bulunuldu.<\/p>\n\n\n\n<p>Gazetecilik e\u011fitiminde, \u0130leti\u015fim Fak\u00fcltesi\u2019nde oldu\u011fu gibi Cologne Journalism School\u2019da da prati\u011fe \u00e7ok \u00f6nem verildi\u011fini belirten gen\u00e7 gazeteci adaylar\u0131, \u00fclkelerinde \u00f6ne \u00e7\u0131kan gazetecilik t\u00fcrlerini aktararak, ekonomi gazetecili\u011finin en prestijli gazetecilik t\u00fcrleri aras\u0131nda oldu\u011funu s\u00f6ylediler.<\/p>\n\n\n\n<p>Toplant\u0131n\u0131n ard\u0131ndan, Almanya Cologne Journalism School \u00f6\u011frencileri, \u0130\u00dc Rekt\u00f6rl\u00fck Kamp\u00fcs\u00fc ve Binas\u0131\u2019n\u0131n tan\u0131t\u0131m\u0131na y\u00f6nelik haz\u0131rlanan tura kat\u0131ld\u0131.<\/p>\n\n\n\n<figure class=\"wp-block-embed is-type-video is-provider-youtube wp-block-embed-youtube wp-embed-aspect-16-9 wp-has-aspect-ratio\"><div class=\"wp-block-embed__wrapper\">\n<div class=\"jeg_video_container jeg_video_content\"><iframe loading=\"lazy\" title=\"Cologne Journalism School \u00d6\u011frencileri \u0130\u00dc \u0130leti\u015fim Fak\u00fcltesi\u2019nde\" width=\"500\" height=\"281\" src=\"https:\/\/www.youtube.com\/embed\/qTwxk_FhxUA?feature=oembed\" frameborder=\"0\" allow=\"accelerometer; autoplay; clipboard-write; encrypted-media; gyroscope; picture-in-picture; web-share\" referrerpolicy=\"strict-origin-when-cross-origin\" allowfullscreen><\/iframe><\/div>\n<\/div><\/figure>\n","protected":false},"excerpt":{"rendered":"<p>Haber: Raziye Sayaslan \u0130stanbul \u00dcniversitesi Haber Merkezi Almanya Cologne Journalism School \u00f6\u011frencileri, \u0130\u00dc \u0130leti\u015fim Fak\u00fcltesi\u2019ni ziyaret etti. T\u00fcrkiye\u2019de gazetecilik e\u011fitimi ve T\u00fcrk medyas\u0131 ile ilgili merak ettikleri sorular\u0131 \u0130\u00dc Gazetecilik B\u00f6l\u00fcm\u00fc\u2019ne soran gen\u00e7 gazeteci adaylar\u0131, \u0130leti\u015fim Fak\u00fcltesi \u00f6\u011frencileri ve hocalar\u0131 ile bilgi al\u0131\u015fveri\u015finde bulunarak deneyimlerini payla\u015ft\u0131. T\u00fcrkiye\u2019de gazetecilik e\u011fitiminin yap\u0131s\u0131, e\u011fitim programlar\u0131n\u0131n i\u00e7eri\u011fi ve T\u00fcrk [&hellip;]<\/p>\n","protected":false},"author":14,"featured_media":20826,"comment_status":"closed","ping_status":"open","sticky":false,"template":"","format":"standard","meta":{"jnews-multi-image_gallery":[],"jnews_single_post":{"subtitle":"","format":"standard","video":"","gallery":"","source_name":"","source_url":"","via_name":"","via_url":"","override_template":"0","override":[{"template":"1","single_blog_custom":"","parallax":"1","fullscreen":"1","layout":"double-sidebar","sidebar":"single-left","second_sidebar":"default-sidebar","sticky_sidebar":"1","share_position":"top","share_float_style":"share-monocrhome","show_share_counter":"1","show_view_counter":"1","show_featured":"1","show_post_meta":"1","show_post_author":"1","show_post_author_image":"1","show_post_date":"1","post_date_format":"default","post_date_format_custom":"Y\/m\/d","show_post_category":"1","show_post_reading_time":"0","post_reading_time_wpm":"300","show_zoom_button":"0","zoom_button_out_step":"2","zoom_button_in_step":"3","show_post_tag":"1","show_prev_next_post":"1","show_popup_post":"1","number_popup_post":"1","show_author_box":"0","show_post_related":"0","show_inline_post_related":"1"}],"override_image_size":"0","image_override":[{"single_post_thumbnail_size":"crop-500","single_post_gallery_size":"crop-500"}],"trending_post":"0","trending_post_position":"meta","trending_post_label":"Trending","sponsored_post":"0","sponsored_post_label":"Sponsored by","sponsored_post_name":"","sponsored_post_url":"","sponsored_post_logo_enable":"0","sponsored_post_logo":"","sponsored_post_desc":"","disable_ad":"0"},"jnews_primary_category":{"id":"","hide":""},"jnews_social_meta":{"fb_title":"","fb_description":"","fb_image":"","twitter_title":"","twitter_description":"","twitter_image":""},"jnews_override_counter":{"override_view_counter":"0","view_counter_number":"0","override_share_counter":"0","share_counter_number":"0","override_like_counter":"0","like_counter_number":"0","override_dislike_counter":"0","dislike_counter_number":"0"},"footnotes":""},"categories":[178,2085],"tags":[2631,2632],"class_list":["post-20825","post","type-post","status-publish","format-standard","has-post-thumbnail","hentry","category-fakultemizden","category-manset-haber","tag-cologne-journalism-school","tag-cologne-journalism-school-iu-ziyareti"],"_links":{"self":[{"href":"https:\/\/iletim.istanbul.edu.tr\/index.php\/wp-json\/wp\/v2\/posts\/20825","targetHints":{"allow":["GET"]}}],"collection":[{"href":"https:\/\/iletim.istanbul.edu.tr\/index.php\/wp-json\/wp\/v2\/posts"}],"about":[{"href":"https:\/\/iletim.istanbul.edu.tr\/index.php\/wp-json\/wp\/v2\/types\/post"}],"author":[{"embeddable":true,"href":"https:\/\/iletim.istanbul.edu.tr\/index.php\/wp-json\/wp\/v2\/users\/14"}],"replies":[{"embeddable":true,"href":"https:\/\/iletim.istanbul.edu.tr\/index.php\/wp-json\/wp\/v2\/comments?post=20825"}],"version-history":[{"count":0,"href":"https:\/\/iletim.istanbul.edu.tr\/index.php\/wp-json\/wp\/v2\/posts\/20825\/revisions"}],"wp:featuredmedia":[{"embeddable":true,"href":"https:\/\/iletim.istanbul.edu.tr\/index.php\/wp-json\/wp\/v2\/media\/20826"}],"wp:attachment":[{"href":"https:\/\/iletim.istanbul.edu.tr\/index.php\/wp-json\/wp\/v2\/media?parent=20825"}],"wp:term":[{"taxonomy":"category","embeddable":true,"href":"https:\/\/iletim.istanbul.edu.tr\/index.php\/wp-json\/wp\/v2\/categories?post=20825"},{"taxonomy":"post_tag","embeddable":true,"href":"https:\/\/iletim.istanbul.edu.tr\/index.php\/wp-json\/wp\/v2\/tags?post=20825"}],"curies":[{"name":"wp","href":"https:\/\/api.w.org\/{rel}","templated":true}]}}