{"id":20842,"date":"2023-06-14T15:15:12","date_gmt":"2023-06-14T12:15:12","guid":{"rendered":"https:\/\/iletim.istanbul.edu.tr\/?p=20842"},"modified":"2023-06-14T15:15:13","modified_gmt":"2023-06-14T12:15:13","slug":"girdap-19-haziranda-seyirciyle-bulusuyor","status":"publish","type":"post","link":"https:\/\/iletim.istanbul.edu.tr\/index.php\/2023\/06\/14\/girdap-19-haziranda-seyirciyle-bulusuyor\/","title":{"rendered":"Girdap 19 Haziran&#8217;da Seyirciyle Bulu\u015fuyor"},"content":{"rendered":"\n<p><strong><em>\u0130stanbul \u00dcniversitesi Haber Merkezi<\/em><\/strong><\/p>\n\n\n\n<p><strong><em>\u0130stanbul \u00dcniversitesi (\u0130\u00dc) \u0130leti\u015fim Fak\u00fcltesi  Radyo, Televizyon ve Sinema B\u00f6l\u00fcm\u00fc \u00f6\u011frencilerinden Serhan Erba\u015f, Ferdi Ata, Asya Canya\u015f ve Ravza Berfin Alada\u011f&#8217;\u0131n yap\u0131m\u0131n\u0131 ger\u00e7ekle\u015ftirdi\u011fi  ve oyuncu kadrosunda usta oyuncu Altan G\u00f6rd\u00fcm&#8217;\u00fcn de yer ald\u0131\u011f\u0131 mini dizi projesi Girdap&#8217;\u0131n galas\u0131, 19 Haziran Pazartesi ak\u015fam\u0131 saat 21.00&#8217;de Kad\u0131k\u00f6y Sinemas\u0131&#8217;nda d\u00fczenlenecek.<\/em><\/strong><\/p>\n\n\n\n<p>\u0130\u00dc \u0130leti\u015fim Fak\u00fcltesi Radyo, Televizyon ve Sinema B\u00f6l\u00fcm\u00fc \u00f6\u011frencilerinden Serhan Erba\u015f, Ferdi Ata, Asya Canya\u015f ve Ravza Berfin Alada\u011f taraf\u0131ndan yap\u0131m\u0131 ger\u00e7ekle\u015ftirilen ve oyuncu kadrosunda usta oyuncu Altan G\u00f6rd\u00fcm&#8217;\u00fcn de yer ald\u0131\u011f\u0131 Girdap&#8217;\u0131n gala gecesi d\u00fczenleniyor. Bir mini dizi projesi olarak hayata ge\u00e7irilen Girdap, belli psikolojik rahats\u0131zl\u0131klar\u0131n, gen\u00e7lerin i\u00e7 d\u00fcnyalar\u0131 ile g\u00fcndelik ya\u015famlar\u0131na olan etkisi \u00fczerine bir fark\u0131ndal\u0131k yaratmak amac\u0131yla ve &#8220;anla\u015f\u0131lma arzusu&#8221; temas\u0131 esas al\u0131narak haz\u0131rland\u0131. Anksiyete (Kayg\u0131 Bozuklu\u011fu), Anoreksiya Nervoza, Obsesif Komplusif Bozukluk ve Depresyon rahats\u0131zl\u0131klar\u0131n\u0131 merkezine alan Girdap, hikayesinin ge\u00e7ti\u011fi bir g\u00fcnl\u00fck s\u00fcreci; 4 b\u00f6l\u00fcmde 4 ayr\u0131 g\u00f6zden inceleme konseptine dayanarak ak\u0131\u015f\u0131n\u0131 s\u00fcrd\u00fcr\u00fcyor.<\/p>\n\n\n<div class=\"wp-block-image\">\n<figure class=\"aligncenter size-large is-resized\"><img decoding=\"async\" src=\"https:\/\/iletim.istanbul.edu.tr\/wp-content\/uploads\/girdap1-576x1024.jpeg\" alt=\"\" class=\"wp-image-20847\" width=\"432\" height=\"768\" srcset=\"https:\/\/iletim.istanbul.edu.tr\/wp-content\/uploads\/girdap1-576x1024.jpeg 576w, https:\/\/iletim.istanbul.edu.tr\/wp-content\/uploads\/girdap1-169x300.jpeg 169w, https:\/\/iletim.istanbul.edu.tr\/wp-content\/uploads\/girdap1-768x1365.jpeg 768w, https:\/\/iletim.istanbul.edu.tr\/wp-content\/uploads\/girdap1-864x1536.jpeg 864w, https:\/\/iletim.istanbul.edu.tr\/wp-content\/uploads\/girdap1-750x1333.jpeg 750w, https:\/\/iletim.istanbul.edu.tr\/wp-content\/uploads\/girdap1.jpeg 1000w\" sizes=\"(max-width: 432px) 100vw, 432px\" \/><\/figure><\/div>\n\n\n<p><\/p>\n\n\n\n<p>Serhan Erba\u015f taraf\u0131ndan yaz\u0131lan, Serhan Erba\u015f ile Ferdi Ata taraf\u0131ndan y\u00f6netilen ve &#8220;HEXA&#8221; adl\u0131 yeni film olu\u015fumunun yap\u0131m ve yay\u0131n s\u00fcrecini \u00fcstlendi\u011fi Girdap&#8217;\u0131n ana oyuncu kadrosu; usta oyuncu Altan G\u00f6rd\u00fcm, Serhan Erba\u015f, Asya Canya\u015f, Ferdi Ata ve Ravza Berfin Alada\u011f&#8217;dan olu\u015fuyor. \u00c7ekimleri 2022&#8217;nin Aral\u0131k ay\u0131nda ger\u00e7ekle\u015ftirilen ve 20 Haziran&#8217;da YouTube \u00fczerinden seyirciyle bulu\u015fmaya haz\u0131rlanan Girdap, pr\u00f6miyerini 19 Haziran Pazartesi ak\u015fam\u0131 saat 21.00&#8217;de Kad\u0131k\u00f6y Sinemas\u0131&#8217;nda yapacak. &#8220;Canya\u015f \u0130leti\u015fim&#8221; sponsorlu\u011funda ger\u00e7ekle\u015ftirilecek olan gala gecesinde, dizinin b\u00f6l\u00fcmlerinin davetlilere izletilmesinin ard\u0131ndan, usta oyuncu Altan G\u00f6rd\u00fcm de dahil olmak \u00fczere t\u00fcm Girdap ekibiyle \u00f6zel bir s\u00f6yle\u015fi yap\u0131lacak. Gala gecesine \u0130stanbul \u00dcniversitesi&#8217;nin t\u00fcm akademik kadrosu ve \u00f6\u011frencileri davetli.<\/p>\n\n\n\n<p>Projenin trailer&#8217;\u0131na ula\u015fmak i\u00e7in <a href=\"https:\/\/www.instagram.com\/reel\/Cs9JAfyMQO6\/?igshid=MmJiY2I4NDBkZg==\" target=\"_blank\" rel=\"noreferrer noopener\">t\u0131klay\u0131n\u0131z<\/a>.<\/p>\n\n\n<div class=\"wp-block-image\">\n<figure class=\"aligncenter size-large is-resized\"><img decoding=\"async\" src=\"https:\/\/iletim.istanbul.edu.tr\/wp-content\/uploads\/girdap2-717x1024.jpeg\" alt=\"\" class=\"wp-image-20848\" width=\"359\" height=\"512\" srcset=\"https:\/\/iletim.istanbul.edu.tr\/wp-content\/uploads\/girdap2-717x1024.jpeg 717w, https:\/\/iletim.istanbul.edu.tr\/wp-content\/uploads\/girdap2-210x300.jpeg 210w, https:\/\/iletim.istanbul.edu.tr\/wp-content\/uploads\/girdap2-768x1097.jpeg 768w, https:\/\/iletim.istanbul.edu.tr\/wp-content\/uploads\/girdap2-750x1071.jpeg 750w, https:\/\/iletim.istanbul.edu.tr\/wp-content\/uploads\/girdap2.jpeg 1000w\" sizes=\"(max-width: 359px) 100vw, 359px\" \/><\/figure><\/div>","protected":false},"excerpt":{"rendered":"<p>\u0130stanbul \u00dcniversitesi Haber Merkezi \u0130stanbul \u00dcniversitesi (\u0130\u00dc) \u0130leti\u015fim Fak\u00fcltesi Radyo, Televizyon ve Sinema B\u00f6l\u00fcm\u00fc \u00f6\u011frencilerinden Serhan Erba\u015f, Ferdi Ata, Asya Canya\u015f ve Ravza Berfin Alada\u011f&#8217;\u0131n yap\u0131m\u0131n\u0131 ger\u00e7ekle\u015ftirdi\u011fi ve oyuncu kadrosunda usta oyuncu Altan G\u00f6rd\u00fcm&#8217;\u00fcn de yer ald\u0131\u011f\u0131 mini dizi projesi Girdap&#8217;\u0131n galas\u0131, 19 Haziran Pazartesi ak\u015fam\u0131 saat 21.00&#8217;de Kad\u0131k\u00f6y Sinemas\u0131&#8217;nda d\u00fczenlenecek. \u0130\u00dc \u0130leti\u015fim Fak\u00fcltesi Radyo, [&hellip;]<\/p>\n","protected":false},"author":14,"featured_media":20850,"comment_status":"closed","ping_status":"open","sticky":false,"template":"","format":"standard","meta":{"jnews-multi-image_gallery":[],"jnews_single_post":{"subtitle":"","format":"standard","video":"","gallery":"","source_name":"","source_url":"","via_name":"","via_url":"","override_template":"0","override":[{"template":"1","single_blog_custom":"","parallax":"1","fullscreen":"1","layout":"double-sidebar","sidebar":"single-left","second_sidebar":"default-sidebar","sticky_sidebar":"1","share_position":"top","share_float_style":"share-monocrhome","show_share_counter":"1","show_view_counter":"1","show_featured":"1","show_post_meta":"1","show_post_author":"1","show_post_author_image":"1","show_post_date":"1","post_date_format":"default","post_date_format_custom":"Y\/m\/d","show_post_category":"1","show_post_reading_time":"0","post_reading_time_wpm":"300","show_zoom_button":"0","zoom_button_out_step":"2","zoom_button_in_step":"3","show_post_tag":"1","show_prev_next_post":"1","show_popup_post":"1","number_popup_post":"1","show_author_box":"0","show_post_related":"0","show_inline_post_related":"1"}],"override_image_size":"0","image_override":[{"single_post_thumbnail_size":"crop-500","single_post_gallery_size":"crop-500"}],"trending_post":"0","trending_post_position":"meta","trending_post_label":"Trending","sponsored_post":"0","sponsored_post_label":"Sponsored by","sponsored_post_name":"","sponsored_post_url":"","sponsored_post_logo_enable":"0","sponsored_post_logo":"","sponsored_post_desc":"","disable_ad":"0"},"jnews_primary_category":{"id":"","hide":""},"jnews_social_meta":{"fb_title":"","fb_description":"","fb_image":"","twitter_title":"","twitter_description":"","twitter_image":""},"jnews_override_counter":{"override_view_counter":"0","view_counter_number":"0","override_share_counter":"0","share_counter_number":"0","override_like_counter":"0","like_counter_number":"0","override_dislike_counter":"0","dislike_counter_number":"0"},"footnotes":""},"categories":[178,30,2085],"tags":[2645,2648,2647,2646,2649],"class_list":["post-20842","post","type-post","status-publish","format-standard","has-post-thumbnail","hentry","category-fakultemizden","category-kultur-sanat","category-manset-haber","tag-girdap","tag-girdap-altan-gordum","tag-girdap-dizisi-gala","tag-girdap-mini-dizi","tag-girdap-serhan-erbas"],"_links":{"self":[{"href":"https:\/\/iletim.istanbul.edu.tr\/index.php\/wp-json\/wp\/v2\/posts\/20842","targetHints":{"allow":["GET"]}}],"collection":[{"href":"https:\/\/iletim.istanbul.edu.tr\/index.php\/wp-json\/wp\/v2\/posts"}],"about":[{"href":"https:\/\/iletim.istanbul.edu.tr\/index.php\/wp-json\/wp\/v2\/types\/post"}],"author":[{"embeddable":true,"href":"https:\/\/iletim.istanbul.edu.tr\/index.php\/wp-json\/wp\/v2\/users\/14"}],"replies":[{"embeddable":true,"href":"https:\/\/iletim.istanbul.edu.tr\/index.php\/wp-json\/wp\/v2\/comments?post=20842"}],"version-history":[{"count":0,"href":"https:\/\/iletim.istanbul.edu.tr\/index.php\/wp-json\/wp\/v2\/posts\/20842\/revisions"}],"wp:featuredmedia":[{"embeddable":true,"href":"https:\/\/iletim.istanbul.edu.tr\/index.php\/wp-json\/wp\/v2\/media\/20850"}],"wp:attachment":[{"href":"https:\/\/iletim.istanbul.edu.tr\/index.php\/wp-json\/wp\/v2\/media?parent=20842"}],"wp:term":[{"taxonomy":"category","embeddable":true,"href":"https:\/\/iletim.istanbul.edu.tr\/index.php\/wp-json\/wp\/v2\/categories?post=20842"},{"taxonomy":"post_tag","embeddable":true,"href":"https:\/\/iletim.istanbul.edu.tr\/index.php\/wp-json\/wp\/v2\/tags?post=20842"}],"curies":[{"name":"wp","href":"https:\/\/api.w.org\/{rel}","templated":true}]}}