{"id":20856,"date":"2023-06-16T13:12:43","date_gmt":"2023-06-16T10:12:43","guid":{"rendered":"https:\/\/iletim.istanbul.edu.tr\/?p=20856"},"modified":"2023-06-19T14:31:21","modified_gmt":"2023-06-19T11:31:21","slug":"kitle-iletisim-araclarinin-tarihsel-seruveni-iu-rektorlugunde-sergilenecek","status":"publish","type":"post","link":"https:\/\/iletim.istanbul.edu.tr\/index.php\/2023\/06\/16\/kitle-iletisim-araclarinin-tarihsel-seruveni-iu-rektorlugunde-sergilenecek\/","title":{"rendered":"<strong>Kitle \u0130leti\u015fim Ara\u00e7lar\u0131n\u0131n Tarihsel Ser\u00fcveni \u0130\u00dc Rekt\u00f6rl\u00fc\u011f\u00fc\u2019nde Sergilenecek<\/strong>"},"content":{"rendered":"\n<p><strong><em>\u0130stanbul \u00dcniversitesi Haber Merkezi<\/em><\/strong><\/p>\n\n\n\n<p><strong><em>\u0130stanbul \u00dcniversitesi (\u0130\u00dc) \u0130leti\u015fim Fak\u00fcltesi\u2019nin tarihi \u0130leti\u015fim Koleksiyonu\u2019ndan olu\u015fan, k\u00fcrat\u00f6rl\u00fc\u011f\u00fcn\u00fc \u0130leti\u015fim Fak\u00fcltesi Dekan Yard\u0131mc\u0131s\u0131 Do\u00e7. Dr. Berceste G\u00fcl\u00e7in \u00d6zdemir\u2019in \u00fcstlendi\u011fi \u201cKitle \u0130leti\u015fim Ara\u00e7lar\u0131n\u0131n Tarihsel Ser\u00fcveni\u201d ba\u015fl\u0131kl\u0131 sergi, \u0130\u00dc Rekt\u00f6r\u00fc Prof. Dr. Mahmut Ak ve \u0130leti\u015fim Fak\u00fcltesi Dekan\u0131 Prof. Dr. Abdullah \u00d6zkan\u2019\u0131n kat\u0131l\u0131m\u0131yla, 23 Haziran\u2019da Rekt\u00f6rl\u00fck Binas\u0131&#8217;nda a\u00e7\u0131lacak.<\/em><\/strong><\/p>\n\n\n\n<p>\u0130\u00dc \u0130leti\u015fim Fak\u00fcltesi\u2019nde uzun y\u0131llard\u0131r sergilenen \u0130leti\u015fim Koleksiyonu\u2019nun yeni adresi \u0130\u00dc Rekt\u00f6rl\u00fc\u011f\u00fc oldu. A\u00e7\u0131l\u0131\u015f\u0131 23 Haziran Cuma g\u00fcn\u00fc saat 15.30\u2019da, Rekt\u00f6rl\u00fck Binas\u0131\u2019nda yap\u0131lacak olan \u201cKitle \u0130leti\u015fim Ara\u00e7lar\u0131n\u0131n Tarihsel Ser\u00fcveni\u201d sergisi, \u0130leti\u015fim Fak\u00fcltesi\u2019nin eski binas\u0131ndaki temel dok\u00fcmanlardan olu\u015fuyor.<\/p>\n\n\n\n<figure class=\"wp-block-image size-full\"><img decoding=\"async\" width=\"1024\" height=\"236\" src=\"https:\/\/iletim.istanbul.edu.tr\/wp-content\/uploads\/WhatsApp-Image-2023-06-15-at-19.19.38.jpeg\" alt=\"\" class=\"wp-image-20861\" srcset=\"https:\/\/iletim.istanbul.edu.tr\/wp-content\/uploads\/WhatsApp-Image-2023-06-15-at-19.19.38.jpeg 1024w, https:\/\/iletim.istanbul.edu.tr\/wp-content\/uploads\/WhatsApp-Image-2023-06-15-at-19.19.38-300x69.jpeg 300w, https:\/\/iletim.istanbul.edu.tr\/wp-content\/uploads\/WhatsApp-Image-2023-06-15-at-19.19.38-768x177.jpeg 768w, https:\/\/iletim.istanbul.edu.tr\/wp-content\/uploads\/WhatsApp-Image-2023-06-15-at-19.19.38-750x173.jpeg 750w\" sizes=\"(max-width: 1024px) 100vw, 1024px\" \/><\/figure>\n\n\n\n<p><\/p>\n\n\n\n<figure class=\"wp-block-gallery has-nested-images columns-default is-cropped wp-block-gallery-1 is-layout-flex wp-block-gallery-is-layout-flex\">\n<figure class=\"wp-block-image size-large\"><img decoding=\"async\" width=\"1024\" height=\"719\" data-id=\"20866\" src=\"https:\/\/iletim.istanbul.edu.tr\/wp-content\/uploads\/WhatsApp-Image-2023-06-15-at-19.19.38-1.jpeg\" alt=\"\" class=\"wp-image-20866\" srcset=\"https:\/\/iletim.istanbul.edu.tr\/wp-content\/uploads\/WhatsApp-Image-2023-06-15-at-19.19.38-1.jpeg 1024w, https:\/\/iletim.istanbul.edu.tr\/wp-content\/uploads\/WhatsApp-Image-2023-06-15-at-19.19.38-1-300x211.jpeg 300w, https:\/\/iletim.istanbul.edu.tr\/wp-content\/uploads\/WhatsApp-Image-2023-06-15-at-19.19.38-1-768x539.jpeg 768w, https:\/\/iletim.istanbul.edu.tr\/wp-content\/uploads\/WhatsApp-Image-2023-06-15-at-19.19.38-1-750x527.jpeg 750w\" sizes=\"(max-width: 1024px) 100vw, 1024px\" \/><\/figure>\n\n\n\n<figure class=\"wp-block-image size-large\"><img decoding=\"async\" width=\"1024\" height=\"866\" data-id=\"20867\" src=\"https:\/\/iletim.istanbul.edu.tr\/wp-content\/uploads\/WhatsApp-Image-2023-06-15-at-19.19.38-2.jpeg\" alt=\"\" class=\"wp-image-20867\" srcset=\"https:\/\/iletim.istanbul.edu.tr\/wp-content\/uploads\/WhatsApp-Image-2023-06-15-at-19.19.38-2.jpeg 1024w, https:\/\/iletim.istanbul.edu.tr\/wp-content\/uploads\/WhatsApp-Image-2023-06-15-at-19.19.38-2-300x254.jpeg 300w, https:\/\/iletim.istanbul.edu.tr\/wp-content\/uploads\/WhatsApp-Image-2023-06-15-at-19.19.38-2-768x650.jpeg 768w, https:\/\/iletim.istanbul.edu.tr\/wp-content\/uploads\/WhatsApp-Image-2023-06-15-at-19.19.38-2-750x634.jpeg 750w\" sizes=\"(max-width: 1024px) 100vw, 1024px\" \/><\/figure>\n<\/figure>\n\n\n\n<p><\/p>\n\n\n\n<p><strong>Gazeteler, Gramofonlar, Plaklar\u2026<\/strong><\/p>\n\n\n\n<p>Kitle ileti\u015fim ara\u00e7lar\u0131n\u0131n tarihsel s\u00fcre\u00e7 i\u00e7indeki geli\u015fiminin dikkate al\u0131nd\u0131\u011f\u0131 bir ba\u011flamda olu\u015fturulan ve bas\u0131n tarihinin temellerini atan gazete ve dergilerin yer ald\u0131\u011f\u0131 sergide, Journal of \u0130ttihat Terakki, Kalem gibi dergiler g\u00f6r\u00fclebilecek. Kitle ileti\u015fim ara\u00e7lar\u0131 tarihinin g\u00f6rsel ve i\u015fitsel s\u00fcrecine dair gramofon, plak, foto\u011fraf makinesi, ses kay\u0131t cihaz\u0131 ve kameralar\u0131n da detayl\u0131 olarak incelenebilece\u011fi sergide, t\u00fcm te\u00e7hizat ve bas\u0131l\u0131 yay\u0131nlar\u0131n bilgilerine QR kod arac\u0131l\u0131\u011f\u0131yla da ula\u015f\u0131labilecek.<\/p>\n\n\n\n<figure class=\"wp-block-gallery has-nested-images columns-default is-cropped wp-block-gallery-2 is-layout-flex wp-block-gallery-is-layout-flex\">\n<figure class=\"wp-block-image size-large\"><img decoding=\"async\" width=\"1024\" height=\"1020\" data-id=\"20863\" src=\"https:\/\/iletim.istanbul.edu.tr\/wp-content\/uploads\/WhatsApp-Image-2023-06-15-at-19.19.38-7-1.jpeg\" alt=\"\" class=\"wp-image-20863\" srcset=\"https:\/\/iletim.istanbul.edu.tr\/wp-content\/uploads\/WhatsApp-Image-2023-06-15-at-19.19.38-7-1.jpeg 1024w, https:\/\/iletim.istanbul.edu.tr\/wp-content\/uploads\/WhatsApp-Image-2023-06-15-at-19.19.38-7-1-300x300.jpeg 300w, https:\/\/iletim.istanbul.edu.tr\/wp-content\/uploads\/WhatsApp-Image-2023-06-15-at-19.19.38-7-1-150x150.jpeg 150w, https:\/\/iletim.istanbul.edu.tr\/wp-content\/uploads\/WhatsApp-Image-2023-06-15-at-19.19.38-7-1-768x765.jpeg 768w, https:\/\/iletim.istanbul.edu.tr\/wp-content\/uploads\/WhatsApp-Image-2023-06-15-at-19.19.38-7-1-24x24.jpeg 24w, https:\/\/iletim.istanbul.edu.tr\/wp-content\/uploads\/WhatsApp-Image-2023-06-15-at-19.19.38-7-1-48x48.jpeg 48w, https:\/\/iletim.istanbul.edu.tr\/wp-content\/uploads\/WhatsApp-Image-2023-06-15-at-19.19.38-7-1-96x96.jpeg 96w, https:\/\/iletim.istanbul.edu.tr\/wp-content\/uploads\/WhatsApp-Image-2023-06-15-at-19.19.38-7-1-75x75.jpeg 75w, https:\/\/iletim.istanbul.edu.tr\/wp-content\/uploads\/WhatsApp-Image-2023-06-15-at-19.19.38-7-1-350x350.jpeg 350w, https:\/\/iletim.istanbul.edu.tr\/wp-content\/uploads\/WhatsApp-Image-2023-06-15-at-19.19.38-7-1-750x747.jpeg 750w\" sizes=\"(max-width: 1024px) 100vw, 1024px\" \/><\/figure>\n\n\n\n<figure class=\"wp-block-image size-large\"><img decoding=\"async\" width=\"1024\" height=\"728\" data-id=\"20864\" src=\"https:\/\/iletim.istanbul.edu.tr\/wp-content\/uploads\/WhatsApp-Image-2023-06-15-at-19.19.38-10.jpeg\" alt=\"\" class=\"wp-image-20864\" srcset=\"https:\/\/iletim.istanbul.edu.tr\/wp-content\/uploads\/WhatsApp-Image-2023-06-15-at-19.19.38-10.jpeg 1024w, https:\/\/iletim.istanbul.edu.tr\/wp-content\/uploads\/WhatsApp-Image-2023-06-15-at-19.19.38-10-300x213.jpeg 300w, https:\/\/iletim.istanbul.edu.tr\/wp-content\/uploads\/WhatsApp-Image-2023-06-15-at-19.19.38-10-768x546.jpeg 768w, https:\/\/iletim.istanbul.edu.tr\/wp-content\/uploads\/WhatsApp-Image-2023-06-15-at-19.19.38-10-120x86.jpeg 120w, https:\/\/iletim.istanbul.edu.tr\/wp-content\/uploads\/WhatsApp-Image-2023-06-15-at-19.19.38-10-350x250.jpeg 350w, https:\/\/iletim.istanbul.edu.tr\/wp-content\/uploads\/WhatsApp-Image-2023-06-15-at-19.19.38-10-750x533.jpeg 750w\" sizes=\"(max-width: 1024px) 100vw, 1024px\" \/><\/figure>\n<\/figure>\n\n\n\n<p><\/p>\n\n\n<div class=\"wp-block-image\">\n<figure class=\"aligncenter size-full\"><img decoding=\"async\" width=\"1024\" height=\"274\" src=\"https:\/\/iletim.istanbul.edu.tr\/wp-content\/uploads\/WhatsApp-Image-2023-06-15-at-19.19.38-5-1.jpeg\" alt=\"\" class=\"wp-image-20865\" srcset=\"https:\/\/iletim.istanbul.edu.tr\/wp-content\/uploads\/WhatsApp-Image-2023-06-15-at-19.19.38-5-1.jpeg 1024w, https:\/\/iletim.istanbul.edu.tr\/wp-content\/uploads\/WhatsApp-Image-2023-06-15-at-19.19.38-5-1-300x80.jpeg 300w, https:\/\/iletim.istanbul.edu.tr\/wp-content\/uploads\/WhatsApp-Image-2023-06-15-at-19.19.38-5-1-768x206.jpeg 768w, https:\/\/iletim.istanbul.edu.tr\/wp-content\/uploads\/WhatsApp-Image-2023-06-15-at-19.19.38-5-1-750x201.jpeg 750w\" sizes=\"(max-width: 1024px) 100vw, 1024px\" \/><\/figure><\/div>\n\n\n<p><\/p>\n\n\n\n<p><\/p>\n\n\n\n<figure class=\"wp-block-image size-full\"><img decoding=\"async\" width=\"1024\" height=\"340\" src=\"https:\/\/iletim.istanbul.edu.tr\/wp-content\/uploads\/WhatsApp-Image-2023-06-15-at-19.19.39-1.jpeg\" alt=\"\" class=\"wp-image-20875\" srcset=\"https:\/\/iletim.istanbul.edu.tr\/wp-content\/uploads\/WhatsApp-Image-2023-06-15-at-19.19.39-1.jpeg 1024w, https:\/\/iletim.istanbul.edu.tr\/wp-content\/uploads\/WhatsApp-Image-2023-06-15-at-19.19.39-1-300x100.jpeg 300w, https:\/\/iletim.istanbul.edu.tr\/wp-content\/uploads\/WhatsApp-Image-2023-06-15-at-19.19.39-1-768x255.jpeg 768w, https:\/\/iletim.istanbul.edu.tr\/wp-content\/uploads\/WhatsApp-Image-2023-06-15-at-19.19.39-1-750x249.jpeg 750w\" sizes=\"(max-width: 1024px) 100vw, 1024px\" \/><\/figure>\n\n\n\n<p><\/p>\n\n\n\n<p><strong>Sergi \u0130leti\u015fim Fak\u00fcltesi\u2019nin Tarihi De\u011feriyle B\u00fct\u00fcnle\u015fiyor<\/strong><\/p>\n\n\n\n<p>K\u00fcrat\u00f6rl\u00fc\u011f\u00fcn\u00fc \u0130leti\u015fim Fak\u00fcltesi Dekan Yard\u0131mc\u0131s\u0131 ve Radyo, Televizyon ve Sinema B\u00f6l\u00fcm\u00fc \u00d6\u011fretim \u00dcyesi Do\u00e7. Dr. Berceste G\u00fcl\u00e7in \u00d6zdemir\u2019in, k\u00fcrat\u00f6r yard\u0131mc\u0131l\u0131\u011f\u0131n\u0131 ise \u0130leti\u015fim Fak\u00fcltesi Ara\u015ft\u0131rma G\u00f6revlileri Recep Kutluay Keskin ve Abdulbaki \u00d6zt\u00fcrk\u2019\u00fcn \u00fcstlendi\u011fi sergi, \u0130leti\u015fim Fak\u00fcltesi\u2019nin tarihi de\u011ferine i\u015faret ederken, kitle ileti\u015fim ara\u00e7lar\u0131n\u0131n radikal, d\u00f6n\u00fc\u015ft\u00fcr\u00fcc\u00fc g\u00fcc\u00fcne dair bilgiler veriyor. \u0130stanbul \u00dcniversitesi\u2019nin tarihi Rekt\u00f6rl\u00fck Binas\u0131\u2019nda yer alan ve Kurumsal \u0130leti\u015fim Koordinat\u00f6rl\u00fc\u011f\u00fc koridorunda sergilenmeye devam edecek olan koleksiyona dair dok\u00fcmanlar, binan\u0131n mimarisi ve tarihinin imledi\u011fi kolektif haf\u0131zan\u0131n g\u00f6stergeleriyle de b\u00fct\u00fcnle\u015fiyor.<\/p>\n\n\n\n<figure class=\"wp-block-gallery has-nested-images columns-default is-cropped wp-block-gallery-3 is-layout-flex wp-block-gallery-is-layout-flex\">\n<figure class=\"wp-block-image size-large\"><img decoding=\"async\" width=\"1024\" height=\"680\" data-id=\"20868\" src=\"https:\/\/iletim.istanbul.edu.tr\/wp-content\/uploads\/WhatsApp-Image-2023-06-15-at-19.19.38-3.jpeg\" alt=\"\" class=\"wp-image-20868\" srcset=\"https:\/\/iletim.istanbul.edu.tr\/wp-content\/uploads\/WhatsApp-Image-2023-06-15-at-19.19.38-3.jpeg 1024w, https:\/\/iletim.istanbul.edu.tr\/wp-content\/uploads\/WhatsApp-Image-2023-06-15-at-19.19.38-3-300x199.jpeg 300w, https:\/\/iletim.istanbul.edu.tr\/wp-content\/uploads\/WhatsApp-Image-2023-06-15-at-19.19.38-3-768x510.jpeg 768w, https:\/\/iletim.istanbul.edu.tr\/wp-content\/uploads\/WhatsApp-Image-2023-06-15-at-19.19.38-3-750x498.jpeg 750w\" sizes=\"(max-width: 1024px) 100vw, 1024px\" \/><\/figure>\n\n\n\n<figure class=\"wp-block-image size-large\"><img decoding=\"async\" width=\"1024\" height=\"815\" data-id=\"20869\" src=\"https:\/\/iletim.istanbul.edu.tr\/wp-content\/uploads\/WhatsApp-Image-2023-06-15-at-19.19.38-8.jpeg\" alt=\"\" class=\"wp-image-20869\" srcset=\"https:\/\/iletim.istanbul.edu.tr\/wp-content\/uploads\/WhatsApp-Image-2023-06-15-at-19.19.38-8.jpeg 1024w, https:\/\/iletim.istanbul.edu.tr\/wp-content\/uploads\/WhatsApp-Image-2023-06-15-at-19.19.38-8-300x239.jpeg 300w, https:\/\/iletim.istanbul.edu.tr\/wp-content\/uploads\/WhatsApp-Image-2023-06-15-at-19.19.38-8-768x611.jpeg 768w, https:\/\/iletim.istanbul.edu.tr\/wp-content\/uploads\/WhatsApp-Image-2023-06-15-at-19.19.38-8-750x597.jpeg 750w\" sizes=\"(max-width: 1024px) 100vw, 1024px\" \/><\/figure>\n<\/figure>\n\n\n\n<p><\/p>\n\n\n\n<figure class=\"wp-block-gallery has-nested-images columns-default is-cropped wp-block-gallery-4 is-layout-flex wp-block-gallery-is-layout-flex\">\n<figure class=\"wp-block-image size-large\"><img decoding=\"async\" width=\"781\" height=\"1024\" data-id=\"20874\" src=\"https:\/\/iletim.istanbul.edu.tr\/wp-content\/uploads\/WhatsApp-Image-2023-06-15-at-19.19.38-12-1.jpeg\" alt=\"\" class=\"wp-image-20874\" srcset=\"https:\/\/iletim.istanbul.edu.tr\/wp-content\/uploads\/WhatsApp-Image-2023-06-15-at-19.19.38-12-1.jpeg 781w, https:\/\/iletim.istanbul.edu.tr\/wp-content\/uploads\/WhatsApp-Image-2023-06-15-at-19.19.38-12-1-229x300.jpeg 229w, https:\/\/iletim.istanbul.edu.tr\/wp-content\/uploads\/WhatsApp-Image-2023-06-15-at-19.19.38-12-1-768x1007.jpeg 768w, https:\/\/iletim.istanbul.edu.tr\/wp-content\/uploads\/WhatsApp-Image-2023-06-15-at-19.19.38-12-1-750x983.jpeg 750w\" sizes=\"(max-width: 781px) 100vw, 781px\" \/><\/figure>\n\n\n\n<figure class=\"wp-block-image size-large\"><img decoding=\"async\" width=\"1024\" height=\"740\" data-id=\"20873\" src=\"https:\/\/iletim.istanbul.edu.tr\/wp-content\/uploads\/WhatsApp-Image-2023-06-15-at-19.19.38-13-1.jpeg\" alt=\"\" class=\"wp-image-20873\" srcset=\"https:\/\/iletim.istanbul.edu.tr\/wp-content\/uploads\/WhatsApp-Image-2023-06-15-at-19.19.38-13-1.jpeg 1024w, https:\/\/iletim.istanbul.edu.tr\/wp-content\/uploads\/WhatsApp-Image-2023-06-15-at-19.19.38-13-1-300x217.jpeg 300w, https:\/\/iletim.istanbul.edu.tr\/wp-content\/uploads\/WhatsApp-Image-2023-06-15-at-19.19.38-13-1-768x555.jpeg 768w, https:\/\/iletim.istanbul.edu.tr\/wp-content\/uploads\/WhatsApp-Image-2023-06-15-at-19.19.38-13-1-120x86.jpeg 120w, https:\/\/iletim.istanbul.edu.tr\/wp-content\/uploads\/WhatsApp-Image-2023-06-15-at-19.19.38-13-1-750x542.jpeg 750w\" sizes=\"(max-width: 1024px) 100vw, 1024px\" \/><\/figure>\n<\/figure>\n\n\n\n<p><\/p>\n\n\n\n<p><\/p>\n\n\n\n<figure class=\"wp-block-gallery has-nested-images columns-default is-cropped wp-block-gallery-5 is-layout-flex wp-block-gallery-is-layout-flex\">\n<figure class=\"wp-block-image size-large\"><img decoding=\"async\" width=\"1024\" height=\"392\" data-id=\"20876\" src=\"https:\/\/iletim.istanbul.edu.tr\/wp-content\/uploads\/WhatsApp-Image-2023-06-15-at-19.19.38-6-1.jpeg\" alt=\"\" class=\"wp-image-20876\" srcset=\"https:\/\/iletim.istanbul.edu.tr\/wp-content\/uploads\/WhatsApp-Image-2023-06-15-at-19.19.38-6-1.jpeg 1024w, https:\/\/iletim.istanbul.edu.tr\/wp-content\/uploads\/WhatsApp-Image-2023-06-15-at-19.19.38-6-1-300x115.jpeg 300w, https:\/\/iletim.istanbul.edu.tr\/wp-content\/uploads\/WhatsApp-Image-2023-06-15-at-19.19.38-6-1-768x294.jpeg 768w, https:\/\/iletim.istanbul.edu.tr\/wp-content\/uploads\/WhatsApp-Image-2023-06-15-at-19.19.38-6-1-750x287.jpeg 750w\" sizes=\"(max-width: 1024px) 100vw, 1024px\" \/><\/figure>\n\n\n\n<figure class=\"wp-block-image size-large\"><img decoding=\"async\" width=\"1024\" height=\"421\" data-id=\"20877\" src=\"https:\/\/iletim.istanbul.edu.tr\/wp-content\/uploads\/WhatsApp-Image-2023-06-15-at-19.19.38-11.jpeg\" alt=\"\" class=\"wp-image-20877\" srcset=\"https:\/\/iletim.istanbul.edu.tr\/wp-content\/uploads\/WhatsApp-Image-2023-06-15-at-19.19.38-11.jpeg 1024w, https:\/\/iletim.istanbul.edu.tr\/wp-content\/uploads\/WhatsApp-Image-2023-06-15-at-19.19.38-11-300x123.jpeg 300w, https:\/\/iletim.istanbul.edu.tr\/wp-content\/uploads\/WhatsApp-Image-2023-06-15-at-19.19.38-11-768x316.jpeg 768w, https:\/\/iletim.istanbul.edu.tr\/wp-content\/uploads\/WhatsApp-Image-2023-06-15-at-19.19.38-11-750x308.jpeg 750w\" sizes=\"(max-width: 1024px) 100vw, 1024px\" \/><\/figure>\n<\/figure>\n\n\n\n<p><\/p>\n\n\n\n<p><strong>Suat Hocam\u0131za \u015f\u00fckran bor\u00e7luyuz<\/strong><\/p>\n\n\n\n<p>Fak\u00fcltemiz eski dekanlar\u0131ndan Prof. Dr. Suat Gezgin hocam\u0131z\u0131n bu ileti\u015fim materyallerinin elde edilmesi ve korunmas\u0131ndaki b\u00fcy\u00fck eme\u011fini her zaman \u015f\u00fckranla an\u0131yoruz. Uzun y\u0131llar eski binam\u0131z\u0131n koridorlar\u0131nda sergilenen ileti\u015fim ara\u00e7 ve materyalleri art\u0131k \u00dcniversitemiz Rekt\u00f6rl\u00fck binas\u0131nda yeni ziyaret\u00e7ilerini a\u011f\u0131rlayacak.<\/p>\n\n\n\n<p><\/p>\n\n\n<div class=\"wp-block-image\">\n<figure class=\"aligncenter size-full\"><img decoding=\"async\" width=\"702\" height=\"336\" src=\"https:\/\/iletim.istanbul.edu.tr\/wp-content\/uploads\/suat-gezgin.jpg\" alt=\"\" class=\"wp-image-20885\" srcset=\"https:\/\/iletim.istanbul.edu.tr\/wp-content\/uploads\/suat-gezgin.jpg 702w, https:\/\/iletim.istanbul.edu.tr\/wp-content\/uploads\/suat-gezgin-300x144.jpg 300w\" sizes=\"(max-width: 702px) 100vw, 702px\" \/><figcaption class=\"wp-element-caption\">Prof. Dr. Suat Gezgin<\/figcaption><\/figure><\/div>","protected":false},"excerpt":{"rendered":"<p>\u0130stanbul \u00dcniversitesi Haber Merkezi \u0130stanbul \u00dcniversitesi (\u0130\u00dc) \u0130leti\u015fim Fak\u00fcltesi\u2019nin tarihi \u0130leti\u015fim Koleksiyonu\u2019ndan olu\u015fan, k\u00fcrat\u00f6rl\u00fc\u011f\u00fcn\u00fc \u0130leti\u015fim Fak\u00fcltesi Dekan Yard\u0131mc\u0131s\u0131 Do\u00e7. Dr. Berceste G\u00fcl\u00e7in \u00d6zdemir\u2019in \u00fcstlendi\u011fi \u201cKitle \u0130leti\u015fim Ara\u00e7lar\u0131n\u0131n Tarihsel Ser\u00fcveni\u201d ba\u015fl\u0131kl\u0131 sergi, \u0130\u00dc Rekt\u00f6r\u00fc Prof. Dr. Mahmut Ak ve \u0130leti\u015fim Fak\u00fcltesi Dekan\u0131 Prof. Dr. Abdullah \u00d6zkan\u2019\u0131n kat\u0131l\u0131m\u0131yla, 23 Haziran\u2019da Rekt\u00f6rl\u00fck Binas\u0131&#8217;nda a\u00e7\u0131lacak. \u0130\u00dc \u0130leti\u015fim Fak\u00fcltesi\u2019nde uzun [&hellip;]<\/p>\n","protected":false},"author":14,"featured_media":20857,"comment_status":"closed","ping_status":"open","sticky":false,"template":"","format":"standard","meta":{"jnews-multi-image_gallery":[],"jnews_single_post":{"subtitle":"","format":"standard","video":"","gallery":"","source_name":"","source_url":"","via_name":"","via_url":"","override_template":"0","override":[{"template":"1","single_blog_custom":"","parallax":"1","fullscreen":"1","layout":"double-sidebar","sidebar":"single-left","second_sidebar":"default-sidebar","sticky_sidebar":"1","share_position":"top","share_float_style":"share-monocrhome","show_share_counter":"1","show_view_counter":"1","show_featured":"1","show_post_meta":"1","show_post_author":"1","show_post_author_image":"1","show_post_date":"1","post_date_format":"default","post_date_format_custom":"Y\/m\/d","show_post_category":"1","show_post_reading_time":"0","post_reading_time_wpm":"300","show_zoom_button":"0","zoom_button_out_step":"2","zoom_button_in_step":"3","show_post_tag":"1","show_prev_next_post":"1","show_popup_post":"1","number_popup_post":"1","show_author_box":"0","show_post_related":"0","show_inline_post_related":"1"}],"override_image_size":"0","image_override":[{"single_post_thumbnail_size":"crop-500","single_post_gallery_size":"crop-500"}],"trending_post":"0","trending_post_position":"meta","trending_post_label":"Trending","sponsored_post":"0","sponsored_post_label":"Sponsored by","sponsored_post_name":"","sponsored_post_url":"","sponsored_post_logo_enable":"0","sponsored_post_logo":"","sponsored_post_desc":"","disable_ad":"0"},"jnews_primary_category":{"id":"","hide":""},"jnews_social_meta":{"fb_title":"","fb_description":"","fb_image":"","twitter_title":"","twitter_description":"","twitter_image":""},"jnews_override_counter":{"override_view_counter":"0","view_counter_number":"0","override_share_counter":"0","share_counter_number":"0","override_like_counter":"0","like_counter_number":"0","override_dislike_counter":"0","dislike_counter_number":"0"},"footnotes":""},"categories":[34,178,30,2085],"tags":[2655,2656,2652,2651,2654,2650],"class_list":["post-20856","post","type-post","status-publish","format-standard","has-post-thumbnail","hentry","category-universite","category-fakultemizden","category-kultur-sanat","category-manset-haber","tag-iletisim-koleksiyonu-sergisi","tag-istanbul-universitesi-iletisim-koleksiyonu","tag-iu-iletisim-fakultesi-koleksiyonu","tag-iu-iletisim-koleksiyonu","tag-kitle-iletisim-araclarinin-tarihi","tag-kitle-iletisim-araclarinin-tarihsel-seruveni"],"_links":{"self":[{"href":"https:\/\/iletim.istanbul.edu.tr\/index.php\/wp-json\/wp\/v2\/posts\/20856","targetHints":{"allow":["GET"]}}],"collection":[{"href":"https:\/\/iletim.istanbul.edu.tr\/index.php\/wp-json\/wp\/v2\/posts"}],"about":[{"href":"https:\/\/iletim.istanbul.edu.tr\/index.php\/wp-json\/wp\/v2\/types\/post"}],"author":[{"embeddable":true,"href":"https:\/\/iletim.istanbul.edu.tr\/index.php\/wp-json\/wp\/v2\/users\/14"}],"replies":[{"embeddable":true,"href":"https:\/\/iletim.istanbul.edu.tr\/index.php\/wp-json\/wp\/v2\/comments?post=20856"}],"version-history":[{"count":0,"href":"https:\/\/iletim.istanbul.edu.tr\/index.php\/wp-json\/wp\/v2\/posts\/20856\/revisions"}],"wp:featuredmedia":[{"embeddable":true,"href":"https:\/\/iletim.istanbul.edu.tr\/index.php\/wp-json\/wp\/v2\/media\/20857"}],"wp:attachment":[{"href":"https:\/\/iletim.istanbul.edu.tr\/index.php\/wp-json\/wp\/v2\/media?parent=20856"}],"wp:term":[{"taxonomy":"category","embeddable":true,"href":"https:\/\/iletim.istanbul.edu.tr\/index.php\/wp-json\/wp\/v2\/categories?post=20856"},{"taxonomy":"post_tag","embeddable":true,"href":"https:\/\/iletim.istanbul.edu.tr\/index.php\/wp-json\/wp\/v2\/tags?post=20856"}],"curies":[{"name":"wp","href":"https:\/\/api.w.org\/{rel}","templated":true}]}}