{"id":20894,"date":"2023-06-20T10:35:37","date_gmt":"2023-06-20T07:35:37","guid":{"rendered":"https:\/\/iletim.istanbul.edu.tr\/?p=20894"},"modified":"2023-06-20T17:13:33","modified_gmt":"2023-06-20T14:13:33","slug":"iletisim-fakultesi-akademik-kurul-toplantisi-gerceklestirildi","status":"publish","type":"post","link":"https:\/\/iletim.istanbul.edu.tr\/index.php\/2023\/06\/20\/iletisim-fakultesi-akademik-kurul-toplantisi-gerceklestirildi\/","title":{"rendered":"&#8220;\u0130leti\u015fim Fak\u00fcltemiz, Uluslararas\u0131 Alanda da S\u00f6z Sahibi Olacak&#8221;"},"content":{"rendered":"\n<p><strong><em>Haber: Rukiye K\u00fcrek<\/em><\/strong><\/p>\n\n\n\n<p><strong><em>Foto\u011fraf: Ba\u015far Uzun, Rukiye K\u00fcrek<\/em><\/strong><\/p>\n\n\n\n<p><strong><em>\u0130stanbul \u00dcniversitesi Haber Merkezi<\/em><\/strong><\/p>\n\n\n\n<p><strong><em>\u0130stanbul \u00dcniversitesi (\u0130\u00dc) \u0130leti\u015fim Fak\u00fcltesi Akademik Genel Kurul Toplant\u0131s\u0131, \u0130leti\u015fim Fak\u00fcltesi Dekan\u0131 Prof. Dr. Abdullah \u00d6zkan\u2019\u0131n ba\u015fkanl\u0131\u011f\u0131nda, Fak\u00fclte \u00f6\u011fretim \u00fcyelerinin kat\u0131l\u0131m\u0131yla 19 Haziran\u2019da ger\u00e7ekle\u015ftirildi. Toplant\u0131da, \u0130leti\u015fim Fak\u00fcltesi\u2019nin e\u011fitim-\u00f6\u011fretim, bilimsel ara\u015ft\u0131rma \u00e7al\u0131\u015fmalar\u0131 ve faaliyetleriyle ilgili kapsaml\u0131 de\u011ferlendirmeler yap\u0131ld\u0131.<\/em><\/strong><\/p>\n\n\n\n<p>\u0130\u00dc \u0130leti\u015fim Fak\u00fcltesi Akademik Genel Kurul Toplant\u0131s\u0131 ger\u00e7ekle\u015ftirildi. \u0130leti\u015fim Fak\u00fcltesi Dekan\u0131 Prof. Dr. Abdullah \u00d6zkan\u2019\u0131n ba\u015fkanl\u0131\u011f\u0131nda yap\u0131lan toplant\u0131ya; Gazetecilik, Halkla \u0130li\u015fkiler ve Tan\u0131t\u0131m ve Radyo, Televizyon ve Sinema B\u00f6l\u00fcm\u00fc \u00f6\u011fretim \u00fcyeleri kat\u0131ld\u0131.<\/p>\n\n\n<div class=\"wp-block-image\">\n<figure class=\"aligncenter size-full\"><img decoding=\"async\" width=\"1024\" height=\"682\" src=\"https:\/\/iletim.istanbul.edu.tr\/wp-content\/uploads\/3-4.jpeg\" alt=\"\" class=\"wp-image-20898\" srcset=\"https:\/\/iletim.istanbul.edu.tr\/wp-content\/uploads\/3-4.jpeg 1024w, https:\/\/iletim.istanbul.edu.tr\/wp-content\/uploads\/3-4-300x200.jpeg 300w, https:\/\/iletim.istanbul.edu.tr\/wp-content\/uploads\/3-4-768x512.jpeg 768w, https:\/\/iletim.istanbul.edu.tr\/wp-content\/uploads\/3-4-750x500.jpeg 750w\" sizes=\"(max-width: 1024px) 100vw, 1024px\" \/><\/figure><\/div>\n\n\n<p><\/p>\n\n\n\n<p><strong>\u201cFak\u00fcltemizi el birli\u011fiyle daha da ileriye ta\u015f\u0131yaca\u011f\u0131z\u201d<\/strong><\/p>\n\n\n\n<p>Akademik Genel Kurul Toplant\u0131s\u0131, Prof. Dr. \u00d6zkan\u2019\u0131n genel de\u011ferlendirme sunumuyla ba\u015flad\u0131. \u00d6\u011fretim \u00fcyelerinin, \u0130leti\u015fim Fak\u00fcltesi\u2019nin en \u00f6nemli de\u011ferleri oldu\u011funu belirterek s\u00f6zlerine ba\u015flayan Prof. Dr. \u00d6zkan, yap\u0131lan \u00e7al\u0131\u015fmalarda t\u00fcm \u00f6\u011fretim \u00fcyelerinin b\u00fcy\u00fck \u00e7abalar sarf etti\u011fini ve bunun \u00e7ok k\u0131ymetli oldu\u011funu vurgulayarak, \u201c\u0130leti\u015fim Fak\u00fcltemizi el birli\u011fiyle daha da ilerilere ta\u015f\u0131yaca\u011f\u0131z. Fak\u00fcltemizin uluslararas\u0131 alanda da s\u00f6z sahibi olaca\u011f\u0131na inan\u0131yor ve hepinize \u015f\u00fckranlar\u0131m\u0131 sunuyorum\u201d dedi.<\/p>\n\n\n<div class=\"wp-block-image\">\n<figure class=\"aligncenter size-full\"><img decoding=\"async\" width=\"1024\" height=\"682\" src=\"https:\/\/iletim.istanbul.edu.tr\/wp-content\/uploads\/1-4.jpeg\" alt=\"\" class=\"wp-image-20897\" srcset=\"https:\/\/iletim.istanbul.edu.tr\/wp-content\/uploads\/1-4.jpeg 1024w, https:\/\/iletim.istanbul.edu.tr\/wp-content\/uploads\/1-4-300x200.jpeg 300w, https:\/\/iletim.istanbul.edu.tr\/wp-content\/uploads\/1-4-768x512.jpeg 768w, https:\/\/iletim.istanbul.edu.tr\/wp-content\/uploads\/1-4-750x500.jpeg 750w\" sizes=\"(max-width: 1024px) 100vw, 1024px\" \/><\/figure><\/div>\n\n\n<p><\/p>\n\n\n\n<p><strong>\u201c\u00d6\u011fretim \u00fcyelerimizle ve \u00f6\u011frencilerimizle gurur duyuyoruz\u201d<\/strong><\/p>\n\n\n\n<p>Prof. Dr. \u00d6zkan sunumuna, \u0130leti\u015fim Fak\u00fcltesi\u2019nin yeni binas\u0131, yeni logosu, g\u00fcncellenen m\u00fcfredat\u0131 ve akreditasyon s\u00fcre\u00e7leri hakk\u0131nda bilgiler vererek ba\u015flad\u0131. \u0130leti\u015fim Fak\u00fcltesi\u2019nin bilimsel dergileri Connectist, D\u00f6rd\u00fcnc\u00fc Boyut ve Filmvisio ile ilgili de\u011ferlendirmelerde bulunarak s\u00f6zlerine devam eden Prof. Dr. \u00d6zkan, D\u0131\u015f Staj Ofisi, Mezunlarla \u0130li\u015fkiler Ofisi, \u00d6\u011frenci Dan\u0131\u015fma ve Kariyer Ofisi ve Dil Ofisi\u2019nde ger\u00e7ekle\u015ftirilen faaliyetleri ele ald\u0131. \u0130leti\u015fim Fak\u00fcltesi\u2019nin, \u00f6nemli yar\u0131\u015fmalarda \u00e7e\u015fitli \u00f6d\u00fcller alan \u00f6\u011frencileriyle gurur duyduklar\u0131n\u0131 belirterek sunumunu s\u00fcrd\u00fcren Prof. Dr. \u00d6zkan, akademik unvan ve kadroda y\u00fckselme alan \u00f6\u011fretim \u00fcyelerine de tebriklerini iletti. Sunumuna, \u00f6\u011fretim \u00fcyelerinin proje ve patentleriyle devam eden Prof. Dr. \u00d6zkan, bu \u00e7al\u0131\u015fmalar\u0131n hem \u0130leti\u015fim Fak\u00fcltesi hem de bilim d\u00fcnyas\u0131 i\u00e7in \u00e7ok de\u011ferli \u00fcretimler oldu\u011funu vurgulad\u0131.<\/p>\n\n\n<div class=\"wp-block-image\">\n<figure class=\"aligncenter size-full\"><img decoding=\"async\" width=\"1024\" height=\"682\" src=\"https:\/\/iletim.istanbul.edu.tr\/wp-content\/uploads\/6-3.jpeg\" alt=\"\" class=\"wp-image-20899\" srcset=\"https:\/\/iletim.istanbul.edu.tr\/wp-content\/uploads\/6-3.jpeg 1024w, https:\/\/iletim.istanbul.edu.tr\/wp-content\/uploads\/6-3-300x200.jpeg 300w, https:\/\/iletim.istanbul.edu.tr\/wp-content\/uploads\/6-3-768x512.jpeg 768w, https:\/\/iletim.istanbul.edu.tr\/wp-content\/uploads\/6-3-750x500.jpeg 750w\" sizes=\"(max-width: 1024px) 100vw, 1024px\" \/><\/figure><\/div>\n\n\n<p><\/p>\n\n\n\n<p><strong>\u201cBa\u015far\u0131l\u0131 \u00f6\u011frencilerin tercihiyiz\u201d<\/strong><\/p>\n\n\n\n<p>Prof. Dr. \u00d6zkan daha sonra, \u0130leti\u015fim Fak\u00fcltesi\u2019nde ger\u00e7ekle\u015ftirilen at\u00f6lye ve etkinlikleri; uygulama birimlerinin, \u00f6\u011frenci kul\u00fcplerinin ve spor tak\u0131mlar\u0131n\u0131n faaliyetlerini ele ald\u0131. \u0130leti\u015fim Fak\u00fcltesi b\u00fcnyesinde a\u00e7\u0131lan yeni lisans\u00fcst\u00fc programlar\u0131 hakk\u0131nda da bilgiler payla\u015fan Prof. Dr. \u00d6zkan, \u0130\u00dc \u0130leti\u015fim Fak\u00fcltesi\u2019nin, en ba\u015far\u0131l\u0131 \u00f6\u011frenciler taraf\u0131ndan tercih edilen bir fak\u00fclte oldu\u011funu belirterek, ilk 5 binden 6, ilk 10 binden 33, ilk 20 binden 112 ve ilk 30 binden 156 \u00f6\u011frencinin \u00fcniversite ve fak\u00fclte tercihini \u0130stanbul \u0130leti\u015fim\u2019den yana yapt\u0131\u011f\u0131n\u0131 s\u00f6yledi ve sunumunu tamamlad\u0131.<\/p>\n\n\n\n<p><strong>Bilimsel \u00c7al\u0131\u015fmalar ile E\u011fitim, \u00d6\u011fretim ve Uygulama Faaliyetleri Ele Al\u0131nd\u0131<\/strong><\/p>\n\n\n\n<p>Prof. Dr. \u00d6zkan\u2019\u0131n konu\u015fmas\u0131n\u0131n ard\u0131ndan Radyo, Televizyon ve Sinema B\u00f6l\u00fcm\u00fc Ba\u015fkan\u0131 Prof. Dr. \u015e\u00fckr\u00fc Sim, Gazetecilik B\u00f6l\u00fcm\u00fc Ba\u015fkan\u0131 Prof. Dr. Ali Murat Vural ve Halkla \u0130li\u015fkiler ve Tan\u0131t\u0131m B\u00f6l\u00fcm\u00fc Ba\u015fkan\u0131 Prof. Dr. Sevimece Karado\u011fan Doruk, b\u00f6l\u00fcmlerinde ger\u00e7ekle\u015ftirilen faaliyetler hakk\u0131nda konu\u015ftu. <\/p>\n\n\n\n<figure class=\"wp-block-gallery has-nested-images columns-default is-cropped wp-block-gallery-1 is-layout-flex wp-block-gallery-is-layout-flex\">\n<figure class=\"wp-block-image size-large\"><img decoding=\"async\" width=\"1024\" height=\"680\" data-id=\"20900\" src=\"https:\/\/iletim.istanbul.edu.tr\/wp-content\/uploads\/DSC_9215-1024x680.jpg\" alt=\"\" class=\"wp-image-20900\" srcset=\"https:\/\/iletim.istanbul.edu.tr\/wp-content\/uploads\/DSC_9215-1024x680.jpg 1024w, https:\/\/iletim.istanbul.edu.tr\/wp-content\/uploads\/DSC_9215-300x199.jpg 300w, https:\/\/iletim.istanbul.edu.tr\/wp-content\/uploads\/DSC_9215-768x510.jpg 768w, https:\/\/iletim.istanbul.edu.tr\/wp-content\/uploads\/DSC_9215-1536x1020.jpg 1536w, https:\/\/iletim.istanbul.edu.tr\/wp-content\/uploads\/DSC_9215-750x498.jpg 750w, https:\/\/iletim.istanbul.edu.tr\/wp-content\/uploads\/DSC_9215-1140x757.jpg 1140w, https:\/\/iletim.istanbul.edu.tr\/wp-content\/uploads\/DSC_9215.jpg 2000w\" sizes=\"(max-width: 1024px) 100vw, 1024px\" \/><\/figure>\n\n\n\n<figure class=\"wp-block-image size-large\"><img decoding=\"async\" width=\"1024\" height=\"680\" data-id=\"20901\" src=\"https:\/\/iletim.istanbul.edu.tr\/wp-content\/uploads\/DSC_9248-1024x680.jpg\" alt=\"\" class=\"wp-image-20901\" srcset=\"https:\/\/iletim.istanbul.edu.tr\/wp-content\/uploads\/DSC_9248-1024x680.jpg 1024w, https:\/\/iletim.istanbul.edu.tr\/wp-content\/uploads\/DSC_9248-300x199.jpg 300w, https:\/\/iletim.istanbul.edu.tr\/wp-content\/uploads\/DSC_9248-768x510.jpg 768w, https:\/\/iletim.istanbul.edu.tr\/wp-content\/uploads\/DSC_9248-1536x1020.jpg 1536w, https:\/\/iletim.istanbul.edu.tr\/wp-content\/uploads\/DSC_9248-750x498.jpg 750w, https:\/\/iletim.istanbul.edu.tr\/wp-content\/uploads\/DSC_9248-1140x757.jpg 1140w, https:\/\/iletim.istanbul.edu.tr\/wp-content\/uploads\/DSC_9248.jpg 2000w\" sizes=\"(max-width: 1024px) 100vw, 1024px\" \/><\/figure>\n\n\n\n<figure class=\"wp-block-image size-large\"><img decoding=\"async\" width=\"1024\" height=\"680\" data-id=\"20902\" src=\"https:\/\/iletim.istanbul.edu.tr\/wp-content\/uploads\/DSC_9264-1024x680.jpg\" alt=\"\" class=\"wp-image-20902\" srcset=\"https:\/\/iletim.istanbul.edu.tr\/wp-content\/uploads\/DSC_9264-1024x680.jpg 1024w, https:\/\/iletim.istanbul.edu.tr\/wp-content\/uploads\/DSC_9264-300x199.jpg 300w, https:\/\/iletim.istanbul.edu.tr\/wp-content\/uploads\/DSC_9264-768x510.jpg 768w, https:\/\/iletim.istanbul.edu.tr\/wp-content\/uploads\/DSC_9264-1536x1020.jpg 1536w, https:\/\/iletim.istanbul.edu.tr\/wp-content\/uploads\/DSC_9264-750x498.jpg 750w, https:\/\/iletim.istanbul.edu.tr\/wp-content\/uploads\/DSC_9264-1140x757.jpg 1140w, https:\/\/iletim.istanbul.edu.tr\/wp-content\/uploads\/DSC_9264.jpg 2000w\" sizes=\"(max-width: 1024px) 100vw, 1024px\" \/><\/figure>\n<\/figure>\n\n\n\n<p><\/p>\n\n\n\n<p>B\u00f6l\u00fcm Ba\u015fkanlar\u0131n\u0131n sunumlar\u0131ndan sonra \u0130leti\u015fim Fak\u00fcltesi\u2019nin bilimsel dergilerinin edit\u00f6rlerinin sunumlar\u0131na ge\u00e7ildi. Connectist i\u00e7in, Prof. Dr. Ay\u015fen Akkor G\u00fcl ad\u0131na Ar\u015f. G\u00f6r Onur Karahan, D\u00f6rd\u00fcnc\u00fc Boyut i\u00e7in Prof. Dr. Emine Yava\u015fgel ve Filmvisio i\u00e7in Prof. Dr. \u015e\u00fckr\u00fc Sim\u2019in konu\u015fmalar\u0131n\u0131n ard\u0131ndan, \u0130leti\u015fim Fak\u00fcltesi De\u011fi\u015fim Programlar\u0131n\u0131n Koordinat\u00f6rleri s\u00f6z ald\u0131. Erasmus De\u011fi\u015fim Program\u0131 hakk\u0131nda Prof. Dr. Hatun Boztepe Ta\u015fk\u0131ran, Farabi De\u011fi\u015fim Program\u0131 hakk\u0131nda Prof. Dr. Belk\u0131s Ulusoy ad\u0131na Prof. Dr. Feride Ak\u0131m ve Mevlana De\u011fi\u015fim Program\u0131 hakk\u0131nda Prof. Dr. Se\u00e7kin \u00d6zmen sunumlar\u0131n\u0131 yapt\u0131.<\/p>\n\n\n\n<figure class=\"wp-block-gallery has-nested-images columns-default is-cropped wp-block-gallery-2 is-layout-flex wp-block-gallery-is-layout-flex\">\n<figure class=\"wp-block-image size-large\"><img decoding=\"async\" width=\"1024\" height=\"680\" data-id=\"20907\" src=\"https:\/\/iletim.istanbul.edu.tr\/wp-content\/uploads\/DSC_9271-1024x680.jpg\" alt=\"\" class=\"wp-image-20907\" srcset=\"https:\/\/iletim.istanbul.edu.tr\/wp-content\/uploads\/DSC_9271-1024x680.jpg 1024w, https:\/\/iletim.istanbul.edu.tr\/wp-content\/uploads\/DSC_9271-300x199.jpg 300w, https:\/\/iletim.istanbul.edu.tr\/wp-content\/uploads\/DSC_9271-768x510.jpg 768w, https:\/\/iletim.istanbul.edu.tr\/wp-content\/uploads\/DSC_9271-1536x1020.jpg 1536w, https:\/\/iletim.istanbul.edu.tr\/wp-content\/uploads\/DSC_9271-750x498.jpg 750w, https:\/\/iletim.istanbul.edu.tr\/wp-content\/uploads\/DSC_9271-1140x757.jpg 1140w, https:\/\/iletim.istanbul.edu.tr\/wp-content\/uploads\/DSC_9271.jpg 2000w\" sizes=\"(max-width: 1024px) 100vw, 1024px\" \/><\/figure>\n\n\n\n<figure class=\"wp-block-image size-large\"><img decoding=\"async\" width=\"1024\" height=\"680\" data-id=\"20903\" src=\"https:\/\/iletim.istanbul.edu.tr\/wp-content\/uploads\/DSC_9276-1024x680.jpg\" alt=\"\" class=\"wp-image-20903\" srcset=\"https:\/\/iletim.istanbul.edu.tr\/wp-content\/uploads\/DSC_9276-1024x680.jpg 1024w, https:\/\/iletim.istanbul.edu.tr\/wp-content\/uploads\/DSC_9276-300x199.jpg 300w, https:\/\/iletim.istanbul.edu.tr\/wp-content\/uploads\/DSC_9276-768x510.jpg 768w, https:\/\/iletim.istanbul.edu.tr\/wp-content\/uploads\/DSC_9276-1536x1020.jpg 1536w, https:\/\/iletim.istanbul.edu.tr\/wp-content\/uploads\/DSC_9276-750x498.jpg 750w, https:\/\/iletim.istanbul.edu.tr\/wp-content\/uploads\/DSC_9276-1140x757.jpg 1140w, https:\/\/iletim.istanbul.edu.tr\/wp-content\/uploads\/DSC_9276.jpg 2000w\" sizes=\"(max-width: 1024px) 100vw, 1024px\" \/><\/figure>\n\n\n\n<figure class=\"wp-block-image size-large\"><img decoding=\"async\" width=\"1024\" height=\"680\" data-id=\"20906\" src=\"https:\/\/iletim.istanbul.edu.tr\/wp-content\/uploads\/DSC_9314-1024x680.jpg\" alt=\"\" class=\"wp-image-20906\" srcset=\"https:\/\/iletim.istanbul.edu.tr\/wp-content\/uploads\/DSC_9314-1024x680.jpg 1024w, https:\/\/iletim.istanbul.edu.tr\/wp-content\/uploads\/DSC_9314-300x199.jpg 300w, https:\/\/iletim.istanbul.edu.tr\/wp-content\/uploads\/DSC_9314-768x510.jpg 768w, https:\/\/iletim.istanbul.edu.tr\/wp-content\/uploads\/DSC_9314-1536x1020.jpg 1536w, https:\/\/iletim.istanbul.edu.tr\/wp-content\/uploads\/DSC_9314-750x498.jpg 750w, https:\/\/iletim.istanbul.edu.tr\/wp-content\/uploads\/DSC_9314-1140x757.jpg 1140w, https:\/\/iletim.istanbul.edu.tr\/wp-content\/uploads\/DSC_9314.jpg 2000w\" sizes=\"(max-width: 1024px) 100vw, 1024px\" \/><\/figure>\n\n\n\n<figure class=\"wp-block-image size-large\"><img decoding=\"async\" width=\"1024\" height=\"680\" data-id=\"20905\" src=\"https:\/\/iletim.istanbul.edu.tr\/wp-content\/uploads\/DSC_9305-1024x680.jpg\" alt=\"\" class=\"wp-image-20905\" srcset=\"https:\/\/iletim.istanbul.edu.tr\/wp-content\/uploads\/DSC_9305-1024x680.jpg 1024w, https:\/\/iletim.istanbul.edu.tr\/wp-content\/uploads\/DSC_9305-300x199.jpg 300w, https:\/\/iletim.istanbul.edu.tr\/wp-content\/uploads\/DSC_9305-768x510.jpg 768w, https:\/\/iletim.istanbul.edu.tr\/wp-content\/uploads\/DSC_9305-1536x1020.jpg 1536w, https:\/\/iletim.istanbul.edu.tr\/wp-content\/uploads\/DSC_9305-750x498.jpg 750w, https:\/\/iletim.istanbul.edu.tr\/wp-content\/uploads\/DSC_9305-1140x757.jpg 1140w, https:\/\/iletim.istanbul.edu.tr\/wp-content\/uploads\/DSC_9305.jpg 2000w\" sizes=\"(max-width: 1024px) 100vw, 1024px\" \/><\/figure>\n\n\n\n<figure class=\"wp-block-image size-large\"><img decoding=\"async\" width=\"1024\" height=\"680\" data-id=\"20904\" src=\"https:\/\/iletim.istanbul.edu.tr\/wp-content\/uploads\/DSC_9297-1024x680.jpg\" alt=\"\" class=\"wp-image-20904\" srcset=\"https:\/\/iletim.istanbul.edu.tr\/wp-content\/uploads\/DSC_9297-1024x680.jpg 1024w, https:\/\/iletim.istanbul.edu.tr\/wp-content\/uploads\/DSC_9297-300x199.jpg 300w, https:\/\/iletim.istanbul.edu.tr\/wp-content\/uploads\/DSC_9297-768x510.jpg 768w, https:\/\/iletim.istanbul.edu.tr\/wp-content\/uploads\/DSC_9297-1536x1020.jpg 1536w, https:\/\/iletim.istanbul.edu.tr\/wp-content\/uploads\/DSC_9297-750x498.jpg 750w, https:\/\/iletim.istanbul.edu.tr\/wp-content\/uploads\/DSC_9297-1140x757.jpg 1140w, https:\/\/iletim.istanbul.edu.tr\/wp-content\/uploads\/DSC_9297.jpg 2000w\" sizes=\"(max-width: 1024px) 100vw, 1024px\" \/><\/figure>\n<\/figure>\n\n\n\n<p><\/p>\n\n\n\n<p>Akademik Genel Kurul Toplant\u0131s\u0131, Prof. Dr. Asl\u0131 Yapar G\u00f6nen\u00e7\u2019in Yabanc\u0131 Dil Ofisi, Prof. Dr. Feride Ak\u0131m\u2019\u0131n D\u0131\u015f Staj Ofisi, Do\u00e7. Dr. \u00d6zlem Kalan\u2019\u0131n Kariyer ve \u00d6\u011frenci Dan\u0131\u015fma Ofisi, Do\u00e7. Dr. \u00d6zlem Arda\u2019n\u0131n Mezunlarla \u0130li\u015fkiler Ofisi ile ilgili bilgiler payla\u015ft\u0131klar\u0131 sunumlar\u0131yla devam etti. Daha sonra Do\u00e7. Dr. Gizem Parlayandemir \u0130leti\u015fim Fak\u00fcltesi\u2019nin sosyal medya y\u00f6netimi, Do\u00e7. Dr. Alev Aslan da kalite y\u00f6netimi ile ilgili de\u011ferlendirmelerde bulundu. \u0130leti\u015fim Fak\u00fcltesi Uygulama Birimlerinden \u0130letim Gazetesi i\u00e7in Do\u00e7. Dr. H\u00fclya Semiz T\u00fcrko\u011flu, Radyo \u0130leti\u015fim i\u00e7in Do\u00e7. Dr. F\u0131rat Tufan, \u0130\u00dcWEBTV i\u00e7in Do\u00e7. Dr. \u00dcmit Sar\u0131 ve Ajans \u0130stanbul \u0130leti\u015fim i\u00e7in \u00d6\u011fr. G\u00f6r. Fatih \u00d6zkoyuncu\u2019nun konu\u015fmalar\u0131yla devam eden Akademik Genel Kurul Toplant\u0131s\u0131, Ar\u015f. G\u00f6r. Dr. Ahmet Kadri Kur\u015fun\u2019un s\u0131navlar ve ders programlar\u0131 ile ilgili sunumu ile tamamland\u0131.<\/p>\n\n\n\n<figure class=\"wp-block-gallery has-nested-images columns-default is-cropped wp-block-gallery-3 is-layout-flex wp-block-gallery-is-layout-flex\">\n<figure class=\"wp-block-image size-large\"><img decoding=\"async\" width=\"1024\" height=\"680\" data-id=\"20914\" src=\"https:\/\/iletim.istanbul.edu.tr\/wp-content\/uploads\/DSC_9316-1024x680.jpg\" alt=\"\" class=\"wp-image-20914\" srcset=\"https:\/\/iletim.istanbul.edu.tr\/wp-content\/uploads\/DSC_9316-1024x680.jpg 1024w, https:\/\/iletim.istanbul.edu.tr\/wp-content\/uploads\/DSC_9316-300x199.jpg 300w, https:\/\/iletim.istanbul.edu.tr\/wp-content\/uploads\/DSC_9316-768x510.jpg 768w, https:\/\/iletim.istanbul.edu.tr\/wp-content\/uploads\/DSC_9316-1536x1020.jpg 1536w, https:\/\/iletim.istanbul.edu.tr\/wp-content\/uploads\/DSC_9316-750x498.jpg 750w, https:\/\/iletim.istanbul.edu.tr\/wp-content\/uploads\/DSC_9316-1140x757.jpg 1140w, https:\/\/iletim.istanbul.edu.tr\/wp-content\/uploads\/DSC_9316.jpg 2000w\" sizes=\"(max-width: 1024px) 100vw, 1024px\" \/><\/figure>\n\n\n\n<figure class=\"wp-block-image size-large\"><img decoding=\"async\" width=\"1024\" height=\"680\" data-id=\"20912\" src=\"https:\/\/iletim.istanbul.edu.tr\/wp-content\/uploads\/DSC_9331-1024x680.jpg\" alt=\"\" class=\"wp-image-20912\" srcset=\"https:\/\/iletim.istanbul.edu.tr\/wp-content\/uploads\/DSC_9331-1024x680.jpg 1024w, https:\/\/iletim.istanbul.edu.tr\/wp-content\/uploads\/DSC_9331-300x199.jpg 300w, https:\/\/iletim.istanbul.edu.tr\/wp-content\/uploads\/DSC_9331-768x510.jpg 768w, https:\/\/iletim.istanbul.edu.tr\/wp-content\/uploads\/DSC_9331-1536x1020.jpg 1536w, https:\/\/iletim.istanbul.edu.tr\/wp-content\/uploads\/DSC_9331-750x498.jpg 750w, https:\/\/iletim.istanbul.edu.tr\/wp-content\/uploads\/DSC_9331-1140x757.jpg 1140w, https:\/\/iletim.istanbul.edu.tr\/wp-content\/uploads\/DSC_9331.jpg 2000w\" sizes=\"(max-width: 1024px) 100vw, 1024px\" \/><\/figure>\n\n\n\n<figure class=\"wp-block-image size-large\"><img decoding=\"async\" width=\"1024\" height=\"680\" data-id=\"20915\" src=\"https:\/\/iletim.istanbul.edu.tr\/wp-content\/uploads\/DSC_9338-1024x680.jpg\" alt=\"\" class=\"wp-image-20915\" srcset=\"https:\/\/iletim.istanbul.edu.tr\/wp-content\/uploads\/DSC_9338-1024x680.jpg 1024w, https:\/\/iletim.istanbul.edu.tr\/wp-content\/uploads\/DSC_9338-300x199.jpg 300w, https:\/\/iletim.istanbul.edu.tr\/wp-content\/uploads\/DSC_9338-768x510.jpg 768w, https:\/\/iletim.istanbul.edu.tr\/wp-content\/uploads\/DSC_9338-1536x1020.jpg 1536w, https:\/\/iletim.istanbul.edu.tr\/wp-content\/uploads\/DSC_9338-750x498.jpg 750w, https:\/\/iletim.istanbul.edu.tr\/wp-content\/uploads\/DSC_9338-1140x757.jpg 1140w, https:\/\/iletim.istanbul.edu.tr\/wp-content\/uploads\/DSC_9338.jpg 2000w\" sizes=\"(max-width: 1024px) 100vw, 1024px\" \/><\/figure>\n\n\n\n<figure class=\"wp-block-image size-large\"><img decoding=\"async\" width=\"1024\" height=\"680\" data-id=\"20911\" src=\"https:\/\/iletim.istanbul.edu.tr\/wp-content\/uploads\/DSC_9350-1024x680.jpg\" alt=\"\" class=\"wp-image-20911\" srcset=\"https:\/\/iletim.istanbul.edu.tr\/wp-content\/uploads\/DSC_9350-1024x680.jpg 1024w, https:\/\/iletim.istanbul.edu.tr\/wp-content\/uploads\/DSC_9350-300x199.jpg 300w, https:\/\/iletim.istanbul.edu.tr\/wp-content\/uploads\/DSC_9350-768x510.jpg 768w, https:\/\/iletim.istanbul.edu.tr\/wp-content\/uploads\/DSC_9350-1536x1020.jpg 1536w, https:\/\/iletim.istanbul.edu.tr\/wp-content\/uploads\/DSC_9350-750x498.jpg 750w, https:\/\/iletim.istanbul.edu.tr\/wp-content\/uploads\/DSC_9350-1140x757.jpg 1140w, https:\/\/iletim.istanbul.edu.tr\/wp-content\/uploads\/DSC_9350.jpg 2000w\" sizes=\"(max-width: 1024px) 100vw, 1024px\" \/><\/figure>\n\n\n\n<figure class=\"wp-block-image size-large\"><img decoding=\"async\" width=\"1024\" height=\"680\" data-id=\"20916\" src=\"https:\/\/iletim.istanbul.edu.tr\/wp-content\/uploads\/DSC_9360-1024x680.jpg\" alt=\"\" class=\"wp-image-20916\" srcset=\"https:\/\/iletim.istanbul.edu.tr\/wp-content\/uploads\/DSC_9360-1024x680.jpg 1024w, https:\/\/iletim.istanbul.edu.tr\/wp-content\/uploads\/DSC_9360-300x199.jpg 300w, https:\/\/iletim.istanbul.edu.tr\/wp-content\/uploads\/DSC_9360-768x510.jpg 768w, https:\/\/iletim.istanbul.edu.tr\/wp-content\/uploads\/DSC_9360-1536x1020.jpg 1536w, https:\/\/iletim.istanbul.edu.tr\/wp-content\/uploads\/DSC_9360-750x498.jpg 750w, https:\/\/iletim.istanbul.edu.tr\/wp-content\/uploads\/DSC_9360-1140x757.jpg 1140w, https:\/\/iletim.istanbul.edu.tr\/wp-content\/uploads\/DSC_9360.jpg 2000w\" sizes=\"(max-width: 1024px) 100vw, 1024px\" \/><\/figure>\n\n\n\n<figure class=\"wp-block-image size-large\"><img decoding=\"async\" width=\"1024\" height=\"680\" data-id=\"20913\" src=\"https:\/\/iletim.istanbul.edu.tr\/wp-content\/uploads\/DSC_9371-1024x680.jpg\" alt=\"\" class=\"wp-image-20913\" srcset=\"https:\/\/iletim.istanbul.edu.tr\/wp-content\/uploads\/DSC_9371-1024x680.jpg 1024w, https:\/\/iletim.istanbul.edu.tr\/wp-content\/uploads\/DSC_9371-300x199.jpg 300w, https:\/\/iletim.istanbul.edu.tr\/wp-content\/uploads\/DSC_9371-768x510.jpg 768w, https:\/\/iletim.istanbul.edu.tr\/wp-content\/uploads\/DSC_9371-1536x1020.jpg 1536w, https:\/\/iletim.istanbul.edu.tr\/wp-content\/uploads\/DSC_9371-750x498.jpg 750w, https:\/\/iletim.istanbul.edu.tr\/wp-content\/uploads\/DSC_9371-1140x757.jpg 1140w, https:\/\/iletim.istanbul.edu.tr\/wp-content\/uploads\/DSC_9371.jpg 2000w\" sizes=\"(max-width: 1024px) 100vw, 1024px\" \/><\/figure>\n\n\n\n<figure class=\"wp-block-image size-large\"><img decoding=\"async\" width=\"1024\" height=\"680\" data-id=\"20917\" src=\"https:\/\/iletim.istanbul.edu.tr\/wp-content\/uploads\/DSC_9381-1024x680.jpg\" alt=\"\" class=\"wp-image-20917\" srcset=\"https:\/\/iletim.istanbul.edu.tr\/wp-content\/uploads\/DSC_9381-1024x680.jpg 1024w, https:\/\/iletim.istanbul.edu.tr\/wp-content\/uploads\/DSC_9381-300x199.jpg 300w, https:\/\/iletim.istanbul.edu.tr\/wp-content\/uploads\/DSC_9381-768x510.jpg 768w, https:\/\/iletim.istanbul.edu.tr\/wp-content\/uploads\/DSC_9381-1536x1020.jpg 1536w, https:\/\/iletim.istanbul.edu.tr\/wp-content\/uploads\/DSC_9381-750x498.jpg 750w, https:\/\/iletim.istanbul.edu.tr\/wp-content\/uploads\/DSC_9381-1140x757.jpg 1140w, https:\/\/iletim.istanbul.edu.tr\/wp-content\/uploads\/DSC_9381.jpg 2000w\" sizes=\"(max-width: 1024px) 100vw, 1024px\" \/><\/figure>\n\n\n\n<figure class=\"wp-block-image size-large\"><img decoding=\"async\" width=\"1024\" height=\"680\" data-id=\"20919\" src=\"https:\/\/iletim.istanbul.edu.tr\/wp-content\/uploads\/DSC_9387-1024x680.jpg\" alt=\"\" class=\"wp-image-20919\" srcset=\"https:\/\/iletim.istanbul.edu.tr\/wp-content\/uploads\/DSC_9387-1024x680.jpg 1024w, https:\/\/iletim.istanbul.edu.tr\/wp-content\/uploads\/DSC_9387-300x199.jpg 300w, https:\/\/iletim.istanbul.edu.tr\/wp-content\/uploads\/DSC_9387-768x510.jpg 768w, https:\/\/iletim.istanbul.edu.tr\/wp-content\/uploads\/DSC_9387-1536x1020.jpg 1536w, https:\/\/iletim.istanbul.edu.tr\/wp-content\/uploads\/DSC_9387-750x498.jpg 750w, https:\/\/iletim.istanbul.edu.tr\/wp-content\/uploads\/DSC_9387-1140x757.jpg 1140w, https:\/\/iletim.istanbul.edu.tr\/wp-content\/uploads\/DSC_9387.jpg 2000w\" sizes=\"(max-width: 1024px) 100vw, 1024px\" \/><\/figure>\n\n\n\n<figure class=\"wp-block-image size-large\"><img decoding=\"async\" width=\"1024\" height=\"680\" data-id=\"20918\" src=\"https:\/\/iletim.istanbul.edu.tr\/wp-content\/uploads\/DSC_9392-1024x680.jpg\" alt=\"\" class=\"wp-image-20918\" srcset=\"https:\/\/iletim.istanbul.edu.tr\/wp-content\/uploads\/DSC_9392-1024x680.jpg 1024w, https:\/\/iletim.istanbul.edu.tr\/wp-content\/uploads\/DSC_9392-300x199.jpg 300w, https:\/\/iletim.istanbul.edu.tr\/wp-content\/uploads\/DSC_9392-768x510.jpg 768w, https:\/\/iletim.istanbul.edu.tr\/wp-content\/uploads\/DSC_9392-1536x1020.jpg 1536w, https:\/\/iletim.istanbul.edu.tr\/wp-content\/uploads\/DSC_9392-750x498.jpg 750w, https:\/\/iletim.istanbul.edu.tr\/wp-content\/uploads\/DSC_9392-1140x757.jpg 1140w, https:\/\/iletim.istanbul.edu.tr\/wp-content\/uploads\/DSC_9392.jpg 2000w\" sizes=\"(max-width: 1024px) 100vw, 1024px\" \/><\/figure>\n<\/figure>\n\n\n\n<p><\/p>\n\n\n\n<p>Toplant\u0131n\u0131n kapan\u0131\u015f konu\u015fmas\u0131n\u0131 yapan \u0130leti\u015fim Fak\u00fcltesi Dekan\u0131 Prof. Dr. Abdullah \u00d6zkan, yap\u0131lan \u00e7al\u0131\u015fmalarda ve elde edilen ba\u015far\u0131larda eme\u011fi olan herkese te\u015fekk\u00fcrlerini iletti ve \u0130leti\u015fim Fak\u00fcltesi\u2019nin daha da geli\u015fmesi i\u00e7in \u00e7ok \u00e7al\u0131\u015fmaya devam edeceklerini belirterek s\u00f6zlerini noktalad\u0131.<\/p>\n","protected":false},"excerpt":{"rendered":"<p>Haber: Rukiye K\u00fcrek Foto\u011fraf: Ba\u015far Uzun, Rukiye K\u00fcrek \u0130stanbul \u00dcniversitesi Haber Merkezi \u0130stanbul \u00dcniversitesi (\u0130\u00dc) \u0130leti\u015fim Fak\u00fcltesi Akademik Genel Kurul Toplant\u0131s\u0131, \u0130leti\u015fim Fak\u00fcltesi Dekan\u0131 Prof. Dr. Abdullah \u00d6zkan\u2019\u0131n ba\u015fkanl\u0131\u011f\u0131nda, Fak\u00fclte \u00f6\u011fretim \u00fcyelerinin kat\u0131l\u0131m\u0131yla 19 Haziran\u2019da ger\u00e7ekle\u015ftirildi. Toplant\u0131da, \u0130leti\u015fim Fak\u00fcltesi\u2019nin e\u011fitim-\u00f6\u011fretim, bilimsel ara\u015ft\u0131rma \u00e7al\u0131\u015fmalar\u0131 ve faaliyetleriyle ilgili kapsaml\u0131 de\u011ferlendirmeler yap\u0131ld\u0131. \u0130\u00dc \u0130leti\u015fim Fak\u00fcltesi Akademik Genel Kurul [&hellip;]<\/p>\n","protected":false},"author":14,"featured_media":20896,"comment_status":"closed","ping_status":"open","sticky":false,"template":"","format":"standard","meta":{"jnews-multi-image_gallery":[],"jnews_single_post":{"subtitle":"","format":"standard","video":"","gallery":"","source_name":"","source_url":"","via_name":"","via_url":"","override_template":"0","override":[{"template":"1","single_blog_custom":"","parallax":"1","fullscreen":"1","layout":"double-sidebar","sidebar":"single-left","second_sidebar":"default-sidebar","sticky_sidebar":"1","share_position":"top","share_float_style":"share-monocrhome","show_share_counter":"1","show_view_counter":"1","show_featured":"1","show_post_meta":"1","show_post_author":"1","show_post_author_image":"1","show_post_date":"1","post_date_format":"default","post_date_format_custom":"Y\/m\/d","show_post_category":"1","show_post_reading_time":"0","post_reading_time_wpm":"300","show_zoom_button":"0","zoom_button_out_step":"2","zoom_button_in_step":"3","show_post_tag":"1","show_prev_next_post":"1","show_popup_post":"1","number_popup_post":"1","show_author_box":"0","show_post_related":"0","show_inline_post_related":"1"}],"override_image_size":"0","image_override":[{"single_post_thumbnail_size":"crop-500","single_post_gallery_size":"crop-500"}],"trending_post":"0","trending_post_position":"meta","trending_post_label":"Trending","sponsored_post":"0","sponsored_post_label":"Sponsored by","sponsored_post_name":"","sponsored_post_url":"","sponsored_post_logo_enable":"0","sponsored_post_logo":"","sponsored_post_desc":"","disable_ad":"0"},"jnews_primary_category":{"id":"","hide":""},"jnews_social_meta":{"fb_title":"","fb_description":"","fb_image":"","twitter_title":"","twitter_description":"","twitter_image":""},"jnews_override_counter":{"override_view_counter":"0","view_counter_number":"0","override_share_counter":"0","share_counter_number":"0","override_like_counter":"0","like_counter_number":"0","override_dislike_counter":"0","dislike_counter_number":"0"},"footnotes":""},"categories":[178,2085],"tags":[2658,2657],"class_list":["post-20894","post","type-post","status-publish","format-standard","has-post-thumbnail","hentry","category-fakultemizden","category-manset-haber","tag-akademik-genel-kurul-toplantisi","tag-iletisim-fakultesi-akademik-genel-kurul-toplantisi"],"_links":{"self":[{"href":"https:\/\/iletim.istanbul.edu.tr\/index.php\/wp-json\/wp\/v2\/posts\/20894","targetHints":{"allow":["GET"]}}],"collection":[{"href":"https:\/\/iletim.istanbul.edu.tr\/index.php\/wp-json\/wp\/v2\/posts"}],"about":[{"href":"https:\/\/iletim.istanbul.edu.tr\/index.php\/wp-json\/wp\/v2\/types\/post"}],"author":[{"embeddable":true,"href":"https:\/\/iletim.istanbul.edu.tr\/index.php\/wp-json\/wp\/v2\/users\/14"}],"replies":[{"embeddable":true,"href":"https:\/\/iletim.istanbul.edu.tr\/index.php\/wp-json\/wp\/v2\/comments?post=20894"}],"version-history":[{"count":0,"href":"https:\/\/iletim.istanbul.edu.tr\/index.php\/wp-json\/wp\/v2\/posts\/20894\/revisions"}],"wp:featuredmedia":[{"embeddable":true,"href":"https:\/\/iletim.istanbul.edu.tr\/index.php\/wp-json\/wp\/v2\/media\/20896"}],"wp:attachment":[{"href":"https:\/\/iletim.istanbul.edu.tr\/index.php\/wp-json\/wp\/v2\/media?parent=20894"}],"wp:term":[{"taxonomy":"category","embeddable":true,"href":"https:\/\/iletim.istanbul.edu.tr\/index.php\/wp-json\/wp\/v2\/categories?post=20894"},{"taxonomy":"post_tag","embeddable":true,"href":"https:\/\/iletim.istanbul.edu.tr\/index.php\/wp-json\/wp\/v2\/tags?post=20894"}],"curies":[{"name":"wp","href":"https:\/\/api.w.org\/{rel}","templated":true}]}}