{"id":2120,"date":"2018-02-07T16:03:10","date_gmt":"2018-02-07T13:03:10","guid":{"rendered":"https:\/\/iletim.istanbul.edu.tr\/?p=2120"},"modified":"2018-02-14T13:15:35","modified_gmt":"2018-02-14T10:15:35","slug":"iu-iletisim-fakultesi-dekanligi-devir-teslim-toreni-gerceklestirildi","status":"publish","type":"post","link":"https:\/\/iletim.istanbul.edu.tr\/index.php\/2018\/02\/07\/iu-iletisim-fakultesi-dekanligi-devir-teslim-toreni-gerceklestirildi\/","title":{"rendered":"\u0130\u00dc \u0130leti\u015fim Fak\u00fcltesi Dekanl\u0131\u011f\u0131 Devir Teslim T\u00f6reni Ger\u00e7ekle\u015ftirildi"},"content":{"rendered":"<p><strong>Esra MUTLU, Ya\u011fmur Ceren KURAL<\/strong><\/p>\n<p><strong>Foto\u011fraf- \u00d6zge KONDAK\u00c7I, Tu\u011f\u00e7e AY\u00c7\u0130N<\/strong><\/p>\n<p>\u0130\u00dc \u0130leti\u015fim Fak\u00fcltesi Dekanl\u0131\u011f\u0131 Devir Teslim T\u00f6reni, 19 Aral\u0131k\u2019ta \u0130\u00dc \u0130leti\u015fim Fak\u00fcltesi Konferans Salonu\u2019nda ger\u00e7ekle\u015ftirildi.<\/p>\n<p>Y\u00fcksek\u00f6\u011fretim Kurulu Ba\u015fkanl\u0131\u011f\u0131\u2019n\u0131n 07 Aral\u0131k 2017 tarih ve 2017\/62 say\u0131l\u0131 karar\u0131 ile \u0130\u00dc \u0130leti\u015fim Fak\u00fcltesi Dekanl\u0131\u011f\u0131\u2019na Radyo, Televizyon ve Sinema B\u00f6l\u00fcm\u00fc \u00d6\u011fretim \u00dcyesi Prof. Dr. Erg\u00fcn Yolcu atand\u0131.<\/p>\n<p>\u0130\u00dc \u0130leti\u015fim Fak\u00fcltesi 2013-2017 D\u00f6nemi Dekan\u0131 Prof. Dr. Nil\u00fcfer Sezer, Dekanl\u0131k g\u00f6revini Prof. Dr. Erg\u00fcn Yolcu\u2019ya devretti. Dekanl\u0131k Devir Teslim T\u00f6reni\u2019nde ilk olarak Prof. Dr. Nil\u00fcfer Sezer konu\u015ftu. Prof. Dr. Sezer, g\u00f6revi boyunca birlikte \u00e7al\u0131\u015ft\u0131\u011f\u0131 akademik ve idari personele te\u015fekk\u00fcr ederek konu\u015fmas\u0131na ba\u015flad\u0131. \u201cErg\u00fcn Yolcu fak\u00fcltemiz ve \u00fcniversitemiz i\u00e7in \u00e7ok b\u00fcy\u00fck ba\u015far\u0131lara vesile oldu ve olmaya devam edecek. Erg\u00fcn hocam\u0131z\u0131 destekliyorum, tebrik ediyorum ve ba\u015far\u0131lar\u0131n\u0131n devam\u0131n\u0131 diliyorum. Bas\u0131n Yay\u0131n Y\u00fcksekokulu oldu\u011fundan beri hep felsefemiz \u015fu olmu\u015ftu: Ben de\u011fil biz var\u0131z. Biz var\u0131z ve hep biz olaca\u011f\u0131z\u201d diye konu\u015ftu.<\/p>\n<p>Konu\u015fmas\u0131n\u0131n ard\u0131ndan Prof. Dr. Erg\u00fcn Yolcu Prof. Dr. Nil\u00fcfer Sezer\u2019e plaket takdim etti. Prof. Dr. Sezer, \u201cDekan olarak atand\u0131\u011f\u0131mda ve Dekanl\u0131\u011f\u0131 devrald\u0131\u011f\u0131mda bu kadar heyecanlanmam\u0131\u015ft\u0131m. Fak\u00fcltemizi emin ellere teslim ediyoruz. Hay\u0131rl\u0131 u\u011furlu olsun\u201d dedi. Ard\u0131ndan Prof. Dr. Sezer de Prof. Dr. Yolcu\u2019ya plaket takdim etti.<\/p>\n<p><strong>\u201cBirlikte \u00c7al\u0131\u015f\u0131p Birlikte \u00dcretece\u011fiz\u201d<\/strong><\/p>\n<p>T\u00f6rende konu\u015fan Prof. Dr. Yolcu, \u201c\u00dcniversitem, dekanl\u0131k ve hepinizin ad\u0131na Nil\u00fcfer hocaya te\u015fekk\u00fcr ediyorum. T\u00fcrkiye\u2019nin ge\u00e7ti\u011fi zor bir d\u00f6nemde Nil\u00fcfer hocam\u0131z 3 y\u0131l\u0131 a\u015fk\u0131n bir s\u00fcre dekanl\u0131\u011f\u0131m\u0131z\u0131 yapt\u0131. Ondan dekanl\u0131\u011f\u0131 devralmak benim i\u00e7in hem onur hem gurur. Hocamla birlikte yine bir slogan\u0131m\u0131z vard\u0131: \u2018Dekan da sizsiniz, dekan yard\u0131mc\u0131s\u0131 da sizsiniz. Kap\u0131lar\u0131m size sonuna kadar a\u00e7\u0131k\u2019\u201d diyerek \u0130\u00dc \u0130leti\u015fim Fak\u00fcltesi\u2019nin bir b\u00fct\u00fcn oldu\u011funu belirtti.<\/p>\n<p>\u0130stanbul \u00dcniversitesi mensubu olman\u0131n g\u00fcc\u00fcn\u00fc her zaman hissetti\u011fini ekleyen Prof. Dr. Yolcu, \u201cYapm\u0131\u015f oldu\u011fum t\u00fcm \u00e7al\u0131\u015fmalar\u0131n kar\u015f\u0131l\u0131\u011f\u0131n\u0131 ald\u0131m. \u00c7al\u0131\u015ft\u0131\u011f\u0131n\u0131z zaman bir \u015fey istemenize gerek kalmadan kar\u015f\u0131l\u0131klar\u0131 geldi. Kimisi te\u015fekk\u00fcr etti, bazen duayla bazen bir g\u00fcl\u00fcmseme yetti bana. Bazen dostluk, bazen hi\u00e7 beklemedi\u011fim yerde g\u00f6rm\u00fc\u015f oldu\u011fum yard\u0131mlar, bunlar\u0131n hepsi bana b\u00fcy\u00fck bir destek verdi\u201d diye konu\u015ftu.<\/p>\n<p>Prof. Dr. Yolcu, \u201cBenim i\u015f hayat\u0131mda birinci d\u00fcsturum \u00e7al\u0131\u015fmak ikincisi ise ekip arkada\u015flar\u0131mla yani \u0130stanbul \u00dcniversitesi \u0130leti\u015fim Fak\u00fcltesi ile birlikte \u00e7al\u0131\u015f\u0131p \u00fcretmek. Tek ba\u015f\u0131m\u0131za zaten bireysel olarak hi\u00e7birimiz istedi\u011fimiz \u00f6l\u00e7\u00fcde bir \u015fey yapmak m\u00fcmk\u00fcn de\u011fil, ancak beraber olursak bunlar\u0131 ba\u015farabiliriz\u201d dedi.<\/p>\n<p>Prof. Dr. Yolcu, \u201cBir bilim insan\u0131na yak\u0131\u015facak \u015fekilde sadece do\u011frunun pe\u015finden giderek cesaretle, dimdik durarak \u00e7al\u0131\u015f\u0131p emek vererek ba\u015fta \u00f6\u011frencilerimiz olmak \u00fczere herkes i\u00e7in hay\u0131rl\u0131 i\u015flere imza atabilirsek benden mutlu kimse olamaz\u201d diyerek destekleri i\u00e7in ailesine ve t\u00fcm \u0130leti\u015fim Fak\u00fcltesi\u2019ne te\u015fekk\u00fcr etti.<\/p>\n<p>\u0130\u00dc \u0130leti\u015fim Fak\u00fcltesi Dekanl\u0131\u011f\u0131 Devir Teslim T\u00f6reni, toplu foto\u011fraf \u00e7ekimi ile tamamland\u0131.<\/p>\n","protected":false},"excerpt":{"rendered":"<p>\u0130\u00dc \u0130leti\u015fim Fak\u00fcltesi Dekanl\u0131\u011f\u0131 Devir Teslim T\u00f6reni, 19 Aral\u0131k\u2019ta \u0130\u00dc \u0130leti\u015fim Fak\u00fcltesi Konferans Salonu\u2019nda ger\u00e7ekle\u015ftirildi<\/p>\n","protected":false},"author":14,"featured_media":2123,"comment_status":"open","ping_status":"open","sticky":false,"template":"","format":"standard","meta":{"jnews-multi-image_gallery":[],"jnews_single_post":[],"jnews_primary_category":[],"jnews_social_meta":[],"jnews_override_counter":[],"footnotes":""},"categories":[1],"tags":[],"class_list":["post-2120","post","type-post","status-publish","format-standard","has-post-thumbnail","hentry","category-genel"],"_links":{"self":[{"href":"https:\/\/iletim.istanbul.edu.tr\/index.php\/wp-json\/wp\/v2\/posts\/2120","targetHints":{"allow":["GET"]}}],"collection":[{"href":"https:\/\/iletim.istanbul.edu.tr\/index.php\/wp-json\/wp\/v2\/posts"}],"about":[{"href":"https:\/\/iletim.istanbul.edu.tr\/index.php\/wp-json\/wp\/v2\/types\/post"}],"author":[{"embeddable":true,"href":"https:\/\/iletim.istanbul.edu.tr\/index.php\/wp-json\/wp\/v2\/users\/14"}],"replies":[{"embeddable":true,"href":"https:\/\/iletim.istanbul.edu.tr\/index.php\/wp-json\/wp\/v2\/comments?post=2120"}],"version-history":[{"count":0,"href":"https:\/\/iletim.istanbul.edu.tr\/index.php\/wp-json\/wp\/v2\/posts\/2120\/revisions"}],"wp:featuredmedia":[{"embeddable":true,"href":"https:\/\/iletim.istanbul.edu.tr\/index.php\/wp-json\/wp\/v2\/media\/2123"}],"wp:attachment":[{"href":"https:\/\/iletim.istanbul.edu.tr\/index.php\/wp-json\/wp\/v2\/media?parent=2120"}],"wp:term":[{"taxonomy":"category","embeddable":true,"href":"https:\/\/iletim.istanbul.edu.tr\/index.php\/wp-json\/wp\/v2\/categories?post=2120"},{"taxonomy":"post_tag","embeddable":true,"href":"https:\/\/iletim.istanbul.edu.tr\/index.php\/wp-json\/wp\/v2\/tags?post=2120"}],"curies":[{"name":"wp","href":"https:\/\/api.w.org\/{rel}","templated":true}]}}