{"id":2164,"date":"2018-02-14T12:02:04","date_gmt":"2018-02-14T09:02:04","guid":{"rendered":"https:\/\/iletim.istanbul.edu.tr\/?p=2164"},"modified":"2018-04-05T10:14:52","modified_gmt":"2018-04-05T07:14:52","slug":"elif-dagdeviren-ile-bir-kadin-olarak-seri-girisimcilik-soylesisi-yapildi","status":"publish","type":"post","link":"https:\/\/iletim.istanbul.edu.tr\/index.php\/2018\/02\/14\/elif-dagdeviren-ile-bir-kadin-olarak-seri-girisimcilik-soylesisi-yapildi\/","title":{"rendered":"Elif Da\u011fdeviren ile \u201cBir Kad\u0131n Olarak Seri Giri\u015fimcilik\u201d S\u00f6yle\u015fisi Yap\u0131ld\u0131"},"content":{"rendered":"<p><strong>Beyza Nur KIZILDEM\u0130R<\/strong><\/p>\n<p>\u0130\u00dc Kad\u0131n Sorunlar\u0131 Ara\u015ft\u0131rma ve Uygulama Merkezi taraf\u0131ndan d\u00fczenlenen s\u00f6yle\u015fi, 22 Aral\u0131k\u2019ta Rekt\u00f6rl\u00fck Doktora Salonu\u2019nda ger\u00e7ekle\u015ftirildi.<\/p>\n<p>S\u00f6yle\u015finin a\u00e7\u0131l\u0131\u015f konu\u015fmas\u0131n\u0131 \u0130\u00dc Kad\u0131n Sorunlar\u0131 Ara\u015ft\u0131rma ve Uygulama Merkezi M\u00fcd\u00fcr\u00fc Do\u00e7. Dr. Elif Hayk\u0131r Hobiko\u011flu yapt\u0131. \u201cAmac\u0131m\u0131z kad\u0131n\u0131n g\u00fc\u00e7lenmesi noktas\u0131nda her t\u00fcrl\u00fc ba\u015far\u0131ya tan\u0131kl\u0131k etmek ve itici g\u00fc\u00e7 olu\u015fturmak\u201d diyen Do\u00e7. Dr. Hayk\u0131r Hobiko\u011flu, kad\u0131n ve erkeklerin ekonomik kalk\u0131nma amac\u0131 do\u011frultusunda ortak sorumlulu\u011fu yerine getirmesi i\u00e7in toplumun t\u00fcm kesimlerine g\u00f6rev d\u00fc\u015ft\u00fc\u011f\u00fcn\u00fc de ayr\u0131ca vurgulad\u0131.<\/p>\n<p><a href=\"http:\/\/ajansuniversite.istanbul.edu.tr\/wp-content\/uploads\/25.png\"><img decoding=\"async\" class=\"alignnone size-medium wp-image-46054\" src=\"http:\/\/ajansuniversite.istanbul.edu.tr\/wp-content\/uploads\/25-450x296.png\" alt=\"2\" width=\"450\" height=\"296\" \/><\/a><\/p>\n<p>Do\u00e7. Dr. Hayk\u0131r Hobiko\u011flu\u2019nun ard\u0131ndan s\u00f6yle\u015fisini ger\u00e7ekle\u015ftirmek \u00fczere k\u00fcrs\u00fcye \u00e7\u0131kan Gazeteci\/Yap\u0131mc\u0131 Elif Da\u011fdeviren s\u00f6zlerine \u015fu \u015fekilde ba\u015flad\u0131: \u201cKad\u0131n\u0131n g\u00fcc\u00fc, toplumun g\u00fcc\u00fcd\u00fcr; buna \u00e7ok net inan\u0131yorum ve tecr\u00fcbeyle de sabit oldu\u011funu g\u00f6r\u00fcyorum.\u201d<\/p>\n<p>Ankara do\u011fumlu olan Da\u011fdeviren, \u0130stanbul\u2019a y\u00f6netmen olma hayaliyle geldi\u011finden ve Halit Refi\u011f\u2019in te\u015fvikiyle de yap\u0131mc\u0131l\u0131\u011fa y\u00f6neldi\u011finden bahsetti. Sonras\u0131nda gazetecili\u011fe merak sald\u0131\u011f\u0131n\u0131 belirten Da\u011fdeviren, Cosmopolitan dergisinde yaz\u0131 i\u015fleri m\u00fcd\u00fcr\u00fc olarak \u00e7al\u0131\u015ft\u0131\u011f\u0131 y\u0131llara da de\u011findi. \u201cCosmopolitan\u2019a girdi\u011fim andan itibaren kad\u0131n meselesinin fark\u0131na vard\u0131m. Kad\u0131nlar\u0131n asl\u0131nda ne kadar kal\u0131plara sokulmaya \u00e7al\u0131\u015f\u0131ld\u0131\u011f\u0131n\u0131n, ne kadar olduklar\u0131ndan farkl\u0131 yerlere oturtulmaya \u00e7al\u0131\u015f\u0131ld\u0131klar\u0131n\u0131n ay\u0131rd\u0131na vard\u0131\u011f\u0131m bir d\u00f6nem oldu\u201d diyen Da\u011fdeviren, Cosmopolitan\u2019\u0131n yaratmaya \u00e7al\u0131\u015ft\u0131\u011f\u0131 kad\u0131nla bar\u0131\u015famad\u0131\u011f\u0131n\u0131 ve olmak veya g\u00f6rmek istedi\u011fi kad\u0131n modelinin nas\u0131l oldu\u011fundan yola \u00e7\u0131karak \u00e7al\u0131\u015ft\u0131\u011f\u0131n\u0131 s\u00f6yledi.<\/p>\n<p><a href=\"http:\/\/ajansuniversite.istanbul.edu.tr\/wp-content\/uploads\/DSC08841.jpg\"><img decoding=\"async\" class=\"alignnone size-medium wp-image-46052\" src=\"http:\/\/ajansuniversite.istanbul.edu.tr\/wp-content\/uploads\/DSC08841-450x298.jpg\" alt=\"_DSC0884\" width=\"450\" height=\"298\" \/><\/a><\/p>\n<p>Kapak g\u00f6rsellerinde ve i\u00e7eriklerde ara ara yerel \u00f6geleri ve sanat\u00e7\u0131lar\u0131 tercih ederek \u201ckad\u0131n dergisi\u201d format\u0131nda bir d\u00f6n\u00fc\u015f\u00fcm yakalamak i\u00e7in \u00e7al\u0131\u015ft\u0131\u011f\u0131n\u0131 kaydeden Da\u011fdeviren, sa\u011fl\u0131k sorunlar\u0131 sebebiyle ayr\u0131lmak zorunda oldu\u011fu Cosmopolitan\u2019\u0131n ard\u0131ndan H\u00fcrriyet gazetesine r\u00f6portaj yapt\u0131\u011f\u0131 d\u00f6nemlerden ve gazetenin Kelebek ekine Genel Yay\u0131n Y\u00f6netmeni oldu\u011fu y\u0131llardan bahsetti.<\/p>\n<p>Bir kad\u0131n giri\u015fimci olarak netbul.com adl\u0131 internet sitesini nas\u0131l kurduklar\u0131n\u0131 anlatan Da\u011fdeviren, internet \u00fczerinden i\u00e7erik pazarlama stratejilerine nas\u0131l y\u00f6neldi\u011fine de de\u011findi. \u201cArt\u0131k sinema ve televizyon ayr\u0131m\u0131ndan \u00e7ok farkl\u0131 bir seyir k\u00fclt\u00fcr\u00fcndeyiz\u201d diyen Da\u011fdeviren, s\u00f6zlerini \u015fu \u015fekilde s\u00fcrd\u00fcrd\u00fc: \u201cSinema \u2013\u00f6zellikle kad\u0131n i\u00e7in- size ekran \u00f6n\u00fcnde izin veren bir alan. Kamera arkas\u0131ndaysan\u0131z da olduk\u00e7a k\u0131s\u0131tl\u0131 ve se\u00e7ilmi\u015f pozisyonlarda \u00e7al\u0131\u015fabiliyorsunuz maalesef\u2026\u201d<\/p>\n<p><strong>\u201cDo\u011fmak \u0130stedi\u011finiz Vakit Do\u011fuyorsunuz\u201d<\/strong><\/p>\n<p>Hayat\u0131nda kar\u015f\u0131la\u015ft\u0131\u011f\u0131 zorluklar\u0131n onu asla y\u0131ld\u0131ramad\u0131\u011f\u0131n\u0131 aksine her defas\u0131nda yeniden do\u011fdu\u011funu s\u00f6yleyen Da\u011fdeviren; yeni neslin, ideallerini hemen elde etmek istemesinden yak\u0131nd\u0131 ve ekledi: \u201cBaz\u0131 \u015feyleri zamana ve evrene yayman\u0131n en iyisi oldu\u011funa inan\u0131yorum. Do\u011fmak istedi\u011finiz vakit do\u011fuyorsunuz\u201d<\/p>\n<p>\u201cSeri giri\u015fimcili\u011fin ana sermayesi sizsiniz. Se\u00e7ti\u011finiz alan her ne ise ba\u015far\u0131, kendinizi sevmenizden ge\u00e7iyor\u201d diyen Da\u011fdeviren, s\u00f6yle\u015fiyi noktalad\u0131. S\u00f6yle\u015fi sonunda dinleyicilerin sorular\u0131n\u0131 cevaplayan Da\u011fdeviren\u2019e belgesi, Do\u00e7. Dr. Hayk\u0131r Hobiko\u011flu taraf\u0131ndan takdim edildi.<\/p>\n<p><a href=\"http:\/\/ajansuniversite.istanbul.edu.tr\/wp-content\/uploads\/DSC0893.jpg\"><img decoding=\"async\" class=\"alignnone size-medium wp-image-46053\" src=\"http:\/\/ajansuniversite.istanbul.edu.tr\/wp-content\/uploads\/DSC0893-450x298.jpg\" alt=\"_DSC0893\" width=\"450\" height=\"298\" \/><\/a><\/p>\n","protected":false},"excerpt":{"rendered":"<p>\u0130\u00dc Kad\u0131n Sorunlar\u0131 Ara\u015ft\u0131rma ve Uygulama Merkezi taraf\u0131ndan d\u00fczenlenen s\u00f6yle\u015fi, 22 Aral\u0131k\u2019ta Rekt\u00f6rl\u00fck Doktora Salonu\u2019nda ger\u00e7ekle\u015ftirildi.<\/p>\n","protected":false},"author":14,"featured_media":2166,"comment_status":"open","ping_status":"open","sticky":false,"template":"","format":"standard","meta":{"jnews-multi-image_gallery":[],"jnews_single_post":[],"jnews_primary_category":[],"jnews_social_meta":[],"jnews_override_counter":[],"footnotes":""},"categories":[30],"tags":[36,37],"class_list":["post-2164","post","type-post","status-publish","format-standard","has-post-thumbnail","hentry","category-kultur-sanat","tag-doc-dr-elif-haykir-hobikoglu","tag-iu-kadin-sorunlari-arastirma-ve-uygulama-merkezi-muduru"],"_links":{"self":[{"href":"https:\/\/iletim.istanbul.edu.tr\/index.php\/wp-json\/wp\/v2\/posts\/2164","targetHints":{"allow":["GET"]}}],"collection":[{"href":"https:\/\/iletim.istanbul.edu.tr\/index.php\/wp-json\/wp\/v2\/posts"}],"about":[{"href":"https:\/\/iletim.istanbul.edu.tr\/index.php\/wp-json\/wp\/v2\/types\/post"}],"author":[{"embeddable":true,"href":"https:\/\/iletim.istanbul.edu.tr\/index.php\/wp-json\/wp\/v2\/users\/14"}],"replies":[{"embeddable":true,"href":"https:\/\/iletim.istanbul.edu.tr\/index.php\/wp-json\/wp\/v2\/comments?post=2164"}],"version-history":[{"count":0,"href":"https:\/\/iletim.istanbul.edu.tr\/index.php\/wp-json\/wp\/v2\/posts\/2164\/revisions"}],"wp:featuredmedia":[{"embeddable":true,"href":"https:\/\/iletim.istanbul.edu.tr\/index.php\/wp-json\/wp\/v2\/media\/2166"}],"wp:attachment":[{"href":"https:\/\/iletim.istanbul.edu.tr\/index.php\/wp-json\/wp\/v2\/media?parent=2164"}],"wp:term":[{"taxonomy":"category","embeddable":true,"href":"https:\/\/iletim.istanbul.edu.tr\/index.php\/wp-json\/wp\/v2\/categories?post=2164"},{"taxonomy":"post_tag","embeddable":true,"href":"https:\/\/iletim.istanbul.edu.tr\/index.php\/wp-json\/wp\/v2\/tags?post=2164"}],"curies":[{"name":"wp","href":"https:\/\/api.w.org\/{rel}","templated":true}]}}