{"id":21839,"date":"2023-11-30T22:13:27","date_gmt":"2023-11-30T19:13:27","guid":{"rendered":"https:\/\/iletim.istanbul.edu.tr\/?p=21839"},"modified":"2023-12-01T22:53:48","modified_gmt":"2023-12-01T19:53:48","slug":"iletisim-fakultesi-gazetecilik-ogrencileri-caglayan-adliyesinde","status":"publish","type":"post","link":"https:\/\/iletim.istanbul.edu.tr\/index.php\/2023\/11\/30\/iletisim-fakultesi-gazetecilik-ogrencileri-caglayan-adliyesinde\/","title":{"rendered":"\u0130leti\u015fim Fak\u00fcltesi Gazetecilik \u00d6\u011frencileri \u00c7a\u011flayan Adliyesi&#8217;nde"},"content":{"rendered":"\n<p><strong>Haber: Raziye Sayaslan<\/strong><\/p>\n\n\n\n<p>\u0130stanbul \u00dcniversitesi ileti\u015fim fak\u00fcltesi gazetecilik b\u00f6l\u00fcm\u00fc \u00f6\u011frencileri, \u00c7a\u011flayan Adliyesi&#8217;ne ziyaret ger\u00e7ekle\u015ftirdi.<\/p>\n\n\n\n<p>Dr. Ersin Turan\u2019\u0131n medya y\u00f6netimi ve organizasyonu dersi kapsam\u0131nda d\u00fczenledi\u011fi gezide, gazetecilik \u00f6\u011frencileri bas\u0131n ve hukuk \u00f6zelinde merak ettiklerini sordu.<\/p>\n\n\n<div class=\"wp-block-image\">\n<figure class=\"alignleft size-large is-resized\"><img decoding=\"async\" src=\"https:\/\/iletim.istanbul.edu.tr\/wp-content\/uploads\/WhatsApp-Gorsel-2023-11-30-saat-16.10.28_d93b1e97-731x1024.jpg\" alt=\"\" class=\"wp-image-21845\" width=\"129\" height=\"181\" srcset=\"https:\/\/iletim.istanbul.edu.tr\/wp-content\/uploads\/WhatsApp-Gorsel-2023-11-30-saat-16.10.28_d93b1e97-731x1024.jpg 731w, https:\/\/iletim.istanbul.edu.tr\/wp-content\/uploads\/WhatsApp-Gorsel-2023-11-30-saat-16.10.28_d93b1e97-214x300.jpg 214w, https:\/\/iletim.istanbul.edu.tr\/wp-content\/uploads\/WhatsApp-Gorsel-2023-11-30-saat-16.10.28_d93b1e97-768x1076.jpg 768w, https:\/\/iletim.istanbul.edu.tr\/wp-content\/uploads\/WhatsApp-Gorsel-2023-11-30-saat-16.10.28_d93b1e97-360x504.jpg 360w, https:\/\/iletim.istanbul.edu.tr\/wp-content\/uploads\/WhatsApp-Gorsel-2023-11-30-saat-16.10.28_d93b1e97-750x1051.jpg 750w, https:\/\/iletim.istanbul.edu.tr\/wp-content\/uploads\/WhatsApp-Gorsel-2023-11-30-saat-16.10.28_d93b1e97.jpg 927w\" sizes=\"(max-width: 129px) 100vw, 129px\" \/><\/figure><\/div>\n\n\n<p>Asliye ceza ve aile mahkemesi, a\u011f\u0131r ceza mahkemesi ve di\u011fer b\u00f6l\u00fcmleri ziyaret edip duru\u015fmalara izleyici olarak kat\u0131lan \u00f6\u011frenciler, ayr\u0131ca hukuk tarihi sergisinin d\u00fczenledi\u011fi kat\u0131 gezerek ge\u00e7mi\u015ften g\u00fcn\u00fcm\u00fcze yarg\u0131da kullan\u0131lan e\u015fyalar\u0131, derecelere g\u00f6re ayr\u0131lan c\u00fcbbeleri ve di\u011fer mahkeme salonlar\u0131n\u0131 g\u00f6rme f\u0131rsat\u0131 buldu.<\/p>\n\n\n\n<p>Bas\u0131n m\u00fc\u015faviri Mehmet \u015eerif Seyido\u011flu\u2018nun organizat\u00f6rl\u00fc\u011f\u00fcnde ger\u00e7ekle\u015fen gezide adliyenin temsili duru\u015fma salonunu ve bas\u0131n b\u00fcrosunu ziyaret eden \u00f6\u011frenciler, ayr\u0131ca \u0130stanbul Cumhuriyet Ba\u015fsavc\u0131 Vekili bas\u0131n s\u00f6zc\u00fcs\u00fc Mehmet Y\u0131lmaz\u2018la medyan\u0131n yarg\u0131yla olan ili\u015fkisini konu alan soru cevap etkinli\u011fi ger\u00e7ekle\u015ftirdi.<\/p>\n\n\n\n<p>Konu\u015fmas\u0131na Bas\u0131n s\u00f6zc\u00fcs\u00fcn\u00fcn g\u00f6rev ve tan\u0131mlar\u0131n\u0131 yapmakla ba\u015flayan Cumhuriyet Ba\u015fsavc\u0131 Vekili bas\u0131n s\u00f6zc\u00fcs\u00fc Mehmet Y\u0131lmaz, bir bas\u0131n s\u00f6zc\u00fcs\u00fcn\u00fcn genelde y\u00fcksek hakim veya savc\u0131lar aras\u0131ndan se\u00e7ildi\u011fine dikkat \u00e7ekerek \u201cbas\u0131n s\u00f6zc\u00fcs\u00fc kendi kurumu ile medya ve toplum aras\u0131nda bilgi k\u00f6pr\u00fcs\u00fc kuran, do\u011fru enformasyonu en k\u0131sa s\u00fcrede olu\u015fturan, kurumu medya \u00f6n\u00fcnde temsil eden ki\u015fidir. Ama yarg\u0131daki bas\u0131n s\u00f6zc\u00fcs\u00fc tan\u0131m\u0131 ise bundan biraz farkl\u0131d\u0131r, bir konunun yarg\u0131 organ\u0131na intikal etmesi, bas\u0131n s\u00f6zc\u00fcs\u00fcn\u00fcn i\u015fe ba\u015flad\u0131\u011f\u0131 anlam\u0131na gelir\u201d dedi.<\/p>\n\n\n<div class=\"wp-block-image\">\n<figure class=\"alignright size-large is-resized\"><img decoding=\"async\" src=\"https:\/\/iletim.istanbul.edu.tr\/wp-content\/uploads\/WhatsApp-Gorsel-2023-11-30-saat-16.10.29_f0ec35c3-1024x768.jpg\" alt=\"\" class=\"wp-image-21841\" width=\"166\" height=\"125\" srcset=\"https:\/\/iletim.istanbul.edu.tr\/wp-content\/uploads\/WhatsApp-Gorsel-2023-11-30-saat-16.10.29_f0ec35c3-1024x768.jpg 1024w, https:\/\/iletim.istanbul.edu.tr\/wp-content\/uploads\/WhatsApp-Gorsel-2023-11-30-saat-16.10.29_f0ec35c3-300x225.jpg 300w, https:\/\/iletim.istanbul.edu.tr\/wp-content\/uploads\/WhatsApp-Gorsel-2023-11-30-saat-16.10.29_f0ec35c3-768x576.jpg 768w, https:\/\/iletim.istanbul.edu.tr\/wp-content\/uploads\/WhatsApp-Gorsel-2023-11-30-saat-16.10.29_f0ec35c3-1536x1152.jpg 1536w, https:\/\/iletim.istanbul.edu.tr\/wp-content\/uploads\/WhatsApp-Gorsel-2023-11-30-saat-16.10.29_f0ec35c3-750x563.jpg 750w, https:\/\/iletim.istanbul.edu.tr\/wp-content\/uploads\/WhatsApp-Gorsel-2023-11-30-saat-16.10.29_f0ec35c3-1140x855.jpg 1140w, https:\/\/iletim.istanbul.edu.tr\/wp-content\/uploads\/WhatsApp-Gorsel-2023-11-30-saat-16.10.29_f0ec35c3.jpg 2040w\" sizes=\"(max-width: 166px) 100vw, 166px\" \/><\/figure><\/div>\n\n\n<p>Ders i\u00e7eri\u011finde, gazetecilerin gizli soru\u015fturma ve kamuya kapal\u0131 olanlar d\u0131\u015f\u0131nda t\u00fcm duru\u015fmalar\u0131 izleyebildi\u011fini s\u00f6yleyen bas\u0131n s\u00f6zc\u00fcs\u00fc Mehmet Y\u0131lmaz, bas\u0131n s\u00f6zc\u00fcs\u00fcn\u00fcn bir di\u011fer g\u00f6revinin \u015feffaf olma, adil ve e\u015fit davranma, y\u00f6nlendirici bir dil kullanmama ilkesine uymak zorunda oldu\u011funu ifade etti.<\/p>\n\n\n\n<p><strong>Medya Hep 4. G\u00fc\u00e7 Oldu<\/strong><\/p>\n\n\n\n<p>S\u00f6zc\u00fc Mehmet Y\u0131lmaz, bas\u0131n\u0131n yasama, y\u00fcr\u00fctme ve yarg\u0131dan sonra gelen 4 g\u00fc\u00e7 olmas\u0131n\u0131n asl\u0131nda hi\u00e7 de\u011fi\u015fmedi\u011fini vurgulayarak \u201csosyal medyada yarg\u0131ya kar\u015f\u0131 olu\u015fan bir g\u00fcvensizlik durumu var. Biz yarg\u0131 mensuplar\u0131, bir dosyadaki delillerle \u00e7al\u0131\u015f\u0131r ve yasalar h\u00fckm\u00fcnce hareket ederiz. \u015e\u00f6yle d\u00fc\u015f\u00fcn\u00fcn, birinin birine zarar verdi\u011fini biliyor ama bunu kan\u0131tlayam\u0131yorsan\u0131z ge\u00e7mi\u015f olsun, haks\u0131z duruma d\u00fc\u015fersiniz. Adalet sistemimiz \u015fu temele dayal\u0131d\u0131r, 1 masumun i\u00e7eride olmas\u0131ndansa 99 su\u00e7lunun d\u0131\u015far\u0131da olmas\u0131 bu h\u00fck\u00fcm d\u00fczeninde tercih edilir\u201d a\u00e7\u0131klamalar\u0131nda bulundu.<\/p>\n\n\n\n<p><strong>\u201cKi\u015filerin hak ve \u00f6zg\u00fcrl\u00fckleri hi\u00e7bir durumda k\u0131s\u0131tlanamaz\u201d<\/strong><\/p>\n\n\n\n<p>Toplumda herkesin kendine g\u00f6re bir hakl\u0131l\u0131k pay\u0131na sahip oldu\u011funu d\u00fc\u015f\u00fcnmenin \u00e7ok do\u011fal oldu\u011funu dile getiren Y\u0131lmaz, \u201ctoplumda bir su\u00e7 i\u015fleyen herkes, kendince bir m\u00fcdafaa yolu d\u00fc\u015f\u00fcn\u00fcr ve yine kendince bir hakl\u0131l\u0131k me\u015frutiyeti tan\u0131r. Sosyal medyada alg\u0131 denilen \u015fey tam olarak bu. \u0130\u015fimizi zorla\u015ft\u0131ran bir husus da bu, alg\u0131lar. Medyada bir alg\u0131 operasyonu yarat\u0131l\u0131yor ve buna ba\u011fl\u0131 olarak bir lin\u00e7 kampanyas\u0131 ba\u015flat\u0131l\u0131yor. Yarg\u0131da herkesi tutuklama veya hemen soru\u015fturma a\u00e7ma gibi bir durumumuz yok. \u00d6rne\u011fin ki\u015fi bir kamu g\u00f6revlisine hakaret ediyor, ona \u00e7e\u015fitli sebeplerle belki iftira at\u0131yor veya karalama kampanyas\u0131 d\u00fczenliyor. Biz bilindi\u011fi \u00fczere hakaret su\u00e7undan dolay\u0131 hemen tutuklama yapamay\u0131z , bunun \u00e7e\u015fitli soru\u015fturma ve i\u015flemleri vard\u0131r, tutuklama yasa\u011f\u0131 durumundan bahsediyorum. Ama gelin g\u00f6r\u00fcn ki biz bunu yasal yollarla yaparken sosyal medyaya bu durum d\u00fc\u015f\u00fcyor ve ard\u0131ndan sosyal medya linci ba\u015fl\u0131yor. Burada devreye gazetecinin hukuk bilme gereklili\u011fi devreye giriyor. E\u011fer ki bir gazeteci etik ve hukuk kavram\u0131na hakim de\u011filse, bizim dahi yapamad\u0131\u011f\u0131m\u0131z baz\u0131 durumlar\u0131 sanki isteyerek yap\u0131yormu\u015fuz gibi bir yere \u00e7ekerse kamuoyunu yarg\u0131ya kar\u015f\u0131 k\u0131\u015fk\u0131rtabilir. Bu nedenle medya ve hukuk her zaman i\u00e7 i\u00e7e olmal\u0131d\u0131r \u201c ifadelerine yer verdi.<\/p>\n\n\n\n<p><strong>\u201cDezenformasyon yasas\u0131n\u0131n yararl\u0131 ve zorunlu olmas\u0131 gerekti\u011fini d\u00fc\u015f\u00fcn\u00fcyorum\u201d<\/strong><\/p>\n\n\n\n<p>Bas\u0131n s\u00f6zc\u00fcs\u00fc Y\u0131lmaz ayr\u0131ca \u2018\u2019sosyal medyay\u0131 \u00f6rnek vermek gerekirse bir olay ger\u00e7ekle\u015fiyor ve medya haliyle \u00e7alkalan\u0131yor. Ama baz\u0131 uyan\u0131k medya ara\u00e7lar\u0131, etkile\u015fim almak ve \u00f6ne \u00e7\u0131kmak i\u00e7in hen\u00fcz o konu hakk\u0131nda soru\u015fturma a\u00e7\u0131lmam\u0131\u015fken ortaya atarak kamuoyunu harekete ge\u00e7iriyor.\u2019\u2019 dedi. Biz bunlar\u0131 ve yanl\u0131\u015f enformasyon veren kanallar\u0131 tutuklamaz veya i\u015flem yapmazsak ne olacak; Unutmay\u0131n, bir ki\u015finin hak ve \u00f6zg\u00fcrl\u00fc\u011f\u00fc, di\u011ferlerinin hak ve \u00f6zg\u00fcrl\u00fcklerinin s\u0131n\u0131r\u0131na kadard\u0131r, ifadelerini kulland\u0131.<\/p>\n\n\n\n<p>Son d\u00f6nemdeki Anayasa ve Yarg\u0131tay aras\u0131ndaki krize de\u011finen \u0130stanbul Cumhuriyet Ba\u015fsavc\u0131 Vekili bas\u0131n s\u00f6zc\u00fcs\u00fc Mehmet Y\u0131lmaz, Anayasa ve Yarg\u0131tay&#8217;\u0131n aralar\u0131nda ya\u015fanan polemiklerin do\u011fal oldu\u011funu ve yine yarg\u0131n\u0131n sosyal medyay\u0131 bu konuda en do\u011fru bi\u00e7imde bilin\u00e7lendirmeye \u00e7al\u0131\u015ft\u0131\u011f\u0131na vurgu yapt\u0131.<\/p>\n\n\n\n<p>\u201cHukukta, Anayasa ve Yarg\u0131tay aras\u0131ndaki \u00e7e\u015fitli t\u00fcrden polemikler her yerde oldu\u011fu gibi son derece do\u011fald\u0131r. Bunun sebebi, hukuk i\u00e7indeki yasal mevzuat d\u00fczenlemelerinin birbirinden \u00e7e\u015fitli \u00f6l\u00e7eklerde farkl\u0131l\u0131k g\u00f6stermesi durumudur. Yarg\u0131tay bir karar verdi\u011finde asl\u0131nda bu kesindir, hemen uygulanmal\u0131d\u0131r ancak Anayasa mahkemesi bu karar\u0131 birtak\u0131m sebepler y\u00fcz\u00fcnden onamay\u0131p kald\u0131rmaya olan yetkisini kulland\u0131\u011f\u0131nda ortaya haliyle kriz \u00e7\u0131kabilir. Sonu\u00e7ta bu, normlar hiyerar\u015fisinden kaynakl\u0131 bir \u201cbenim yetkim hay\u0131r senin yetkin\u201d olay\u0131na d\u00f6n\u00fcyor \u201c dedi.<\/p>\n\n\n\n<p>Yine bu konu kapsam\u0131nda d\u00fczenlenen protesto ve eylemlere de at\u0131fta bulunan Savc\u0131 Y\u0131lmaz, \u201cherkes tabi ki protesto yapma hakk\u0131na sahiptir, bir olaya olan tepkisini \u015fiddete d\u00f6n\u00fc\u015fmeyecek \u015fekilde g\u00f6sterebilir. Burada \u00f6nemli olan, toplumda ciddi bir kar\u015f\u0131l\u0131k al\u0131p almad\u0131\u011f\u0131d\u0131r. A\u00e7\u0131k\u00e7as\u0131 bu olaya bir yarg\u0131 mensubu olarak bakt\u0131\u011f\u0131mda \u00f6nemli bir kar\u015f\u0131l\u0131k buldu\u011funu d\u00fc\u015f\u00fcnm\u00fcyorum. T\u0131pk\u0131 habercilikte oldu\u011fu gibi, bu olay Ni\u011fde&#8217;de bir \u00e7ift\u00e7inin g\u00fcndemini me\u015fgul etmez. Dolay\u0131s\u0131yla etki-tepki aras\u0131ndaki fark\u0131 iyi takip etmek gerekmektedir\u201c ifadelerine yer verdi.<\/p>\n\n\n\n<p><strong>\u201cMedyadaki kirli enformasyonun \u00f6n\u00fcne ge\u00e7mek zorlu bir durum\u201d<\/strong><\/p>\n\n\n\n<p>Y\u0131lmaz \u201cSosyal medyada en garipsedi\u011fim \u015fey, bir olay hakk\u0131nda lin\u00e7 kampanyas\u0131 ba\u015flat\u0131p \u201cyarg\u0131 g\u00f6revini yapm\u0131yor\u201d denilmesidir. \u015eunu asla unutmay\u0131n, adalet; bir olay g\u00fcndem olsun veya olmas\u0131n en do\u011fru karar\u0131 verir ve bunu medyada alk\u0131\u015flanmak i\u00e7in de\u011fil, hukuka riayet etmek i\u00e7in yapar. A\u00e7\u0131lan bir soru\u015fturma gizlidir ve bas\u0131nla hemen payla\u015f\u0131lmaz.<\/p>\n\n\n\n<p>Soru\u015fturma sonucu, ancak mahkemeye \u00e7\u0131kt\u0131\u011f\u0131 zaman neticelenir. D\u00fc\u015f\u00fcn\u00fcn, adliyemizde 250 bini a\u015fk\u0131n soru\u015fturma var ve bunlardan sadece 1 tanesi bile g\u00fcndemi aylarca me\u015fgul edebilir, hatta ediyor da. Hepsinin bir anda ortaya \u00e7\u0131kar\u0131ld\u0131\u011f\u0131n\u0131 varsayal\u0131m, o zaman biz ba\u015f\u0131m\u0131z\u0131 medyan\u0131n lin\u00e7inden kald\u0131ramay\u0131z. Zaten medyaya d\u00fc\u015fen haberlerin de di\u011ferlerinden pek bir fark\u0131 yoktur, son d\u00f6nemdeki kara para aklama olaylar\u0131 gibi. Yaln\u0131zca taraflar \u00fcnl\u00fcd\u00fcr o kadar\u201ds\u00f6zlerini dile getirdi.<\/p>\n\n\n\n<p>Gazetecilerin haber kayna\u011f\u0131n\u0131 saklama \u00f6zg\u00fcrl\u00fc\u011f\u00fcn\u00fcn bir i\u015f delillendirilmedi\u011fi s\u00fcrece ge\u00e7erli olmad\u0131\u011f\u0131n\u0131 belirten bas\u0131n s\u00f6zc\u00fcs\u00fc Mehmet Y\u0131lmaz, bir s\u00f6ylemin su\u00e7 olabilmesi i\u00e7in o konunun \u00f6nce su\u00e7 olarak tan\u0131mland\u0131ktan sonra m\u00fceyyidelere ceza verilebilece\u011finden bahsetti.<\/p>\n\n\n\n<p>Y\u0131lmaz, medyada istismar su\u00e7lar\u0131na idam veya k\u0131s\u0131rla\u015ft\u0131rma cezalar\u0131n\u0131n verilmesinin m\u00fcmk\u00fcn olmad\u0131\u011f\u0131n\u0131n alt\u0131n\u0131 \u00e7izerek, geriye d\u00f6n\u00fck olan su\u00e7lar\u0131 yeni \u00e7\u0131kar\u0131lm\u0131\u015f kanunlarla yarg\u0131lama gibi bir \u015feyin yasalarda olmad\u0131\u011f\u0131n\u0131 ifade ederek s\u00f6zlerini tamamlad\u0131. Ger\u00e7ekle\u015ftirilen adliye ziyareti, soru cevap etkinli\u011fi ve toplu foto\u011fraf \u00e7ekimiyle sona erdi.<\/p>\n\n\n\n<figure class=\"wp-block-image size-large\"><img decoding=\"async\" width=\"1024\" height=\"768\" src=\"https:\/\/iletim.istanbul.edu.tr\/wp-content\/uploads\/WhatsApp-Gorsel-2023-11-30-saat-16.11.07_5f1ded98-1024x768.jpg\" alt=\"\" class=\"wp-image-21843\" srcset=\"https:\/\/iletim.istanbul.edu.tr\/wp-content\/uploads\/WhatsApp-Gorsel-2023-11-30-saat-16.11.07_5f1ded98-1024x768.jpg 1024w, https:\/\/iletim.istanbul.edu.tr\/wp-content\/uploads\/WhatsApp-Gorsel-2023-11-30-saat-16.11.07_5f1ded98-300x225.jpg 300w, https:\/\/iletim.istanbul.edu.tr\/wp-content\/uploads\/WhatsApp-Gorsel-2023-11-30-saat-16.11.07_5f1ded98-768x576.jpg 768w, https:\/\/iletim.istanbul.edu.tr\/wp-content\/uploads\/WhatsApp-Gorsel-2023-11-30-saat-16.11.07_5f1ded98-1536x1152.jpg 1536w, https:\/\/iletim.istanbul.edu.tr\/wp-content\/uploads\/WhatsApp-Gorsel-2023-11-30-saat-16.11.07_5f1ded98-750x563.jpg 750w, https:\/\/iletim.istanbul.edu.tr\/wp-content\/uploads\/WhatsApp-Gorsel-2023-11-30-saat-16.11.07_5f1ded98-1140x855.jpg 1140w, https:\/\/iletim.istanbul.edu.tr\/wp-content\/uploads\/WhatsApp-Gorsel-2023-11-30-saat-16.11.07_5f1ded98.jpg 1600w\" sizes=\"(max-width: 1024px) 100vw, 1024px\" \/><\/figure>\n","protected":false},"excerpt":{"rendered":"<p>Haber: Raziye Sayaslan \u0130stanbul \u00dcniversitesi ileti\u015fim fak\u00fcltesi gazetecilik b\u00f6l\u00fcm\u00fc \u00f6\u011frencileri, \u00c7a\u011flayan Adliyesi&#8217;ne ziyaret ger\u00e7ekle\u015ftirdi. Dr. Ersin Turan\u2019\u0131n medya y\u00f6netimi ve organizasyonu dersi kapsam\u0131nda d\u00fczenledi\u011fi gezide, gazetecilik \u00f6\u011frencileri bas\u0131n ve hukuk \u00f6zelinde merak ettiklerini sordu. Asliye ceza ve aile mahkemesi, a\u011f\u0131r ceza mahkemesi ve di\u011fer b\u00f6l\u00fcmleri ziyaret edip duru\u015fmalara izleyici olarak kat\u0131lan \u00f6\u011frenciler, ayr\u0131ca hukuk tarihi [&hellip;]<\/p>\n","protected":false},"author":14,"featured_media":21840,"comment_status":"closed","ping_status":"open","sticky":false,"template":"","format":"standard","meta":{"jnews-multi-image_gallery":[],"jnews_single_post":{"subtitle":"","format":"standard","video":"","gallery":"","source_name":"","source_url":"","via_name":"","via_url":"","override_template":"0","override":[{"template":"1","single_blog_custom":"","parallax":"1","fullscreen":"1","layout":"double-sidebar","sidebar":"single-left","second_sidebar":"default-sidebar","sticky_sidebar":"1","share_position":"top","share_float_style":"share-monocrhome","show_share_counter":"1","show_view_counter":"1","show_featured":"1","show_post_meta":"1","show_post_author":"1","show_post_author_image":"1","show_post_date":"1","post_date_format":"default","post_date_format_custom":"Y\/m\/d","show_post_category":"1","show_post_reading_time":"0","post_reading_time_wpm":"300","show_zoom_button":"0","zoom_button_out_step":"2","zoom_button_in_step":"3","show_post_tag":"1","show_prev_next_post":"1","show_popup_post":"1","number_popup_post":"1","show_author_box":"0","show_post_related":"0","show_inline_post_related":"1"}],"override_image_size":"0","image_override":[{"single_post_thumbnail_size":"crop-500","single_post_gallery_size":"crop-500"}],"trending_post":"0","trending_post_position":"meta","trending_post_label":"Trending","sponsored_post":"0","sponsored_post_label":"Sponsored by","sponsored_post_name":"","sponsored_post_url":"","sponsored_post_logo_enable":"0","sponsored_post_logo":"","sponsored_post_desc":"","disable_ad":"0"},"jnews_primary_category":{"id":"","hide":""},"jnews_social_meta":{"fb_title":"","fb_description":"","fb_image":"","twitter_title":"","twitter_description":"","twitter_image":""},"jnews_override_counter":{"override_view_counter":"0","view_counter_number":"0","override_share_counter":"0","share_counter_number":"0","override_like_counter":"0","like_counter_number":"0","override_dislike_counter":"0","dislike_counter_number":"0"},"footnotes":""},"categories":[25,1,159,28,34,178,2085],"tags":[],"class_list":["post-21839","post","type-post","status-publish","format-standard","has-post-thumbnail","hentry","category-egitim","category-genel","category-sag-manset","category-istanbul","category-universite","category-fakultemizden","category-manset-haber"],"_links":{"self":[{"href":"https:\/\/iletim.istanbul.edu.tr\/index.php\/wp-json\/wp\/v2\/posts\/21839","targetHints":{"allow":["GET"]}}],"collection":[{"href":"https:\/\/iletim.istanbul.edu.tr\/index.php\/wp-json\/wp\/v2\/posts"}],"about":[{"href":"https:\/\/iletim.istanbul.edu.tr\/index.php\/wp-json\/wp\/v2\/types\/post"}],"author":[{"embeddable":true,"href":"https:\/\/iletim.istanbul.edu.tr\/index.php\/wp-json\/wp\/v2\/users\/14"}],"replies":[{"embeddable":true,"href":"https:\/\/iletim.istanbul.edu.tr\/index.php\/wp-json\/wp\/v2\/comments?post=21839"}],"version-history":[{"count":0,"href":"https:\/\/iletim.istanbul.edu.tr\/index.php\/wp-json\/wp\/v2\/posts\/21839\/revisions"}],"wp:featuredmedia":[{"embeddable":true,"href":"https:\/\/iletim.istanbul.edu.tr\/index.php\/wp-json\/wp\/v2\/media\/21840"}],"wp:attachment":[{"href":"https:\/\/iletim.istanbul.edu.tr\/index.php\/wp-json\/wp\/v2\/media?parent=21839"}],"wp:term":[{"taxonomy":"category","embeddable":true,"href":"https:\/\/iletim.istanbul.edu.tr\/index.php\/wp-json\/wp\/v2\/categories?post=21839"},{"taxonomy":"post_tag","embeddable":true,"href":"https:\/\/iletim.istanbul.edu.tr\/index.php\/wp-json\/wp\/v2\/tags?post=21839"}],"curies":[{"name":"wp","href":"https:\/\/api.w.org\/{rel}","templated":true}]}}