{"id":21852,"date":"2023-12-01T19:35:33","date_gmt":"2023-12-01T16:35:33","guid":{"rendered":"https:\/\/iletim.istanbul.edu.tr\/?p=21852"},"modified":"2023-12-01T22:50:51","modified_gmt":"2023-12-01T19:50:51","slug":"turkiyat-enstitusu-99-yillik-turkoloji","status":"publish","type":"post","link":"https:\/\/iletim.istanbul.edu.tr\/index.php\/2023\/12\/01\/turkiyat-enstitusu-99-yillik-turkoloji\/","title":{"rendered":"T\u00fcrkiyat Enstit\u00fcs\u00fc; 99 Y\u0131ll\u0131k T\u00fcrkoloji"},"content":{"rendered":"\n<p><strong>Haber: Hilal Tekin<\/strong><\/p>\n\n\n\n<p><strong>Edit\u00f6r: Ya\u011fmur Sertkaya<\/strong><\/p>\n\n\n\n<p>Cumhuriyetin ilan\u0131ndan sonra Cumhurba\u015fkan\u0131 Mustafa Kemal Atat\u00fcrk, Ord. Prof. Dr. Mehmet Fuat K\u00f6pr\u00fcl\u00fc\u2019y\u00fc \u0130stanbul Dar\u00fclf\u00fcnunu b\u00fcnyesinde T\u00fcrk k\u00fclt\u00fcr ve medeniyetini ara\u015ft\u0131racak ve sonu\u00e7lar\u0131n\u0131 yay\u0131nlayacak bir m\u00fcessese kurmakla g\u00f6revlendirdi.\u00a0 Bu ama\u00e7la bakanlar kurulunun 1111 numaral\u0131 karar\u0131yla 12 Kas\u0131m 1924\u2019te \u0130stanbul Dar\u00fclf\u00fcnunu Edebiyat \u015eubesine ba\u011fl\u0131 olarak T\u00fcrkiyat Enstit\u00fcs\u00fc kuruldu.<\/p>\n\n\n\n<p>T\u00fcrk Dili ve Edebiyat\u0131 Anabilim Dal\u0131 \u00d6\u011fretim \u00dcyesi Dr. Filiz Ferhato\u011flu, enstit\u00fcm\u00fcz bakanlar kurulu karar\u0131yla kurulmu\u015f ilk ve tek ilmi enstit\u00fc, bu da bizi bir \u0130stanbul \u00dcniversitesi kurumu olarak \u00f6zel bir birim haline getiriyor, ifadesini kulland\u0131.<\/p>\n\n\n<div class=\"wp-block-image\">\n<figure class=\"alignleft size-large is-resized\"><img decoding=\"async\" src=\"https:\/\/iletim.istanbul.edu.tr\/wp-content\/uploads\/WhatsApp-Gorsel-2023-12-01-saat-16.52.12_ce73824c-820x1024.jpg\" alt=\"\" class=\"wp-image-21854\" width=\"161\" height=\"201\" srcset=\"https:\/\/iletim.istanbul.edu.tr\/wp-content\/uploads\/WhatsApp-Gorsel-2023-12-01-saat-16.52.12_ce73824c-820x1024.jpg 820w, https:\/\/iletim.istanbul.edu.tr\/wp-content\/uploads\/WhatsApp-Gorsel-2023-12-01-saat-16.52.12_ce73824c-240x300.jpg 240w, https:\/\/iletim.istanbul.edu.tr\/wp-content\/uploads\/WhatsApp-Gorsel-2023-12-01-saat-16.52.12_ce73824c-768x960.jpg 768w, https:\/\/iletim.istanbul.edu.tr\/wp-content\/uploads\/WhatsApp-Gorsel-2023-12-01-saat-16.52.12_ce73824c-750x937.jpg 750w, https:\/\/iletim.istanbul.edu.tr\/wp-content\/uploads\/WhatsApp-Gorsel-2023-12-01-saat-16.52.12_ce73824c.jpg 850w\" sizes=\"(max-width: 161px) 100vw, 161px\" \/><\/figure><\/div>\n\n\n<p><strong>T\u00fcrk Tarihi ve Dili Bir B\u00fct\u00fcnd\u00fcr<\/strong><\/p>\n\n\n\n<p>T\u00fcrk Dil Kurumu ve T\u00fcrk Tarih Kurumu\u2019ndan \u00f6nce kurulan T\u00fcrkiyat Enstit\u00fcs\u00fc, T\u00fcrkler nereden geldi, T\u00fcrk tarihinin ve T\u00fcrk dilinin geli\u015fimi gibi konularda \u00e7al\u0131\u015fmakta. Enstit\u00fc pek \u00e7ok yerli ve yabanc\u0131 T\u00fcrkolog\u2019un kitap ve makalelerinin ev sahipli\u011fini yapmakta. Kurum, tarihi boyunca T\u00fcrk tarihi ve dilini ayr\u0131 ayr\u0131 de\u011fil bir b\u00fct\u00fcn olarak inceledi. Dr. Filiz Ferhato\u011flu T\u00fcrk tarihi bilinmeden T\u00fcrk dili de bilinemez, s\u00f6zleriyle ikisinin bir b\u00fct\u00fcn oldu\u011funu vurgulad\u0131. Enstit\u00fc, kurulduktan 1 y\u0131l sonra \u2018\u2019T\u00fcrkiyat Mecmuas\u0131 \u2018\u2019 ad\u0131yla bu sahadaki ilk bilimsel dergiyi yay\u0131mlad\u0131. Yurt i\u00e7inden ve yurt d\u0131\u015f\u0131ndan \u00f6nemli akademisyenlerin bu alandaki \u00e7al\u0131\u015fmalar\u0131 da burada yay\u0131n haline getirildi.&nbsp;<\/p>\n\n\n\n<p><strong>55 Bin Kitap<\/strong><\/p>\n\n\n\n<p>Enstit\u00fc \u0130htisas K\u00fct\u00fcphanesi daha \u00e7ok bu alanda \u00e7al\u0131\u015fan uzmanlar\u0131n kullan\u0131m\u0131 i\u00e7in haz\u0131rlanan bir k\u00fct\u00fcphanedir. D\u00fcnyan\u0131n bir\u00e7ok yerinden T\u00fcrkoloji\u2019yle ilgili koleksiyonlar ba\u011f\u0131\u015f, miras veya sat\u0131n alma yoluyla k\u00fct\u00fcphanede yerini ald\u0131. \u015eu an resmi olarak 55 bin kitap mevcut.<\/p>\n\n\n\n<p>Me\u015fhur Hakas T\u00fcrkolog Katanov\u2019un k\u00fct\u00fcphanesinin bir k\u0131sm\u0131 da vefat\u0131ndan sonra, \u00f6nce \u0130stanbul \u00dcniversitesi\u2019ne oradan da T\u00fcrkiyat Enstit\u00fcs\u00fc\u2019n\u00fcn ilk koleksiyonu olarak k\u00fct\u00fcphaneye kat\u0131ld\u0131. K\u00fct\u00fcphanenin en eski koleksiyonlar\u0131ndan birisi de bitirme tezleri, T\u00fcrk dili ve Edebiyat\u0131 alan\u0131ndaki ilk doktora tezi olan Ali Nihat Tarlan\u0131n tezi de bu koleksiyonun i\u00e7inde.<\/p>\n\n\n<div class=\"wp-block-image\">\n<figure class=\"alignright size-large is-resized\"><img decoding=\"async\" src=\"https:\/\/iletim.istanbul.edu.tr\/wp-content\/uploads\/WhatsApp-Gorsel-2023-12-01-saat-16.52.12_13c1765b-680x1024.jpg\" alt=\"\" class=\"wp-image-21856\" width=\"173\" height=\"261\" srcset=\"https:\/\/iletim.istanbul.edu.tr\/wp-content\/uploads\/WhatsApp-Gorsel-2023-12-01-saat-16.52.12_13c1765b-680x1024.jpg 680w, https:\/\/iletim.istanbul.edu.tr\/wp-content\/uploads\/WhatsApp-Gorsel-2023-12-01-saat-16.52.12_13c1765b-199x300.jpg 199w, https:\/\/iletim.istanbul.edu.tr\/wp-content\/uploads\/WhatsApp-Gorsel-2023-12-01-saat-16.52.12_13c1765b-768x1157.jpg 768w, https:\/\/iletim.istanbul.edu.tr\/wp-content\/uploads\/WhatsApp-Gorsel-2023-12-01-saat-16.52.12_13c1765b-1020x1536.jpg 1020w, https:\/\/iletim.istanbul.edu.tr\/wp-content\/uploads\/WhatsApp-Gorsel-2023-12-01-saat-16.52.12_13c1765b-750x1130.jpg 750w, https:\/\/iletim.istanbul.edu.tr\/wp-content\/uploads\/WhatsApp-Gorsel-2023-12-01-saat-16.52.12_13c1765b.jpg 1062w\" sizes=\"(max-width: 173px) 100vw, 173px\" \/><\/figure><\/div>\n\n\n<p>En geni\u015f koleksiyon ise genel koleksiyon \u00e7\u00fcnk\u00fc oraya hala yeni kitaplar eklenmeye devam ediyor. Ara\u015ft\u0131rmac\u0131lar yeni kitaplar\u0131n\u0131 enstit\u00fcy\u00fc ziyaret edip k\u00fct\u00fcphaneye hediye ediyor. Bilimsel dergiler de ba\u011f\u0131\u015f veya hediye yoluyla kitapl\u0131\u011fa eklenmektedir.<\/p>\n\n\n\n<p><strong>Enstit\u00fcn\u00fcn Bir Di\u011fer Boyutu: K\u00fclt\u00fcrel Etkinlikler<\/strong><\/p>\n\n\n\n<p>Dr. Filiz Ferhato\u011flu enstit\u00fcde d\u00fczenlenen k\u00fclt\u00fcrel etkinliklerden \u015f\u00f6yle bahsetti: \u2018\u2019Ayda en az bir kere T\u00fcrk dili, T\u00fcrk tarihi ve T\u00fcrk sanat\u0131 alan\u0131nda bir uzman\u0131 getirip akademik sohbet d\u00fczenlemeye \u00f6nem g\u00f6steriyoruz. K\u00fct\u00fcphanemiz ayn\u0131 zamanda bizim etkinlik ve konferans salonumuz. Pandemi d\u00f6neminde bunu online olarak ger\u00e7ekle\u015ftirdik ama hi\u00e7 ihmal etmedik. Bunlar\u0131n d\u0131\u015f\u0131nda sempozyumlar\u0131m\u0131z ve kongrelerimiz d\u00fczenleniyor.&nbsp; Bizim Fuat K\u00f6pr\u00fcl\u00fc\u2019den gelen bir kongre k\u00fclt\u00fcr\u00fcm\u00fcz mevcut. Milletler aras\u0131 ve milli olmak \u00fczere iki t\u00fcr kongrelerimiz var, bunlar d\u00f6rt y\u0131lda bir ve \u00fc\u00e7 y\u0131lda bir olmak \u00fczere ger\u00e7ekle\u015ftiriliyor.\u2019\u2019<\/p>\n\n\n\n<p>&nbsp;2024\u2019te enstit\u00fcn\u00fcn 100. y\u0131l\u0131 i\u00e7in y\u0131l boyu k\u00fclt\u00fcrel etkinlikler d\u00fczenlenecek.<\/p>\n\n\n<div class=\"wp-block-image\">\n<figure class=\"aligncenter size-large is-resized\"><img decoding=\"async\" src=\"https:\/\/iletim.istanbul.edu.tr\/wp-content\/uploads\/WhatsApp-Gorsel-2023-12-01-saat-16.52.11_b80ac161-1024x680.jpg\" alt=\"\" class=\"wp-image-21860\" width=\"712\" height=\"473\" srcset=\"https:\/\/iletim.istanbul.edu.tr\/wp-content\/uploads\/WhatsApp-Gorsel-2023-12-01-saat-16.52.11_b80ac161-1024x680.jpg 1024w, https:\/\/iletim.istanbul.edu.tr\/wp-content\/uploads\/WhatsApp-Gorsel-2023-12-01-saat-16.52.11_b80ac161-300x199.jpg 300w, https:\/\/iletim.istanbul.edu.tr\/wp-content\/uploads\/WhatsApp-Gorsel-2023-12-01-saat-16.52.11_b80ac161-768x510.jpg 768w, https:\/\/iletim.istanbul.edu.tr\/wp-content\/uploads\/WhatsApp-Gorsel-2023-12-01-saat-16.52.11_b80ac161-1536x1020.jpg 1536w, https:\/\/iletim.istanbul.edu.tr\/wp-content\/uploads\/WhatsApp-Gorsel-2023-12-01-saat-16.52.11_b80ac161-750x498.jpg 750w, https:\/\/iletim.istanbul.edu.tr\/wp-content\/uploads\/WhatsApp-Gorsel-2023-12-01-saat-16.52.11_b80ac161-1140x757.jpg 1140w, https:\/\/iletim.istanbul.edu.tr\/wp-content\/uploads\/WhatsApp-Gorsel-2023-12-01-saat-16.52.11_b80ac161.jpg 1600w\" sizes=\"(max-width: 712px) 100vw, 712px\" \/><\/figure><\/div>","protected":false},"excerpt":{"rendered":"<p>Haber: Hilal Tekin Edit\u00f6r: Ya\u011fmur Sertkaya Cumhuriyetin ilan\u0131ndan sonra Cumhurba\u015fkan\u0131 Mustafa Kemal Atat\u00fcrk, Ord. Prof. Dr. Mehmet Fuat K\u00f6pr\u00fcl\u00fc\u2019y\u00fc \u0130stanbul Dar\u00fclf\u00fcnunu b\u00fcnyesinde T\u00fcrk k\u00fclt\u00fcr ve medeniyetini ara\u015ft\u0131racak ve sonu\u00e7lar\u0131n\u0131 yay\u0131nlayacak bir m\u00fcessese kurmakla g\u00f6revlendirdi.\u00a0 Bu ama\u00e7la bakanlar kurulunun 1111 numaral\u0131 karar\u0131yla 12 Kas\u0131m 1924\u2019te \u0130stanbul Dar\u00fclf\u00fcnunu Edebiyat \u015eubesine ba\u011fl\u0131 olarak T\u00fcrkiyat Enstit\u00fcs\u00fc kuruldu. T\u00fcrk Dili [&hellip;]<\/p>\n","protected":false},"author":14,"featured_media":21853,"comment_status":"closed","ping_status":"open","sticky":false,"template":"","format":"standard","meta":{"jnews-multi-image_gallery":[],"jnews_single_post":{"subtitle":"","format":"standard","video":"","gallery":"","source_name":"","source_url":"","via_name":"","via_url":"","override_template":"0","override":[{"template":"1","single_blog_custom":"","parallax":"1","fullscreen":"1","layout":"double-sidebar","sidebar":"single-left","second_sidebar":"default-sidebar","sticky_sidebar":"1","share_position":"top","share_float_style":"share-monocrhome","show_share_counter":"1","show_view_counter":"1","show_featured":"1","show_post_meta":"1","show_post_author":"1","show_post_author_image":"1","show_post_date":"1","post_date_format":"default","post_date_format_custom":"Y\/m\/d","show_post_category":"1","show_post_reading_time":"0","post_reading_time_wpm":"300","show_zoom_button":"0","zoom_button_out_step":"2","zoom_button_in_step":"3","show_post_tag":"1","show_prev_next_post":"1","show_popup_post":"1","number_popup_post":"1","show_author_box":"0","show_post_related":"0","show_inline_post_related":"1"}],"override_image_size":"0","image_override":[{"single_post_thumbnail_size":"crop-500","single_post_gallery_size":"crop-500"}],"trending_post":"0","trending_post_position":"meta","trending_post_label":"Trending","sponsored_post":"0","sponsored_post_label":"Sponsored by","sponsored_post_name":"","sponsored_post_url":"","sponsored_post_logo_enable":"0","sponsored_post_logo":"","sponsored_post_desc":"","disable_ad":"0"},"jnews_primary_category":{"id":"","hide":""},"jnews_social_meta":{"fb_title":"","fb_description":"","fb_image":"","twitter_title":"","twitter_description":"","twitter_image":""},"jnews_override_counter":{"override_view_counter":"0","view_counter_number":"0","override_share_counter":"0","share_counter_number":"0","override_like_counter":"0","like_counter_number":"0","override_dislike_counter":"0","dislike_counter_number":"0"},"footnotes":""},"categories":[24,1,159,28,34,178,2085],"tags":[43,2777],"class_list":["post-21852","post","type-post","status-publish","format-standard","has-post-thumbnail","hentry","category-bilim","category-genel","category-sag-manset","category-istanbul","category-universite","category-fakultemizden","category-manset-haber","tag-istanbul-universitesi","tag-turkiyat-enstitusu"],"_links":{"self":[{"href":"https:\/\/iletim.istanbul.edu.tr\/index.php\/wp-json\/wp\/v2\/posts\/21852","targetHints":{"allow":["GET"]}}],"collection":[{"href":"https:\/\/iletim.istanbul.edu.tr\/index.php\/wp-json\/wp\/v2\/posts"}],"about":[{"href":"https:\/\/iletim.istanbul.edu.tr\/index.php\/wp-json\/wp\/v2\/types\/post"}],"author":[{"embeddable":true,"href":"https:\/\/iletim.istanbul.edu.tr\/index.php\/wp-json\/wp\/v2\/users\/14"}],"replies":[{"embeddable":true,"href":"https:\/\/iletim.istanbul.edu.tr\/index.php\/wp-json\/wp\/v2\/comments?post=21852"}],"version-history":[{"count":0,"href":"https:\/\/iletim.istanbul.edu.tr\/index.php\/wp-json\/wp\/v2\/posts\/21852\/revisions"}],"wp:featuredmedia":[{"embeddable":true,"href":"https:\/\/iletim.istanbul.edu.tr\/index.php\/wp-json\/wp\/v2\/media\/21853"}],"wp:attachment":[{"href":"https:\/\/iletim.istanbul.edu.tr\/index.php\/wp-json\/wp\/v2\/media?parent=21852"}],"wp:term":[{"taxonomy":"category","embeddable":true,"href":"https:\/\/iletim.istanbul.edu.tr\/index.php\/wp-json\/wp\/v2\/categories?post=21852"},{"taxonomy":"post_tag","embeddable":true,"href":"https:\/\/iletim.istanbul.edu.tr\/index.php\/wp-json\/wp\/v2\/tags?post=21852"}],"curies":[{"name":"wp","href":"https:\/\/api.w.org\/{rel}","templated":true}]}}