{"id":21870,"date":"2023-12-05T14:59:56","date_gmt":"2023-12-05T11:59:56","guid":{"rendered":"https:\/\/iletim.istanbul.edu.tr\/?p=21870"},"modified":"2023-12-06T15:27:31","modified_gmt":"2023-12-06T12:27:31","slug":"iletisim-fakultesinde-kabul-edilen-ilk-proje","status":"publish","type":"post","link":"https:\/\/iletim.istanbul.edu.tr\/index.php\/2023\/12\/05\/iletisim-fakultesinde-kabul-edilen-ilk-proje\/","title":{"rendered":"<strong>\u0130lk Sanal Ger\u00e7eklik Laboratuvar\u0131 \u0130leti\u015fim Fak\u00fcltesi\u2019nde<\/strong>"},"content":{"rendered":"\n<p><strong>Haber: Cemil \u0130lg\u00f6r<\/strong><\/p>\n\n\n\n<p><strong>Edit\u00f6r: Ya\u011fmur Sertkaya<\/strong><\/p>\n\n\n\n<p>T\u00fcrkiye\u2019de T\u00dcB\u0130TAK 3005 Destek Program\u0131 kapsam\u0131nda y\u00fcr\u00fct\u00fclen ilk Sanal Ger\u00e7eklik Laboratuvar\u0131 \u0130stanbul \u00dcniversitesi (\u0130\u00dc) \u0130leti\u015fim Fak\u00fcltesi\u2019nde a\u00e7\u0131ld\u0131. A\u00e7\u0131l\u0131\u015fa \u0130leti\u015fim Fak\u00fcltesi Dekan\u0131 Prof. Dr. Abdullah \u00d6zkan, Dekan Yard\u0131mc\u0131s\u0131 Do\u00e7. Dr. Berceste G\u00fcl\u00e7in \u00d6zdemir, \u0130stanbul \u00dcniversitesi Genel Sekreter Yard\u0131mc\u0131s\u0131 Figen Cihan, Gazetecilik B\u00f6l\u00fcm Ba\u015fkan\u0131 Prof. Dr. Ali Murat Vural, Radyo, Televizyon ve Sinema B\u00f6l\u00fcm Ba\u015fkan\u0131 Prof. Dr. \u015e\u00fckr\u00fc Sim ve Halkla \u0130li\u015fkiler, Tan\u0131t\u0131m B\u00f6l\u00fcm Ba\u015fkan\u0131 Prof. Dr. Emine Yava\u015fgel ve Fak\u00fclte Sekreteri Veli Ko\u00e7 kat\u0131ld\u0131. <\/p>\n\n\n\n<p>T\u00dcB\u0130TAK 3005 Destek Program\u0131 kapsam\u0131nda kabul edilen \u2018\u2019Sinema Alan\u0131nda Seyir Deneyimlerine \u0130li\u015fkin Medya De\u011fi\u015fimi ve Gelece\u011fe \u0130li\u015fkin Tahminler, Stratejiler ve \u00c7\u00f6z\u00fcmlemeler\u2019\u2019 ba\u015fl\u0131kl\u0131 proje sayesinde Do\u00e7. Dr. Berceste G\u00fcl\u00e7in \u00d6zdemir y\u00fcr\u00fct\u00fcc\u00fcl\u00fc\u011f\u00fc ile \u0130\u00dc \u0130leti\u015fim Fak\u00fcltesi\u2019nde Sanal Ger\u00e7eklik Laboratuvar\u0131\u2019n\u0131n kurulumu ger\u00e7ekle\u015fti. T\u00fcrkiye\u2019de alanla ili\u015fkili b\u00f6l\u00fcmlere sahip olan fak\u00fclteler aras\u0131nda sanal ger\u00e7eklik laboratuvarlar\u0131 i\u00e7inde, en y\u00fcksek teknolojiye sahip sanal ger\u00e7eklik g\u00f6zl\u00fcklerinin yer ald\u0131\u011f\u0131 nadir laboratuvarlar aras\u0131nda yerini ald\u0131.<\/p>\n\n\n\n<p><strong>\u0130lk Kez<\/strong><\/p>\n\n\n\n<p>T\u00dcB\u0130TAK 3005 Destek Program\u0131 kapsam\u0131nda desteklenen sanal ger\u00e7eklik laboratuvar\u0131 projesi, \u0130stanbul\u2019da bulunan devlet \u00fcniversitesi ileti\u015fim fak\u00fclteleri aras\u0131nda ilk olma \u00f6zelli\u011fini ta\u015f\u0131yor.<\/p>\n\n\n\n<figure class=\"wp-block-image size-large\"><img decoding=\"async\" width=\"1024\" height=\"676\" src=\"https:\/\/iletim.istanbul.edu.tr\/wp-content\/uploads\/0752ab25-b50c-460e-bd21-324e98944e4b-1024x676.jpeg\" alt=\"\" class=\"wp-image-21896\" srcset=\"https:\/\/iletim.istanbul.edu.tr\/wp-content\/uploads\/0752ab25-b50c-460e-bd21-324e98944e4b-1024x676.jpeg 1024w, https:\/\/iletim.istanbul.edu.tr\/wp-content\/uploads\/0752ab25-b50c-460e-bd21-324e98944e4b-300x198.jpeg 300w, https:\/\/iletim.istanbul.edu.tr\/wp-content\/uploads\/0752ab25-b50c-460e-bd21-324e98944e4b-768x507.jpeg 768w, https:\/\/iletim.istanbul.edu.tr\/wp-content\/uploads\/0752ab25-b50c-460e-bd21-324e98944e4b-1536x1015.jpeg 1536w, https:\/\/iletim.istanbul.edu.tr\/wp-content\/uploads\/0752ab25-b50c-460e-bd21-324e98944e4b-2048x1353.jpeg 2048w, https:\/\/iletim.istanbul.edu.tr\/wp-content\/uploads\/0752ab25-b50c-460e-bd21-324e98944e4b-750x495.jpeg 750w, https:\/\/iletim.istanbul.edu.tr\/wp-content\/uploads\/0752ab25-b50c-460e-bd21-324e98944e4b-1140x753.jpeg 1140w\" sizes=\"(max-width: 1024px) 100vw, 1024px\" \/><\/figure>\n\n\n\n<p><\/p>\n\n\n\n<p><strong>Metaverse\u2019in Sinemaya Etkisi<\/strong><\/p>\n\n\n\n<p>Proje kapsam\u0131nda, g\u00fcn\u00fcm\u00fcz dijital d\u00fcnyas\u0131nda konu\u015fulmaya ba\u015flayan metaverse\u2019in sinemaya etkisi, 3 boyutlu sanal ger\u00e7eklik d\u00fcnyas\u0131yla sineman\u0131n iki boyutlu d\u00fcnyas\u0131 aras\u0131ndaki farkl\u0131l\u0131klar, de\u011fi\u015fimler ve d\u00f6n\u00fc\u015f\u00fcmler ara\u015ft\u0131r\u0131lacak.<\/p>\n\n\n\n<p>Bu kapsamda se\u00e7ilecek fokus gruplar\u0131n \u00f6zellikleri (neuroscience alan\u0131nda) deneysel psikoloji alan\u0131nda \u00e7al\u0131\u015fan Dr. Simge \u015ei\u015fman Bal taraf\u0131ndan baz\u0131 \u00f6nemli kategoriler g\u00f6zetilerek d\u00fczenlendi. Projede sorgulanacak konular ve sorunsallar, metaverse ile sinema aras\u0131ndaki ili\u015fkinin \u00e7e\u015fitli alanlarda tart\u0131\u015f\u0131lmas\u0131n\u0131 m\u00fcmk\u00fcn k\u0131lacak.<\/p>\n\n\n\n<p><strong>\u0130klim Krizine Dikkat \u00c7ekiliyor<\/strong><\/p>\n\n\n\n<p>Fokus gruba izletilecek k\u0131sa film, proje ekibi taraf\u0131ndan \u0130klim Krizi\u2019ne dikkat \u00e7ekmek i\u00e7in tasarland\u0131. Hem dijital kamerayla hem de 360 derece kamerayla \u00e7ekimleri ger\u00e7ekle\u015ftirilen filmin y\u00f6netmeni ve senaristi proje y\u00fcr\u00fct\u00fcc\u00fcs\u00fc Do\u00e7. Dr. Berceste G\u00fcl\u00e7in \u00d6zdemir.<\/p>\n\n\n\n<p>E\u011fitim bilimleri alan\u0131nda projede yer alan Prof. Dr. Behiye Ak\u00e7ay, d\u00f6n\u00fc\u015fen dijital d\u00fcnyada yeni e\u011fitim teknolojilerinin \u00f6\u011frencilere nas\u0131l uygulanmas\u0131 gerekti\u011fi ve bu teknolojilerin e\u011fitim alan\u0131nda yararl\u0131 \u015fekilde kullan\u0131m\u0131na dair teorileri referans alarak projenin e\u011fitim bilimleri alan\u0131n\u0131 destekliyor.<\/p>\n\n\n\n<p><\/p>\n\n\n\n<figure class=\"wp-block-image size-large\"><img decoding=\"async\" width=\"1024\" height=\"682\" src=\"https:\/\/iletim.istanbul.edu.tr\/wp-content\/uploads\/12d18de3-4927-40af-a09e-677f314f76ea-1024x682.jpeg\" alt=\"\" class=\"wp-image-21897\" srcset=\"https:\/\/iletim.istanbul.edu.tr\/wp-content\/uploads\/12d18de3-4927-40af-a09e-677f314f76ea-1024x682.jpeg 1024w, https:\/\/iletim.istanbul.edu.tr\/wp-content\/uploads\/12d18de3-4927-40af-a09e-677f314f76ea-300x200.jpeg 300w, https:\/\/iletim.istanbul.edu.tr\/wp-content\/uploads\/12d18de3-4927-40af-a09e-677f314f76ea-768x512.jpeg 768w, https:\/\/iletim.istanbul.edu.tr\/wp-content\/uploads\/12d18de3-4927-40af-a09e-677f314f76ea-1536x1023.jpeg 1536w, https:\/\/iletim.istanbul.edu.tr\/wp-content\/uploads\/12d18de3-4927-40af-a09e-677f314f76ea-750x500.jpeg 750w, https:\/\/iletim.istanbul.edu.tr\/wp-content\/uploads\/12d18de3-4927-40af-a09e-677f314f76ea-1140x760.jpeg 1140w, https:\/\/iletim.istanbul.edu.tr\/wp-content\/uploads\/12d18de3-4927-40af-a09e-677f314f76ea.jpeg 1600w\" sizes=\"(max-width: 1024px) 100vw, 1024px\" \/><\/figure>\n\n\n\n<p><\/p>\n\n\n\n<p>Proje ara\u015ft\u0131rmac\u0131lar\u0131 aras\u0131nda farkl\u0131 alanlardan akademisyenlerin olmas\u0131, projenin disiplinleraras\u0131 niteli\u011fini \u00f6n plana \u00e7\u0131kar\u0131yor.<\/p>\n\n\n\n<p>Proje ara\u015ft\u0131rmac\u0131lar\u0131; <a>Prof. Dr. Behiye Ak\u00e7ay (\u0130\u00dc Cerrahpa\u015fa E\u011fitim Bilimleri Fak. Matematik ve Fen Bilimleri E\u011fitimi B\u00f6l\u00fcm\u00fc), Do\u00e7. Dr. Derya G\u00fcl \u00dcnl\u00fc (\u0130\u00dc \u0130leti\u015fim Fak. Halklar \u0130li\u015fkiler ve Tan\u0131t\u0131m B\u00f6l\u00fcm\u00fc), Do\u00e7. Dr. \u00d6zlem Arda (\u0130\u00dc \u0130leti\u015fim Fak. Radyo Televizyon ve Sinema B\u00f6l\u00fcm\u00fc), Do\u00e7. Dr. \u00d6zge G\u00fcrsoy Atar (Beykent \u00dcni. G\u00fczel Sanatlar Fak. Sinema ve Televizyon B\u00f6l\u00fcm\u00fc), Dr. \u00d6\u011fretim \u00dcyesi Simge \u015ei\u015fman Bal (\u0130\u00dc Fen Edebiyat Fak. Psikoloji B\u00f6l\u00fcm\u00fc) ve proje bursiyeri doktorant Aziz Bark\u0131n Kad\u0131o\u011flu\u2019dur (Beykent \u00dcni. G\u00fczel Sanatlar Fak.<\/a> Sinema ve Televizyon B\u00f6l\u00fcm\u00fc).<\/p>\n","protected":false},"excerpt":{"rendered":"<p>Haber: Cemil \u0130lg\u00f6r Edit\u00f6r: Ya\u011fmur Sertkaya T\u00fcrkiye\u2019de T\u00dcB\u0130TAK 3005 Destek Program\u0131 kapsam\u0131nda y\u00fcr\u00fct\u00fclen ilk Sanal Ger\u00e7eklik Laboratuvar\u0131 \u0130stanbul \u00dcniversitesi (\u0130\u00dc) \u0130leti\u015fim Fak\u00fcltesi\u2019nde a\u00e7\u0131ld\u0131. A\u00e7\u0131l\u0131\u015fa \u0130leti\u015fim Fak\u00fcltesi Dekan\u0131 Prof. Dr. Abdullah \u00d6zkan, Dekan Yard\u0131mc\u0131s\u0131 Do\u00e7. Dr. Berceste G\u00fcl\u00e7in \u00d6zdemir, \u0130stanbul \u00dcniversitesi Genel Sekreter Yard\u0131mc\u0131s\u0131 Figen Cihan, Gazetecilik B\u00f6l\u00fcm Ba\u015fkan\u0131 Prof. Dr. Ali Murat Vural, Radyo, Televizyon [&hellip;]<\/p>\n","protected":false},"author":14,"featured_media":21883,"comment_status":"closed","ping_status":"open","sticky":false,"template":"","format":"standard","meta":{"jnews-multi-image_gallery":[],"jnews_single_post":{"subtitle":"","format":"standard","video":"","gallery":"","source_name":"","source_url":"","via_name":"","via_url":"","override_template":"0","override":[{"template":"1","single_blog_custom":"","parallax":"1","fullscreen":"1","layout":"double-sidebar","sidebar":"single-left","second_sidebar":"default-sidebar","sticky_sidebar":"1","share_position":"top","share_float_style":"share-monocrhome","show_share_counter":"1","show_view_counter":"1","show_featured":"1","show_post_meta":"1","show_post_author":"1","show_post_author_image":"1","show_post_date":"1","post_date_format":"default","post_date_format_custom":"Y\/m\/d","show_post_category":"1","show_post_reading_time":"0","post_reading_time_wpm":"300","show_zoom_button":"0","zoom_button_out_step":"2","zoom_button_in_step":"3","show_post_tag":"1","show_prev_next_post":"1","show_popup_post":"1","number_popup_post":"1","show_author_box":"0","show_post_related":"0","show_inline_post_related":"1"}],"override_image_size":"0","image_override":[{"single_post_thumbnail_size":"crop-500","single_post_gallery_size":"crop-500"}],"trending_post":"0","trending_post_position":"meta","trending_post_label":"Trending","sponsored_post":"0","sponsored_post_label":"Sponsored by","sponsored_post_name":"","sponsored_post_url":"","sponsored_post_logo_enable":"0","sponsored_post_logo":"","sponsored_post_desc":"","disable_ad":"0"},"jnews_primary_category":{"id":"","hide":""},"jnews_social_meta":{"fb_title":"","fb_description":"","fb_image":"","twitter_title":"","twitter_description":"","twitter_image":""},"jnews_override_counter":{"override_view_counter":"0","view_counter_number":"0","override_share_counter":"0","share_counter_number":"0","override_like_counter":"0","like_counter_number":"0","override_dislike_counter":"0","dislike_counter_number":"0"},"footnotes":""},"categories":[24,25,1,178,30,2085,31],"tags":[],"class_list":["post-21870","post","type-post","status-publish","format-standard","has-post-thumbnail","hentry","category-bilim","category-egitim","category-genel","category-fakultemizden","category-kultur-sanat","category-manset-haber","category-teknoloji"],"_links":{"self":[{"href":"https:\/\/iletim.istanbul.edu.tr\/index.php\/wp-json\/wp\/v2\/posts\/21870","targetHints":{"allow":["GET"]}}],"collection":[{"href":"https:\/\/iletim.istanbul.edu.tr\/index.php\/wp-json\/wp\/v2\/posts"}],"about":[{"href":"https:\/\/iletim.istanbul.edu.tr\/index.php\/wp-json\/wp\/v2\/types\/post"}],"author":[{"embeddable":true,"href":"https:\/\/iletim.istanbul.edu.tr\/index.php\/wp-json\/wp\/v2\/users\/14"}],"replies":[{"embeddable":true,"href":"https:\/\/iletim.istanbul.edu.tr\/index.php\/wp-json\/wp\/v2\/comments?post=21870"}],"version-history":[{"count":0,"href":"https:\/\/iletim.istanbul.edu.tr\/index.php\/wp-json\/wp\/v2\/posts\/21870\/revisions"}],"wp:featuredmedia":[{"embeddable":true,"href":"https:\/\/iletim.istanbul.edu.tr\/index.php\/wp-json\/wp\/v2\/media\/21883"}],"wp:attachment":[{"href":"https:\/\/iletim.istanbul.edu.tr\/index.php\/wp-json\/wp\/v2\/media?parent=21870"}],"wp:term":[{"taxonomy":"category","embeddable":true,"href":"https:\/\/iletim.istanbul.edu.tr\/index.php\/wp-json\/wp\/v2\/categories?post=21870"},{"taxonomy":"post_tag","embeddable":true,"href":"https:\/\/iletim.istanbul.edu.tr\/index.php\/wp-json\/wp\/v2\/tags?post=21870"}],"curies":[{"name":"wp","href":"https:\/\/api.w.org\/{rel}","templated":true}]}}