{"id":2195,"date":"2018-02-14T12:42:58","date_gmt":"2018-02-14T09:42:58","guid":{"rendered":"https:\/\/iletim.istanbul.edu.tr\/?p=2195"},"modified":"2018-02-14T13:17:07","modified_gmt":"2018-02-14T10:17:07","slug":"atik-sudan-bagimliliga-proje-tanitim-toplantisi-yapildi","status":"publish","type":"post","link":"https:\/\/iletim.istanbul.edu.tr\/index.php\/2018\/02\/14\/atik-sudan-bagimliliga-proje-tanitim-toplantisi-yapildi\/","title":{"rendered":"\u201cAt\u0131k Sudan Ba\u011f\u0131ml\u0131l\u0131\u011fa\u201d Proje Tan\u0131t\u0131m Toplant\u0131s\u0131 Yap\u0131ld\u0131"},"content":{"rendered":"<p><strong>Esra MUTLU, Hande Nur OCAK, Neslihan KALKAN, \u00d6zge KONDAK\u00c7I<br \/>\n<\/strong><strong>Foto\u011fraf-\u00d6zge KARAHAN<\/strong><\/p>\n<p>\u0130stanbul \u00dcniversitesi Adli T\u0131p Enstit\u00fcs\u00fc, T\u00fcrkiye Ye\u015filay Cemiyeti ortakl\u0131\u011f\u0131 ve \u0130SK\u0130 i\u015ftirak\u00e7ili\u011finde ger\u00e7ekle\u015ftirilen \u201cAt\u0131k Sudan Ba\u011f\u0131ml\u0131l\u0131\u011fa\u201d projesinin tan\u0131t\u0131m toplant\u0131s\u0131 4 Ocak\u2019ta \u0130stanbul \u00dcniversitesi Kongre K\u00fclt\u00fcr Merkezi\u2019nde yap\u0131ld\u0131.<\/p>\n<p>Sayg\u0131 duru\u015fu ve \u0130stiklal Mar\u015f\u0131\u2019n\u0131n okunmas\u0131n\u0131n ard\u0131ndan toplant\u0131, \u0130\u00dc Adli T\u0131p Enstit\u00fcs\u00fc M\u00fcd\u00fcr\u00fc ve M\u00fcnferit Proje Y\u00fcr\u00fct\u00fcc\u00fcs\u00fc Prof. Dr. Faruk A\u015f\u0131c\u0131o\u011flu\u2019nun konu\u015fmas\u0131yla ba\u015flad\u0131. Projenin bir y\u0131ll\u0131k s\u00fcrecinden bahseden Prof. Dr. A\u015f\u0131c\u0131o\u011flu, Lizbon\u2019daki Avrupa Birli\u011fi uyu\u015fturucu ile m\u00fccadelede resmi organ\u0131 olan Avrupa Birli\u011fi Uyu\u015fturucu Ba\u011f\u0131ml\u0131l\u0131\u011f\u0131 ve Ba\u011f\u0131ml\u0131l\u0131k \u0130zleme Merkezi\u2019nde \u00fclkemizi Erken Uyar\u0131 Sistemi Ulusal Uzman\u0131 s\u0131fat\u0131yla on y\u0131ld\u0131r temsil etti\u011fini anlatt\u0131. Projenin ger\u00e7ek ve bilimsel tabanl\u0131 veri sa\u011flamas\u0131na dikkat \u00e7eken Prof. Dr. A\u015f\u0131c\u0131o\u011flu, uyu\u015fturucu analizlerinin babal\u0131k testlerinden daha zorlu oldu\u011funu s\u00f6yleyerek \u201cBize verece\u011fimiz verilerin \u00fclkemiz politikalar\u0131n\u0131, stratejilerini, be\u015f on y\u0131ll\u0131k planlar\u0131n\u0131 de\u011fi\u015ftirece\u011fi s\u00f6ylendi. Bu y\u00fczden yanl\u0131\u015f veri verme \u015fans\u0131m\u0131z yok. Bu nedenle analizleri \u00fc\u00e7 farkl\u0131 uzman taraf\u0131ndan \u00fc\u00e7 farkl\u0131 zamanda yap\u0131p benzer sonu\u00e7lar elde edilirse \u00fcst mercilere rapor g\u00f6nderiyoruz\u201d dedi. Konu\u015fmas\u0131nda projenin \u00f6neminden ve bundan sonraki s\u00fcre\u00e7ten bahseden Prof. Dr. A\u015f\u0131c\u0131o\u011flu, destek olan kurumlara te\u015fekk\u00fcr ederek sunumunu tamamlad\u0131.<\/p>\n<p><a href=\"http:\/\/ajansuniversite.istanbul.edu.tr\/wp-content\/uploads\/DSC_1238.jpg\"><img decoding=\"async\" class=\"alignnone wp-image-46591\" src=\"http:\/\/ajansuniversite.istanbul.edu.tr\/wp-content\/uploads\/DSC_1238-450x298.jpg\" alt=\"DSC_1238\" width=\"629\" height=\"418\" \/><\/a><\/p>\n<p>T\u00fcrkiye Ye\u015filay Cemiyeti Genel M\u00fcd\u00fcr\u00fc Sava\u015f Y\u0131lmaz ise ba\u011f\u0131ml\u0131l\u0131kla m\u00fccadelenin Ye\u015filay\u2019\u0131n ilk ve tek \u00f6nemli i\u015fi oldu\u011funu s\u00f6yledi. Y\u0131lmaz, \u201cDi\u011fer kurumlardan farkl\u0131 olarak bu t\u00fcr projelere \u00fclke genelinde yayg\u0131nla\u015ft\u0131r\u0131lacak bir operasyon g\u00f6z\u00fcyle bak\u0131yoruz. Bu anlamda Ye\u015filay\u2019\u0131n burada olmas\u0131 ger\u00e7ekten \u00e7ok k\u0131ymetli\u201d dedi.\u00a0 Do\u011fru payda\u015flar\u0131n bir araya gelmesiyle bu t\u00fcr ba\u011f\u0131ml\u0131l\u0131k projelerinin i\u00e7inde olman\u0131n \u00f6nemini belirten Y\u0131lmaz, \u201cUyu\u015fturucuyla m\u00fccadelede biz \u00e7ok faaliyet yap\u0131yoruz ama geriye d\u00f6n\u00fcp bakt\u0131\u011f\u0131m\u0131zda nereden nereye geldi\u011fimizi analiz etme \u015fans\u0131m\u0131z olmuyor. Biz alt\u0131 yedi y\u0131l \u00f6nceki veriler \u00fczerinden gidiyoruz ve bu do\u011fru bir yakla\u015f\u0131m olmuyor. Bu anlamda bu proje bize ve sivil toplum \u00f6rg\u00fctlerine \u00e7ok iyi bir veri sa\u011flayacakt\u0131r \u201ddedi. Bu t\u00fcr projelerin uzun soluklu olabilmesi i\u00e7in toplum nezdinde kabul g\u00f6rmesini sa\u011flamaktan bahseden Y\u0131lmaz, konu\u015fmas\u0131n\u0131 te\u015fekk\u00fcr ederek sonland\u0131rd\u0131.<\/p>\n<p><a href=\"http:\/\/ajansuniversite.istanbul.edu.tr\/wp-content\/uploads\/DSC_1252.jpg\"><img decoding=\"async\" class=\"alignnone wp-image-46592\" src=\"http:\/\/ajansuniversite.istanbul.edu.tr\/wp-content\/uploads\/DSC_1252-450x298.jpg\" alt=\"DSC_1252\" width=\"630\" height=\"418\" \/><\/a><\/p>\n<p><strong>&#8220;S\u0131f\u0131r Ba\u011f\u0131ml\u0131l\u0131\u011f\u0131 Hedeflememiz Gerekir&#8221;<\/strong><\/p>\n<p>S\u00f6zlerine b\u00f6yle bir projede olman\u0131n \u00f6nemini vurgulayarak ba\u015flayan \u0130SK\u0130 Genel M\u00fcd\u00fcr\u00fc Fatih Turhan, ba\u011f\u0131ml\u0131l\u0131\u011f\u0131n her t\u00fcrl\u00fcs\u00fcn\u00fcn g\u00fcn\u00fcm\u00fcz modern \u00e7a\u011flar\u0131nda s\u0131k\u0131nt\u0131 yaratt\u0131\u011f\u0131n\u0131 s\u00f6yledi.\u00a0 \u00dclkemizin stratejik konumu itibariyle bir nevi k\u00f6pr\u00fc pozisyonunda oldu\u011funa de\u011finen Turhan, &#8220;Biz hi\u00e7 bula\u015fmak istemesek bile bir \u015fekilde bu uyu\u015fturucu trafi\u011finin etkisinde olduk&#8221; ifadelerine yer verdi. Turhan ba\u011f\u0131ml\u0131l\u0131\u011f\u0131n her t\u00fcrl\u00fcs\u00fcyle topyek\u00fcn bir m\u00fccadelenin gerekti\u011fine vurgu yaparken, e\u011fitim sisteminin aileden ba\u015flad\u0131\u011f\u0131na ve bireylere bu bilincin a\u015f\u0131lanmas\u0131n\u0131n gerekli oldu\u011funa da de\u011findi. Ba\u011f\u0131ml\u0131l\u0131\u011f\u0131n bir tanesinin bile \u00e7ok fazla oldu\u011funu aktaran Turhan, &#8220;S\u0131f\u0131r ba\u011f\u0131ml\u0131l\u0131\u011f\u0131 hedeflememiz gerekir&#8221; \u015feklinde konu\u015ftu. Turhan, &#8220;\u0130SK\u0130 olarak vatanda\u015flar\u0131m\u0131z i\u00e7in \u00e7abal\u0131yoruz. Hayat kayna\u011f\u0131 olan suyun kaliteli ve sa\u011fl\u0131kl\u0131 olmas\u0131 ad\u0131na her g\u00fcn \u00e7al\u0131\u015f\u0131yoruz&#8221; ifadelerini kullan\u0131rken b\u00f6yle bir projeye katk\u0131 sa\u011flamaktan onur duyduklar\u0131n\u0131 da belirtti.<\/p>\n<p><a href=\"http:\/\/ajansuniversite.istanbul.edu.tr\/wp-content\/uploads\/DSC_1263.jpg\"><img decoding=\"async\" class=\"alignnone wp-image-46593\" src=\"http:\/\/ajansuniversite.istanbul.edu.tr\/wp-content\/uploads\/DSC_1263-450x298.jpg\" alt=\"DSC_1263\" width=\"630\" height=\"418\" \/><\/a><\/p>\n<p><strong>&#8220;Sosyal Kalk\u0131nma Olmadan Ekonomik Kalk\u0131nma Olmaz&#8221;<\/strong><\/p>\n<p>Turhan&#8217;\u0131n ard\u0131ndan s\u00f6z alan \u0130stanbul Kalk\u0131nma Ajans\u0131 Genel Sekreteri \u00d6zg\u00fcl \u00d6zkan Yavuz, konu\u015fmas\u0131na &#8220;Kurulu\u015f tarihimiz olan 2009&#8217;dan itibaren ekonomik ve sosyal kalk\u0131nmaya d\u00f6n\u00fck her alanda yenilik\u00e7i, giri\u015fimci projeleri destekliyoruz&#8221; ifadelerine yer vererek ba\u015flad\u0131.\u00a0 Yavuz, &#8220;Sosyal kalk\u0131nma olmadan ekonomik kalk\u0131nma olmaz&#8221; diyerek sosyal alanda sa\u011flam ad\u0131mlar at\u0131lmas\u0131n\u0131n gereklili\u011fine de\u011findi. Sosyal kalk\u0131nmada eksik kalan yerlerde destek vermeye \u00e7al\u0131\u015ft\u0131klar\u0131n\u0131 aktaran Yavuz, toplumun t\u00fcm kesimlerinin ihtiya\u00e7lar\u0131n\u0131n g\u00f6z \u00f6n\u00fcnde bulundurularak hareket edildi\u011fine de vurgu yapt\u0131. \u201c2015 y\u0131l\u0131nda Ba\u011f\u0131ml\u0131l\u0131kla M\u00fccadele Destek projesini ba\u015flatt\u0131k\u201d diyen Yavuz, hayata ge\u00e7irdikleri projeler ile \u0130stanbul&#8217;da 150 bin ki\u015finin ya\u015fam\u0131na dokunduklar\u0131n\u0131 s\u00f6yledi.\u00a0 Yavuz, ajans olarak ilkleri desteklemeyi ve yenilikleri kurmay\u0131 sevdiklerini ifadelerine eklerken &#8220;Yine bir ilki en sevdi\u011fimiz proje ortaklar\u0131ndan olan \u0130stanbul \u00dcniversitesi ile hayata ge\u00e7irdik&#8221; dedi.<\/p>\n<p><a href=\"http:\/\/ajansuniversite.istanbul.edu.tr\/wp-content\/uploads\/DSC_1271.jpg\"><img decoding=\"async\" class=\"alignnone wp-image-46594\" src=\"http:\/\/ajansuniversite.istanbul.edu.tr\/wp-content\/uploads\/DSC_1271-450x298.jpg\" alt=\"DSC_1271\" width=\"630\" height=\"418\" \/><\/a><\/p>\n<p>\u0130l Emniyet M\u00fcd\u00fcr\u00fc Dr. Mustafa \u00c7al\u0131\u015fkan ise \u201c\u00dclkemiz co\u011frafi konumu nedeniyle uyu\u015fturucu trafi\u011finin g\u00fczerg\u00e2h\u0131d\u0131r\u201d dedi. \u201cMadde ba\u011f\u0131ml\u0131l\u0131\u011f\u0131nda bireysel de\u011fil kurumsal m\u00fccadele verilmeli\u201d mesaj\u0131n\u0131 veren Dr. \u00c7al\u0131\u015fkan, uyu\u015fturucuyla m\u00fccadelede ge\u00e7mi\u015ften kalma s\u0131k\u0131nt\u0131lar\u0131n oldu\u011funu belirtti. \u201c\u00c7evremizde bir \u00e7ocuk ba\u011f\u0131ml\u0131 oldu\u011funda onu d\u0131\u015fl\u0131yoruz ancak o \u00e7ocu\u011fun bize ihtiyac\u0131 vard\u0131r\u201d dedi. Dr. \u00c7al\u0131\u015fkan, \u0130stanbul Emniyeti olarak bu ve bunun gibi projelerde destek olmaya haz\u0131r olduklar\u0131n\u0131 s\u00f6yledi. Dr. \u00c7al\u0131\u015fkan, \u201cHeyecan\u0131m\u0131z ve hayallerimiz olmal\u0131 ki aradaki mesafeyi kapatal\u0131m\u201d diyerek konu\u015fmas\u0131n\u0131 sonland\u0131rd\u0131.<\/p>\n<p><a href=\"http:\/\/ajansuniversite.istanbul.edu.tr\/wp-content\/uploads\/DSC_1284.jpg\"><img decoding=\"async\" class=\"alignnone wp-image-46595\" src=\"http:\/\/ajansuniversite.istanbul.edu.tr\/wp-content\/uploads\/DSC_1284-450x298.jpg\" alt=\"DSC_1284\" width=\"630\" height=\"418\" \/><\/a><\/p>\n<p>\u0130\u00dc Rekt\u00f6r\u00fc Prof. Dr. Mahmut Ak, konu\u015fmas\u0131nda \u201cHepimiz uyu\u015fturucunun verdi\u011fi maddi ve manevi zarardan haberdar\u0131z\u201d diyerek uyu\u015fturucunun d\u00fcnya genelinde \u00e7a\u011f\u0131n en b\u00fcy\u00fck sorunu haline geldi\u011finden bahsetti. Prof. Dr. Ak, \u00e7e\u015fitli devletlerin bu konuda m\u00fccadele etti\u011fini ve farkl\u0131 projeler geli\u015ftirerek gen\u00e7leri uyu\u015fturucudan uzak tutmaya \u00e7al\u0131\u015ft\u0131klar\u0131n\u0131 s\u00f6yledi. \u201cAt\u0131k Sudan Ba\u011f\u0131ml\u0131l\u0131\u011fa\u201d projesinin 12 ayd\u0131r s\u00fcren bir proje oldu\u011funu belirten Prof. Dr. Ak, eyl\u00fcl ay\u0131nda laboratuvar\u0131n faaliyete ge\u00e7ti\u011fini aktard\u0131. Beyo\u011flu ve \u00c7atalca\u2019dan haftai\u00e7i ve haftasonu al\u0131nan numinelerle analizler yap\u0131ld\u0131\u011f\u0131n\u0131 s\u00f6yleyen Prof. Dr. Ak, sonu\u00e7lar\u0131n Avrupa Ara\u015ft\u0131rma Merkezi\u2019ne ula\u015ft\u0131\u011f\u0131n\u0131 ve bu projenin 28 farkl\u0131 \u00fclkede ger\u00e7ekle\u015ftirildi\u011finden s\u00f6z etti. Prof. Dr. Ak, bu projenin s\u00fcrd\u00fcr\u00fclebilir olmas\u0131 i\u00e7in takip\u00e7i olacaklar\u0131n\u0131 s\u00f6yleyerek konu\u015fmas\u0131n\u0131 sonland\u0131rd\u0131.<\/p>\n<p><a href=\"http:\/\/ajansuniversite.istanbul.edu.tr\/wp-content\/uploads\/DSC_1304.jpg\"><img decoding=\"async\" class=\"alignnone wp-image-46596\" src=\"http:\/\/ajansuniversite.istanbul.edu.tr\/wp-content\/uploads\/DSC_1304-450x298.jpg\" alt=\"DSC_1304\" width=\"630\" height=\"418\" \/><\/a><\/p>\n<p>A\u00e7\u0131l\u0131\u015f konu\u015fmalar\u0131n\u0131n ard\u0131ndan konu\u015fan M\u00fcnferit Proje Y\u00fcr\u00fct\u00fcc\u00fcs\u00fc Yrd. Do\u00e7. Dr. Selda Mercan, At\u0131k Suda Uyu\u015fturucu Analiz Laboratuvar\u0131\u2019n\u0131n tan\u0131t\u0131m\u0131 ile ilgili sunumunu ger\u00e7ekle\u015ftirdi. Yrd. Do\u00e7. Dr. Mercan, \u201cBir y\u0131ll\u0131k bir \u00e7al\u0131\u015fman\u0131n sonuna geldik ve yapt\u0131\u011f\u0131m\u0131z i\u015fleri faaliyetleri ve sonu\u00e7lar\u0131 sizinle payla\u015fmaktan onur duyuyoruz. Projemiz 2016 y\u0131l\u0131 mali destek kapsam\u0131nda \u0130stanbul Kalk\u0131nma Ajans\u0131 taraf\u0131ndan desteklenmekte olan bir proje. Proje ortaklar\u0131m\u0131zdan Ye\u015filay ve proje i\u015ftirak\u00e7ilerimizden \u0130SK\u0130 i\u015fbirli\u011fi ile yap\u0131lm\u0131\u015f ve \u00e7ok disiplinli bir \u00e7al\u0131\u015fman\u0131n \u00fcr\u00fcn\u00fc olarak ortaya \u00e7\u0131km\u0131\u015f bir \u00e7al\u0131\u015fma\u201d dedi.<\/p>\n<p><a href=\"http:\/\/ajansuniversite.istanbul.edu.tr\/wp-content\/uploads\/DSC_1335.jpg\"><img decoding=\"async\" class=\"alignnone wp-image-46597\" src=\"http:\/\/ajansuniversite.istanbul.edu.tr\/wp-content\/uploads\/DSC_1335-450x298.jpg\" alt=\"DSC_1335\" width=\"630\" height=\"418\" \/><\/a><\/p>\n<p>Yrd. Do\u00e7. Dr. Mercan, \u201cYasad\u0131\u015f\u0131 madde kullan\u0131m\u0131nda baz\u0131 belirte\u00e7ler var bunlar anket yoluyla yap\u0131lan \u00e7al\u0131\u015fmalar ya da \u00f6l\u00fcm ve hastane kay\u0131tlar\u0131ndan elde edilen bulgular ele ge\u00e7irmelerden elde edilen bulgular ve birtak\u0131m arz talep de\u011ferlendirmeleri \u015feklinde oluyor. Fakat bunlar\u0131n geneli yans\u0131tmad\u0131\u011f\u0131yla ilgili g\u00f6r\u00fc\u015fler neticesinde baz\u0131 destekleyici \u00e7al\u0131\u015fmalar yap\u0131l\u0131yor ki bunlardan bir tanesi Faruk A\u015f\u0131c\u0131o\u011flu\u2019nun da bahsetti\u011fi erken uyar\u0131 sistemi bir de at\u0131k su analizleri. Bu destekleyici \u00e7al\u0131\u015fmalar\u0131n katk\u0131s\u0131ndan yola \u00e7\u0131karak biz de zaten bu projenin ortaya \u00e7\u0131kmas\u0131n\u0131 sa\u011flad\u0131k\u201d \u015feklinde konu\u015ftu.<\/p>\n<p>Yasad\u0131\u015f\u0131 madde kullan\u0131m\u0131ndaki belirte\u00e7ler her zaman net veriyi tek ba\u015flar\u0131na sa\u011flayamad\u0131\u011f\u0131n\u0131 belirten Yrd. Do\u00e7. Dr. Mercan, t\u00fcketilen her \u015feyin izlerinin at\u0131k suda bulunmas\u0131n\u0131n m\u00fcmk\u00fcn oldu\u011funu anlatarak at\u0131k sudan sa\u011flanan verilerin kan\u0131ta dayal\u0131 olmas\u0131n\u0131n ve bireye y\u00f6nelik olarak de\u011fil madde kullan\u0131m\u0131na y\u00f6nelik olarak stratejiler geli\u015ftirilebilece\u011finin de \u00f6nemli oldu\u011funu belirtti. Yrd. Do\u00e7. Dr. Mercan, yasad\u0131\u015f\u0131 maddelerin kullan\u0131m\u0131 ile ilgili sorulara y\u00f6nelik cevaplar\u0131n da al\u0131nabilece\u011fini ve buna y\u00f6nelik \u00f6nleme stratejileri geli\u015ftirilebilece\u011fini s\u00f6yledi.<\/p>\n<p>Bir y\u0131ll\u0131k s\u00fcre\u00e7te projenin \u0130stanbul genelinde geni\u015f kapsaml\u0131 bir \u015fekilde yap\u0131lmas\u0131n\u0131n g\u00fc\u00e7 oldu\u011funu s\u00f6yleyen Yrd. Do\u00e7. Dr. Mercan, \u201cAltyap\u0131y\u0131 kurmay\u0131 ve bunu sadece iki modelde belirlemeyi \u00f6ng\u00f6rd\u00fck. Modellerimizden biri \u00c7atalca bir di\u011feriyse Beyo\u011flu\u2019ydu\u201d diyerek projenin uygulanmas\u0131na y\u00f6nelik belirlenen faaliyetlere ili\u015fkin bilgi verdi. Yrd. Do\u00e7. Dr. Mercan\u2019\u0131n sunumunun sonunda ba\u015fta \u0130stanbul \u00dcniversitesi olmak \u00fczere projeye destek veren kurumlara te\u015fekk\u00fcr etmesiyle toplant\u0131 sona erdi.<\/p>\n","protected":false},"excerpt":{"rendered":"<p>\u0130stanbul \u00dcniversitesi Adli T\u0131p Enstit\u00fcs\u00fc, T\u00fcrkiye Ye\u015filay Cemiyeti ortakl\u0131\u011f\u0131 ve \u0130SK\u0130 i\u015ftirak\u00e7ili\u011finde ger\u00e7ekle\u015ftirilen \u201cAt\u0131k Sudan Ba\u011f\u0131ml\u0131l\u0131\u011fa\u201d projesinin tan\u0131t\u0131m toplant\u0131s\u0131 4 Ocak\u2019ta \u0130stanbul \u00dcniversitesi Kongre K\u00fclt\u00fcr Merkezi\u2019nde yap\u0131ld\u0131.<\/p>\n","protected":false},"author":14,"featured_media":2198,"comment_status":"open","ping_status":"open","sticky":false,"template":"","format":"standard","meta":{"jnews-multi-image_gallery":[],"jnews_single_post":[],"jnews_primary_category":[],"jnews_social_meta":[],"jnews_override_counter":[],"footnotes":""},"categories":[28],"tags":[42,43],"class_list":["post-2195","post","type-post","status-publish","format-standard","has-post-thumbnail","hentry","category-istanbul","tag-atik-sudan-bagimliliga","tag-istanbul-universitesi"],"_links":{"self":[{"href":"https:\/\/iletim.istanbul.edu.tr\/index.php\/wp-json\/wp\/v2\/posts\/2195","targetHints":{"allow":["GET"]}}],"collection":[{"href":"https:\/\/iletim.istanbul.edu.tr\/index.php\/wp-json\/wp\/v2\/posts"}],"about":[{"href":"https:\/\/iletim.istanbul.edu.tr\/index.php\/wp-json\/wp\/v2\/types\/post"}],"author":[{"embeddable":true,"href":"https:\/\/iletim.istanbul.edu.tr\/index.php\/wp-json\/wp\/v2\/users\/14"}],"replies":[{"embeddable":true,"href":"https:\/\/iletim.istanbul.edu.tr\/index.php\/wp-json\/wp\/v2\/comments?post=2195"}],"version-history":[{"count":0,"href":"https:\/\/iletim.istanbul.edu.tr\/index.php\/wp-json\/wp\/v2\/posts\/2195\/revisions"}],"wp:featuredmedia":[{"embeddable":true,"href":"https:\/\/iletim.istanbul.edu.tr\/index.php\/wp-json\/wp\/v2\/media\/2198"}],"wp:attachment":[{"href":"https:\/\/iletim.istanbul.edu.tr\/index.php\/wp-json\/wp\/v2\/media?parent=2195"}],"wp:term":[{"taxonomy":"category","embeddable":true,"href":"https:\/\/iletim.istanbul.edu.tr\/index.php\/wp-json\/wp\/v2\/categories?post=2195"},{"taxonomy":"post_tag","embeddable":true,"href":"https:\/\/iletim.istanbul.edu.tr\/index.php\/wp-json\/wp\/v2\/tags?post=2195"}],"curies":[{"name":"wp","href":"https:\/\/api.w.org\/{rel}","templated":true}]}}