{"id":22522,"date":"2024-02-08T11:58:01","date_gmt":"2024-02-08T08:58:01","guid":{"rendered":"https:\/\/iletim.istanbul.edu.tr\/?p=22522"},"modified":"2024-02-08T12:00:08","modified_gmt":"2024-02-08T09:00:08","slug":"pendik-ve-mubadele-belgeseli-gosterimi-ile-son-defa-kilitlenen-kapilar-sergisi","status":"publish","type":"post","link":"https:\/\/iletim.istanbul.edu.tr\/index.php\/2024\/02\/08\/pendik-ve-mubadele-belgeseli-gosterimi-ile-son-defa-kilitlenen-kapilar-sergisi\/","title":{"rendered":"Pendik ve M\u00fcbadele Belgeseli G\u00f6sterimi ile \u2018Son Defa Kilitlenen Kap\u0131lar\u2019 Sergisi"},"content":{"rendered":"\n<p><strong>Haber: Ya\u011fmur Sertkaya &#8211; Zehra Nur Altun<\/strong><\/p>\n\n\n\n<p>T\u00fcrkiye-Yunanistan n\u00fcfus m\u00fcbadelesinin 101. y\u0131l\u0131 dolay\u0131s\u0131yla Do\u00e7. Dr. Neval Konuk Hala\u00e7o\u011flu\u2019nun devam eden ara\u015ft\u0131rma ve \u00e7al\u0131\u015fmalar\u0131 ile etkinlik d\u00fczenlendi. Etkinlik Atat\u00fcrk K\u00fclt\u00fcr Merkezi\u2019nde \u2018Son Defa Kilitlenen Kap\u0131lar\u2019 isimli sergi ve \u2018100. Y\u0131l\u0131nda M\u00fcbadele ve Pendik Belgeseli\u2019 g\u00f6sterimiyle ger\u00e7ekle\u015ftirildi.<\/p>\n\n\n\n<p>N\u00fcfus m\u00fcbadelesi ile 1923 y\u0131l\u0131nda T\u00fcrkiye ve Yunanistan kendi \u00fclkelerinin yurtta\u015flar\u0131n\u0131 din esas\u0131 \u00fczerine zorunlu g\u00f6\u00e7e tabi tuttu. M\u00fcbadele ile 1 miyon 2 y\u00fcz bin Ortadoks Hristiyan Rum, Anadolu\u2019dan Yunanistan\u2019a; 5 y\u00fcz bin M\u00fcsl\u00fcman T\u00fcrk de Yunanistan\u2019dan T\u00fcrkiye\u2019ye g\u00f6\u00e7 ettirildi.<\/p>\n\n\n\n<p><a><\/a> \u2018\u2019Son Defa Kilitlenen Kap\u0131lar\u2019\u2019<\/p>\n\n\n<div class=\"wp-block-image\">\n<figure class=\"aligncenter size-large\"><img decoding=\"async\" width=\"1024\" height=\"682\" src=\"https:\/\/iletim.istanbul.edu.tr\/wp-content\/uploads\/WhatsApp-Image-2024-02-08-at-11.54.13-AM-1024x682.jpeg\" alt=\"\" class=\"wp-image-22536\" srcset=\"https:\/\/iletim.istanbul.edu.tr\/wp-content\/uploads\/WhatsApp-Image-2024-02-08-at-11.54.13-AM-1024x682.jpeg 1024w, https:\/\/iletim.istanbul.edu.tr\/wp-content\/uploads\/WhatsApp-Image-2024-02-08-at-11.54.13-AM-300x200.jpeg 300w, https:\/\/iletim.istanbul.edu.tr\/wp-content\/uploads\/WhatsApp-Image-2024-02-08-at-11.54.13-AM-768x512.jpeg 768w, https:\/\/iletim.istanbul.edu.tr\/wp-content\/uploads\/WhatsApp-Image-2024-02-08-at-11.54.13-AM-1536x1023.jpeg 1536w, https:\/\/iletim.istanbul.edu.tr\/wp-content\/uploads\/WhatsApp-Image-2024-02-08-at-11.54.13-AM-750x500.jpeg 750w, https:\/\/iletim.istanbul.edu.tr\/wp-content\/uploads\/WhatsApp-Image-2024-02-08-at-11.54.13-AM-1140x760.jpeg 1140w, https:\/\/iletim.istanbul.edu.tr\/wp-content\/uploads\/WhatsApp-Image-2024-02-08-at-11.54.13-AM.jpeg 1600w\" sizes=\"(max-width: 1024px) 100vw, 1024px\" \/><\/figure><\/div>\n\n\n<p><\/p>\n\n\n\n<p>Serginin ana temas\u0131n\u0131 Drama, Yanya, Kavala, Selanik ve K\u0131lk\u0131\u015f vd. \u015fehirlerden Pendik\u2019e gelen m\u00fcbadillerin geldikleri \u015fehirlerden ev, cami, t\u00fcrbe, medrese ve kale kap\u0131lar\u0131n\u0131n foto\u011fraflar\u0131 olu\u015fturmakta. Sergi 6 y\u00fcz y\u0131la yak\u0131n memleketlerinden ayr\u0131l\u0131rken bir daha hi\u00e7 g\u00f6remeyecekleri evlerin ve avlular\u0131n\u0131n son kez kilitlenen kap\u0131lar\u0131n\u0131n g\u00f6rsel hikayelerini ziyaret\u00e7ilerine ta\u015f\u0131d\u0131.<\/p>\n\n\n<div class=\"wp-block-image\">\n<figure class=\"alignleft size-large is-resized\"><img decoding=\"async\" src=\"https:\/\/iletim.istanbul.edu.tr\/wp-content\/uploads\/WhatsApp-Image-2024-02-08-at-11.54.15-AM-1024x682.jpeg\" alt=\"\" class=\"wp-image-22535\" width=\"279\" height=\"186\" srcset=\"https:\/\/iletim.istanbul.edu.tr\/wp-content\/uploads\/WhatsApp-Image-2024-02-08-at-11.54.15-AM-1024x682.jpeg 1024w, https:\/\/iletim.istanbul.edu.tr\/wp-content\/uploads\/WhatsApp-Image-2024-02-08-at-11.54.15-AM-300x200.jpeg 300w, https:\/\/iletim.istanbul.edu.tr\/wp-content\/uploads\/WhatsApp-Image-2024-02-08-at-11.54.15-AM-768x512.jpeg 768w, https:\/\/iletim.istanbul.edu.tr\/wp-content\/uploads\/WhatsApp-Image-2024-02-08-at-11.54.15-AM-1536x1023.jpeg 1536w, https:\/\/iletim.istanbul.edu.tr\/wp-content\/uploads\/WhatsApp-Image-2024-02-08-at-11.54.15-AM-750x500.jpeg 750w, https:\/\/iletim.istanbul.edu.tr\/wp-content\/uploads\/WhatsApp-Image-2024-02-08-at-11.54.15-AM-1140x760.jpeg 1140w, https:\/\/iletim.istanbul.edu.tr\/wp-content\/uploads\/WhatsApp-Image-2024-02-08-at-11.54.15-AM.jpeg 1600w\" sizes=\"(max-width: 279px) 100vw, 279px\" \/><\/figure><\/div>\n\n\n<p>\u2018\u2018100. Y\u0131l\u0131nda M\u00fcbadele ve Pendik Belgeseli\u2019\u2019<\/p>\n\n\n\n<p>Serginin ard\u0131ndan 2023\u2019de M\u00fcbadelenin 100. Y\u0131l\u0131 ad\u0131na Do\u00e7. Dr. Neval Konuk Hala\u00e7o\u011flu ve Pendik Belediyesi taraf\u0131ndan ortak haz\u0131rlanan \u2018100. Y\u0131l\u0131nda M\u00fcbadele ve Pendik Belgeseli\u2019 izleyiciyle bulu\u015ftu.<\/p>\n\n\n\n<p>Do\u00e7. Dr. Hala\u00e7o\u011flu Zorunlu g\u00f6\u00e7 olmas\u0131 a\u00e7\u0131s\u0131ndan d\u00fcnya tarihindeki tek \u00f6rnek olarak belirtti\u011fi m\u00fcbadele i\u00e7in \u015funlar\u0131 dile getirdi. \u2018\u2019 Ana dilinizle konu\u015fulan vatan\u0131n\u0131za geliyorsunuz fakat her \u015feye en ba\u015f\u0131ndan ba\u015fl\u0131yorsunuz. Olduk\u00e7a zor ve me\u015fakkatli bir yolculuk. M\u00fcbadele\u2019nin 101. Y\u0131l\u0131nda benim mesaj\u0131m \u015fu: Atat\u00fcrk\u2019\u00fcn bir s\u00f6z\u00fc vard\u0131r \u2018 Tarih ihtiyats\u0131zlar i\u00e7in merhametsizdir.\u2019 Tam da bu y\u00fczden Allah T\u00fcrk Milletine bu ac\u0131lar\u0131 tekrar ya\u015fatmas\u0131n.<\/p>\n","protected":false},"excerpt":{"rendered":"<p>Haber: Ya\u011fmur Sertkaya &#8211; Zehra Nur Altun T\u00fcrkiye-Yunanistan n\u00fcfus m\u00fcbadelesinin 101. y\u0131l\u0131 dolay\u0131s\u0131yla Do\u00e7. Dr. Neval Konuk Hala\u00e7o\u011flu\u2019nun devam eden ara\u015ft\u0131rma ve \u00e7al\u0131\u015fmalar\u0131 ile etkinlik d\u00fczenlendi. Etkinlik Atat\u00fcrk K\u00fclt\u00fcr Merkezi\u2019nde \u2018Son Defa Kilitlenen Kap\u0131lar\u2019 isimli sergi ve \u2018100. Y\u0131l\u0131nda M\u00fcbadele ve Pendik Belgeseli\u2019 g\u00f6sterimiyle ger\u00e7ekle\u015ftirildi. N\u00fcfus m\u00fcbadelesi ile 1923 y\u0131l\u0131nda T\u00fcrkiye ve Yunanistan kendi \u00fclkelerinin [&hellip;]<\/p>\n","protected":false},"author":14,"featured_media":22532,"comment_status":"closed","ping_status":"open","sticky":false,"template":"","format":"standard","meta":{"jnews-multi-image_gallery":[],"jnews_single_post":{"subtitle":"","format":"standard","video":"","gallery":"","source_name":"","source_url":"","via_name":"","via_url":"","override_template":"0","override":[{"template":"1","single_blog_custom":"","parallax":"1","fullscreen":"1","layout":"double-sidebar","sidebar":"single-left","second_sidebar":"default-sidebar","sticky_sidebar":"1","share_position":"top","share_float_style":"share-monocrhome","show_share_counter":"1","show_view_counter":"1","show_featured":"1","show_post_meta":"1","show_post_author":"1","show_post_author_image":"1","show_post_date":"1","post_date_format":"default","post_date_format_custom":"Y\/m\/d","show_post_category":"1","show_post_reading_time":"0","post_reading_time_wpm":"300","show_zoom_button":"0","zoom_button_out_step":"2","zoom_button_in_step":"3","show_post_tag":"1","show_prev_next_post":"1","show_popup_post":"1","number_popup_post":"1","show_author_box":"0","show_post_related":"0","show_inline_post_related":"1"}],"override_image_size":"0","image_override":[{"single_post_thumbnail_size":"crop-500","single_post_gallery_size":"crop-500"}],"trending_post":"0","trending_post_position":"meta","trending_post_label":"Trending","sponsored_post":"0","sponsored_post_label":"Sponsored by","sponsored_post_name":"","sponsored_post_url":"","sponsored_post_logo_enable":"0","sponsored_post_logo":"","sponsored_post_desc":"","disable_ad":"0"},"jnews_primary_category":{"id":"","hide":""},"jnews_social_meta":{"fb_title":"","fb_description":"","fb_image":"","twitter_title":"","twitter_description":"","twitter_image":""},"jnews_override_counter":{"override_view_counter":"0","view_counter_number":"0","override_share_counter":"0","share_counter_number":"0","override_like_counter":"0","like_counter_number":"0","override_dislike_counter":"0","dislike_counter_number":"0"},"footnotes":""},"categories":[1],"tags":[2914,2912,2917,2913,1697,2916,2915],"class_list":["post-22522","post","type-post","status-publish","format-standard","has-post-thumbnail","hentry","category-genel","tag-goc","tag-mubadele","tag-nufusmubadelesi","tag-pendik","tag-turkiye","tag-yunanaistan","tag-zorunlugoc"],"_links":{"self":[{"href":"https:\/\/iletim.istanbul.edu.tr\/index.php\/wp-json\/wp\/v2\/posts\/22522","targetHints":{"allow":["GET"]}}],"collection":[{"href":"https:\/\/iletim.istanbul.edu.tr\/index.php\/wp-json\/wp\/v2\/posts"}],"about":[{"href":"https:\/\/iletim.istanbul.edu.tr\/index.php\/wp-json\/wp\/v2\/types\/post"}],"author":[{"embeddable":true,"href":"https:\/\/iletim.istanbul.edu.tr\/index.php\/wp-json\/wp\/v2\/users\/14"}],"replies":[{"embeddable":true,"href":"https:\/\/iletim.istanbul.edu.tr\/index.php\/wp-json\/wp\/v2\/comments?post=22522"}],"version-history":[{"count":0,"href":"https:\/\/iletim.istanbul.edu.tr\/index.php\/wp-json\/wp\/v2\/posts\/22522\/revisions"}],"wp:featuredmedia":[{"embeddable":true,"href":"https:\/\/iletim.istanbul.edu.tr\/index.php\/wp-json\/wp\/v2\/media\/22532"}],"wp:attachment":[{"href":"https:\/\/iletim.istanbul.edu.tr\/index.php\/wp-json\/wp\/v2\/media?parent=22522"}],"wp:term":[{"taxonomy":"category","embeddable":true,"href":"https:\/\/iletim.istanbul.edu.tr\/index.php\/wp-json\/wp\/v2\/categories?post=22522"},{"taxonomy":"post_tag","embeddable":true,"href":"https:\/\/iletim.istanbul.edu.tr\/index.php\/wp-json\/wp\/v2\/tags?post=22522"}],"curies":[{"name":"wp","href":"https:\/\/api.w.org\/{rel}","templated":true}]}}