{"id":2263,"date":"2018-02-15T13:52:50","date_gmt":"2018-02-15T10:52:50","guid":{"rendered":"https:\/\/iletim.istanbul.edu.tr\/?p=2263"},"modified":"2018-03-07T10:22:47","modified_gmt":"2018-03-07T07:22:47","slug":"oryantalizm-ile-birlikte-dogu-kavrayisi-sistemlesti","status":"publish","type":"post","link":"https:\/\/iletim.istanbul.edu.tr\/index.php\/2018\/02\/15\/oryantalizm-ile-birlikte-dogu-kavrayisi-sistemlesti\/","title":{"rendered":"&#8220;Oryantalizm ile Birlikte Do\u011fu Kavray\u0131\u015f\u0131 Sistemle\u015fti&#8221;"},"content":{"rendered":"<p><strong>Ya\u011fmur Ceren KURAL<\/strong><\/p>\n<p>Medya, Dil ve K\u00fclt\u00fcr Seminerleri kapsam\u0131nda d\u00fczenlenen Do\u011fu-Bat\u0131 \u0130kileminde Medya adl\u0131 seminer \u0130\u00dc \u0130leti\u015fim Fak\u00fcltesi\u00a0 Do\u00e7. Dr. Burcu Kaya Erdem\u2019in kat\u0131l\u0131m\u0131yla 15 \u015eubat\u2019ta \u0130\u00dc Seyyid Hasan Pa\u015fa Medresesi\u2019nde yap\u0131ld\u0131.<\/p>\n<p>Do\u011fu-Bat\u0131 ikileminin tarihsel s\u00fcrecine de\u011finen Do\u00e7. Dr. Burcu Kaya Erdem, Do\u011fu-Bat\u0131 \u0130kilemi&#8217;nin \u00e7ok say\u0131da d\u00fc\u015f\u00fcn\u00fcr ve tarih\u00e7i taraf\u0131ndan co\u011frafi ger\u00e7eklik olarak ele al\u0131nd\u0131\u011f\u0131n\u0131 belirtti.<\/p>\n<p>Uygarl\u0131klar\u0131n tarih boyunca, Do\u011fu-Bat\u0131 ayr\u0131m\u0131n\u0131 ama\u00e7l\u0131 veya d\u00fc\u015f\u00fcnsel olarak, kendi \u00e7\u0131karlar\u0131 do\u011frultusunda s\u00fcrekli olarak yeniden ve kendine g\u00f6re \u00fcretti\u011finden bahseden Do\u00e7. Dr. Kaya Erdem, \u201cDo\u011fu Bat\u0131 \u0130kilemi tamamlanmam\u0131\u015f ve hala devam eden sosyo-ekonomik, siyasal ve k\u00fclt\u00fcrel bir d\u00f6n\u00fc\u015f\u00fcmd\u00fcr\u201d dedi.<\/p>\n<p><img decoding=\"async\" class=\"alignnone wp-image-2272 size-large\" src=\"https:\/\/iletim.istanbul.edu.tr\/wp-content\/uploads\/DSC0046-1024x680.jpg\" alt=\"\" width=\"702\" height=\"466\" srcset=\"https:\/\/iletim.istanbul.edu.tr\/wp-content\/uploads\/DSC0046-1024x680.jpg 1024w, https:\/\/iletim.istanbul.edu.tr\/wp-content\/uploads\/DSC0046-300x199.jpg 300w, https:\/\/iletim.istanbul.edu.tr\/wp-content\/uploads\/DSC0046-768x510.jpg 768w\" sizes=\"(max-width: 702px) 100vw, 702px\" \/><\/p>\n<p>Ayn\u0131 yerin farkl\u0131 ki\u015filere g\u00f6re hem Do\u011fu, hem de Bat\u0131 olabilece\u011fini kaydeden Do\u00e7. Dr. Kaya Erdem, \u201cMutlak bir Do\u011fu veya Bat\u0131 konumland\u0131rmas\u0131 ancak birbirine nazaran ve kar\u015f\u0131l\u0131kl\u0131 kabul halinde varl\u0131k kazanabilir. Ancak Do\u011fu\u2019nun Do\u011fu, Bat\u0131\u2019n\u0131n Bat\u0131 olmay\u0131 istemesi, kabullenmesi ve birinin di\u011ferini kendi aynas\u0131nda \u00fcretmekten tat alm\u0131\u015f olmas\u0131 halinde Do\u011fu-Bat\u0131 ikilemi m\u00fcmk\u00fcnd\u00fcr\u201d diyerek konu\u015fmas\u0131na devam etti.<\/p>\n<p>Do\u011fu toplum ve k\u00fclt\u00fcrleri, dilleri ve halklar\u0131n\u0131n incelendi\u011fi bat\u0131 k\u00f6kenli ve merkezli ara\u015ft\u0131rma alanlar\u0131n\u0131n t\u00fcm\u00fcne verilen ortak ad\u0131n oryantalizm oldu\u011funu a\u00e7\u0131klayan Do\u00e7. Dr. Kaya Erdem, oryantalizm ile birlikte do\u011fu kavray\u0131\u015f\u0131n\u0131n sistemle\u015fti\u011fini ve disipliner hale geldi\u011fini s\u00f6yledi.<\/p>\n<p>Medya \u00fcretimleriyle Bat\u0131l\u0131larca do\u011funun \u00f6tekile\u015ftirilmesine dikkat \u00e7eken Do\u00e7. Dr. Kaya Erdem, \u201cMedyan\u0131n oryantalist \u00f6tekile\u015ftirmede, Do\u011fulular\u0131 temsil ederken kulland\u0131\u011f\u0131 veya medya arac\u0131l\u0131\u011f\u0131 ile anlam\u0131n olu\u015fumunda kulland\u0131\u011f\u0131 baz\u0131 y\u00f6ntemler vard\u0131r. \u015eiddeti vurgulamak, k\u00fc\u00e7\u00fclterek a\u015fa\u011f\u0131lamak ve bask\u0131n k\u00fclt\u00fcr veya ideolojiyi \u00fcst\u00fcn, \u00f6teki k\u00fclt\u00fcrleri a\u015fa\u011f\u0131 ve geli\u015fmemi\u015f olarak i\u015faretlemek gibi\u201d \u015feklinde konu\u015farak s\u00f6zlerini noktalad\u0131.<\/p>\n<p><img decoding=\"async\" class=\"alignnone wp-image-2710 size-large\" src=\"https:\/\/iletim.istanbul.edu.tr\/wp-content\/uploads\/4c91faf4-e0ab-4e61-bbc0-31de3064c080-1024x768.jpg\" alt=\"\" width=\"702\" height=\"527\" srcset=\"https:\/\/iletim.istanbul.edu.tr\/wp-content\/uploads\/4c91faf4-e0ab-4e61-bbc0-31de3064c080.jpg 1024w, https:\/\/iletim.istanbul.edu.tr\/wp-content\/uploads\/4c91faf4-e0ab-4e61-bbc0-31de3064c080-300x225.jpg 300w, https:\/\/iletim.istanbul.edu.tr\/wp-content\/uploads\/4c91faf4-e0ab-4e61-bbc0-31de3064c080-768x576.jpg 768w\" sizes=\"(max-width: 702px) 100vw, 702px\" \/><\/p>\n","protected":false},"excerpt":{"rendered":"<p>Medya, Dil ve K\u00fclt\u00fcr Seminerleri kapsam\u0131nda d\u00fczenlenen Do\u011fu-Bat\u0131 \u0130kileminde Medya adl\u0131 seminer Do\u00e7. Dr. Burcu Kaya Erdem\u2019in kat\u0131l\u0131m\u0131yla 15 \u015eubat\u2019ta \u0130\u00dc Seyyid Hasan Pa\u015fa Medresesi\u2019nde yap\u0131ld\u0131.<\/p>\n","protected":false},"author":14,"featured_media":2708,"comment_status":"open","ping_status":"open","sticky":false,"template":"","format":"standard","meta":{"jnews-multi-image_gallery":[],"jnews_single_post":[],"jnews_primary_category":[],"jnews_social_meta":[],"jnews_override_counter":[],"footnotes":""},"categories":[178,31],"tags":[56,58,57],"class_list":["post-2263","post","type-post","status-publish","format-standard","has-post-thumbnail","hentry","category-fakultemizden","category-teknoloji","tag-doc-dr-burcu-kaya-erdem","tag-dogu-bati-ikileminde-medya","tag-yagmur-ceren-kural"],"_links":{"self":[{"href":"https:\/\/iletim.istanbul.edu.tr\/index.php\/wp-json\/wp\/v2\/posts\/2263","targetHints":{"allow":["GET"]}}],"collection":[{"href":"https:\/\/iletim.istanbul.edu.tr\/index.php\/wp-json\/wp\/v2\/posts"}],"about":[{"href":"https:\/\/iletim.istanbul.edu.tr\/index.php\/wp-json\/wp\/v2\/types\/post"}],"author":[{"embeddable":true,"href":"https:\/\/iletim.istanbul.edu.tr\/index.php\/wp-json\/wp\/v2\/users\/14"}],"replies":[{"embeddable":true,"href":"https:\/\/iletim.istanbul.edu.tr\/index.php\/wp-json\/wp\/v2\/comments?post=2263"}],"version-history":[{"count":0,"href":"https:\/\/iletim.istanbul.edu.tr\/index.php\/wp-json\/wp\/v2\/posts\/2263\/revisions"}],"wp:featuredmedia":[{"embeddable":true,"href":"https:\/\/iletim.istanbul.edu.tr\/index.php\/wp-json\/wp\/v2\/media\/2708"}],"wp:attachment":[{"href":"https:\/\/iletim.istanbul.edu.tr\/index.php\/wp-json\/wp\/v2\/media?parent=2263"}],"wp:term":[{"taxonomy":"category","embeddable":true,"href":"https:\/\/iletim.istanbul.edu.tr\/index.php\/wp-json\/wp\/v2\/categories?post=2263"},{"taxonomy":"post_tag","embeddable":true,"href":"https:\/\/iletim.istanbul.edu.tr\/index.php\/wp-json\/wp\/v2\/tags?post=2263"}],"curies":[{"name":"wp","href":"https:\/\/api.w.org\/{rel}","templated":true}]}}