{"id":22947,"date":"2024-05-02T17:16:57","date_gmt":"2024-05-02T14:16:57","guid":{"rendered":"https:\/\/iletim.istanbul.edu.tr\/?p=22947"},"modified":"2024-05-02T17:16:58","modified_gmt":"2024-05-02T14:16:58","slug":"dergi-medyasi-dersi-kapsaminda-medya-soylesileri","status":"publish","type":"post","link":"https:\/\/iletim.istanbul.edu.tr\/index.php\/2024\/05\/02\/dergi-medyasi-dersi-kapsaminda-medya-soylesileri\/","title":{"rendered":"Dergi Medyas\u0131 Dersi Kapsam\u0131nda Medya S\u00f6yle\u015fileri"},"content":{"rendered":"\n<p><strong><em>Haber: Ay\u015feg\u00fcl Ni\u015fli <\/em><\/strong><\/p>\n\n\n\n<p><strong><em>Prof. Dr. Asl\u0131 G\u00f6nen\u00e7 taraf\u0131ndan verilen Dergi Medyas\u0131 dersi kapsam\u0131nda medya sekt\u00f6r\u00fcn\u00fcn \u00f6nemli isimleri \u0130stanbul \u00dcniversitesi \u0130leti\u015fim Fak\u00fcltesi \u00f6\u011frencileriyle bulu\u015ftu. 2 May\u0131s\u2019ta ger\u00e7ekle\u015fen etkinlikle MAKDER Genel Ba\u015fkan\u0131 Sel\u00e7uk Ta\u015fdemir, Gazeteci Kemal \u00d6zt\u00fcrk, TV100 Haber Spikeri Nil\u00fcfer \u00d6zkan, Ak\u015fam Gazetesi G\u00fcne\u015f Eki Haber M\u00fcd\u00fcr\u00fc Yasemin \u0130lan, Karar Gazetesi Spor M\u00fcd\u00fcr\u00fc O\u011fulcan \u00c7oksayar ve \u0130leti\u015fim Uzman\u0131\/Doktorant Zuhal S\u00f6nmezer \u00f6\u011frencilerle bir araya gelerek deneyimlerini payla\u015farak onlar\u0131n sorular\u0131n\u0131 yan\u0131tlad\u0131.<\/em><\/strong><\/p>\n\n\n\n<p><br>Program Kemal \u00d6zt\u00fcrk\u2019\u00fcn konu\u015fmas\u0131yla ba\u015flad\u0131. 1995 y\u0131l\u0131nda Saraybosna\u2019daki sava\u015fta muhabirlik yapt\u0131\u011f\u0131 d\u00f6nemden bahseden \u00d6zt\u00fcrk, \u201cO zamana kadar sava\u015f hi\u00e7 g\u00f6rmemi\u015ftim, silah sesi hi\u00e7 duymad\u0131m, bomba sesi hi\u00e7 duymad\u0131m. Oradaki atmosferin ve psikolojinin bamba\u015fka bir \u015fey oldu\u011funu ve insanlar\u0131n ruh halini ve davran\u0131\u015flar\u0131n\u0131 y\u00fczde y\u00fcz de\u011fi\u015ftirdi\u011fini fark ettim.\u201d ifadeleriyle ya\u015fad\u0131\u011f\u0131 s\u0131k\u0131nt\u0131lar\u0131 anlatt\u0131.<\/p>\n\n\n\n<figure class=\"wp-block-image size-large\"><img decoding=\"async\" width=\"1024\" height=\"680\" src=\"https:\/\/iletim.istanbul.edu.tr\/wp-content\/uploads\/ef03c0d3-5d4e-4d55-871c-eb02f2a75ad8-1024x680.jpeg\" alt=\"\" class=\"wp-image-22948\" srcset=\"https:\/\/iletim.istanbul.edu.tr\/wp-content\/uploads\/ef03c0d3-5d4e-4d55-871c-eb02f2a75ad8-1024x680.jpeg 1024w, https:\/\/iletim.istanbul.edu.tr\/wp-content\/uploads\/ef03c0d3-5d4e-4d55-871c-eb02f2a75ad8-300x199.jpeg 300w, https:\/\/iletim.istanbul.edu.tr\/wp-content\/uploads\/ef03c0d3-5d4e-4d55-871c-eb02f2a75ad8-768x510.jpeg 768w, https:\/\/iletim.istanbul.edu.tr\/wp-content\/uploads\/ef03c0d3-5d4e-4d55-871c-eb02f2a75ad8-1536x1020.jpeg 1536w, https:\/\/iletim.istanbul.edu.tr\/wp-content\/uploads\/ef03c0d3-5d4e-4d55-871c-eb02f2a75ad8-750x498.jpeg 750w, https:\/\/iletim.istanbul.edu.tr\/wp-content\/uploads\/ef03c0d3-5d4e-4d55-871c-eb02f2a75ad8-1140x757.jpeg 1140w, https:\/\/iletim.istanbul.edu.tr\/wp-content\/uploads\/ef03c0d3-5d4e-4d55-871c-eb02f2a75ad8.jpeg 1600w\" sizes=\"(max-width: 1024px) 100vw, 1024px\" \/><\/figure>\n\n\n\n<p><br>\u201cSava\u015f muhabirli\u011fi diye bir \u015fey var, onun bir de e\u011fitimi var. Bunu g\u00f6rmedi\u011finiz zaman sava\u015f alan\u0131na gitmemeniz gerekti\u011fini de o zaman anlam\u0131\u015ft\u0131m.\u201d \u015feklinde konu\u015fan \u00d6zt\u00fcrk, Anadolu Ajans\u0131\u2019nda sava\u015f muhabirli\u011fine dair verilen e\u011fitimden de bahsetti. \u00d6zt\u00fcrk, medya sekt\u00f6r\u00fcn\u00fcn dijitalle\u015fmesine dikkat \u00e7ekerek \u00f6\u011frencilerin de bu dijital devrime adapte olmas\u0131n\u0131n \u00f6nemini vurgulad\u0131.<\/p>\n\n\n\n<p><br>Ard\u0131ndan s\u00f6z\u00fc alan Zuhal S\u00f6nmezer, dergi medyas\u0131 hakk\u0131nda konu\u015ftu. \u201cGazete ve dergi temel olarak bakt\u0131\u011f\u0131n\u0131zda ayn\u0131 \u015feyden bahseder. Gazetecilikte ters piramit kural\u0131 vard\u0131r, \u00f6nemli olan haberi en ba\u015fta vermek durumunday\u0131z. Dergi ise derin ara\u015ft\u0131rmay\u0131 \u00f6ne \u00e7\u0131kar\u0131r, daha geni\u015f \u00f6l\u00e7ekte yaz\u0131lar kaleme alabiliriz.\u201d ifadelerinde bulunan S\u00f6nmezer, \u00f6\u011frencilere akademik dergiler hakk\u0131nda bilgi verdi.<\/p>\n\n\n\n<figure class=\"wp-block-image size-large\"><img decoding=\"async\" width=\"1024\" height=\"680\" src=\"https:\/\/iletim.istanbul.edu.tr\/wp-content\/uploads\/d7af5c30-7598-4804-b331-249f55767948-1024x680.jpeg\" alt=\"\" class=\"wp-image-22949\" srcset=\"https:\/\/iletim.istanbul.edu.tr\/wp-content\/uploads\/d7af5c30-7598-4804-b331-249f55767948-1024x680.jpeg 1024w, https:\/\/iletim.istanbul.edu.tr\/wp-content\/uploads\/d7af5c30-7598-4804-b331-249f55767948-300x199.jpeg 300w, https:\/\/iletim.istanbul.edu.tr\/wp-content\/uploads\/d7af5c30-7598-4804-b331-249f55767948-768x510.jpeg 768w, https:\/\/iletim.istanbul.edu.tr\/wp-content\/uploads\/d7af5c30-7598-4804-b331-249f55767948-1536x1020.jpeg 1536w, https:\/\/iletim.istanbul.edu.tr\/wp-content\/uploads\/d7af5c30-7598-4804-b331-249f55767948-750x498.jpeg 750w, https:\/\/iletim.istanbul.edu.tr\/wp-content\/uploads\/d7af5c30-7598-4804-b331-249f55767948-1140x757.jpeg 1140w, https:\/\/iletim.istanbul.edu.tr\/wp-content\/uploads\/d7af5c30-7598-4804-b331-249f55767948.jpeg 1600w\" sizes=\"(max-width: 1024px) 100vw, 1024px\" \/><\/figure>\n\n\n\n<p><br>Sonras\u0131nda konu\u015fan Nil\u00fcfer \u00d6zkan, medya sekt\u00f6r\u00fcndeki mesleki tecr\u00fcbelerini \u00f6\u011frencilere aktard\u0131. Muhabirlik ve spikerlik deneyimlerinden bahseden \u00d6zkan, daha iyi spikerlik yapabilmek i\u00e7in muhabirlik deneyiminin de gerekti\u011fini s\u00f6yledi. \u00d6zkan, konu\u015fmas\u0131nda gazetecilikte vicdan\u0131n \u00f6neminin alt\u0131n\u0131 \u00e7izdi.<\/p>\n\n\n\n<figure class=\"wp-block-gallery has-nested-images columns-default is-cropped wp-block-gallery-1 is-layout-flex wp-block-gallery-is-layout-flex\">\n<figure class=\"wp-block-image size-large\"><img decoding=\"async\" width=\"1024\" height=\"680\" data-id=\"22950\" src=\"https:\/\/iletim.istanbul.edu.tr\/wp-content\/uploads\/8391832f-05d7-4a00-8930-372654aed6a5-1024x680.jpeg\" alt=\"\" class=\"wp-image-22950\" srcset=\"https:\/\/iletim.istanbul.edu.tr\/wp-content\/uploads\/8391832f-05d7-4a00-8930-372654aed6a5-1024x680.jpeg 1024w, https:\/\/iletim.istanbul.edu.tr\/wp-content\/uploads\/8391832f-05d7-4a00-8930-372654aed6a5-300x199.jpeg 300w, https:\/\/iletim.istanbul.edu.tr\/wp-content\/uploads\/8391832f-05d7-4a00-8930-372654aed6a5-768x510.jpeg 768w, https:\/\/iletim.istanbul.edu.tr\/wp-content\/uploads\/8391832f-05d7-4a00-8930-372654aed6a5-1536x1020.jpeg 1536w, https:\/\/iletim.istanbul.edu.tr\/wp-content\/uploads\/8391832f-05d7-4a00-8930-372654aed6a5-750x498.jpeg 750w, https:\/\/iletim.istanbul.edu.tr\/wp-content\/uploads\/8391832f-05d7-4a00-8930-372654aed6a5-1140x757.jpeg 1140w, https:\/\/iletim.istanbul.edu.tr\/wp-content\/uploads\/8391832f-05d7-4a00-8930-372654aed6a5.jpeg 1600w\" sizes=\"(max-width: 1024px) 100vw, 1024px\" \/><\/figure>\n<\/figure>\n\n\n\n<p><br>Program Yasemin \u0130lan\u2019\u0131n konu\u015fmas\u0131yla devam etti. \u00d6\u011frencilere magazin muhabirli\u011fi ve dergicilik hakk\u0131ndaki deneyimlerinden bahseden \u0130lan, insanlarla ileti\u015fim kurabilmek i\u00e7in empatinin \u00f6nemini vurgulad\u0131 ve empati kurabilen gazetecilerin r\u00f6portajlar\u0131nda fark yaratt\u0131klar\u0131n\u0131 s\u00f6yledi.<\/p>\n\n\n\n<figure class=\"wp-block-image size-large\"><img decoding=\"async\" width=\"1024\" height=\"680\" src=\"https:\/\/iletim.istanbul.edu.tr\/wp-content\/uploads\/9471dbf4-15a7-436b-8ca8-1c6d27ea62ed-1024x680.jpeg\" alt=\"\" class=\"wp-image-22951\" srcset=\"https:\/\/iletim.istanbul.edu.tr\/wp-content\/uploads\/9471dbf4-15a7-436b-8ca8-1c6d27ea62ed-1024x680.jpeg 1024w, https:\/\/iletim.istanbul.edu.tr\/wp-content\/uploads\/9471dbf4-15a7-436b-8ca8-1c6d27ea62ed-300x199.jpeg 300w, https:\/\/iletim.istanbul.edu.tr\/wp-content\/uploads\/9471dbf4-15a7-436b-8ca8-1c6d27ea62ed-768x510.jpeg 768w, https:\/\/iletim.istanbul.edu.tr\/wp-content\/uploads\/9471dbf4-15a7-436b-8ca8-1c6d27ea62ed-1536x1020.jpeg 1536w, https:\/\/iletim.istanbul.edu.tr\/wp-content\/uploads\/9471dbf4-15a7-436b-8ca8-1c6d27ea62ed-750x498.jpeg 750w, https:\/\/iletim.istanbul.edu.tr\/wp-content\/uploads\/9471dbf4-15a7-436b-8ca8-1c6d27ea62ed-1140x757.jpeg 1140w, https:\/\/iletim.istanbul.edu.tr\/wp-content\/uploads\/9471dbf4-15a7-436b-8ca8-1c6d27ea62ed.jpeg 1600w\" sizes=\"(max-width: 1024px) 100vw, 1024px\" \/><\/figure>\n\n\n\n<p><br>Ard\u0131ndan s\u00f6z\u00fc alan O\u011fulcan \u00c7oksayar ise spor dergicili\u011fi hakk\u0131nda bilgilerini \u00f6\u011frencilerle payla\u015ft\u0131. \u00c7oksayar, spor dergilerinde i\u00e7eri\u011fin bir ay boyunca taze kalmas\u0131 gerekti\u011fini s\u00f6yledi. \u0130stanbul \u00dcniversitesi \u0130leti\u015fim Fak\u00fcltesi\u2019nden mezun oldu\u011funu ifade eden \u00c7oksayar, \u00f6\u011frencilik yapt\u0131\u011f\u0131 d\u00f6nemde uygulama birimlerinde elde etti\u011fi deneyimlerden de bahsetti.<\/p>\n\n\n\n<figure class=\"wp-block-image size-large\"><img decoding=\"async\" width=\"1024\" height=\"680\" src=\"https:\/\/iletim.istanbul.edu.tr\/wp-content\/uploads\/5bd82040-bd78-4595-9e89-b04a3442dfa4-1024x680.jpeg\" alt=\"\" class=\"wp-image-22952\" srcset=\"https:\/\/iletim.istanbul.edu.tr\/wp-content\/uploads\/5bd82040-bd78-4595-9e89-b04a3442dfa4-1024x680.jpeg 1024w, https:\/\/iletim.istanbul.edu.tr\/wp-content\/uploads\/5bd82040-bd78-4595-9e89-b04a3442dfa4-300x199.jpeg 300w, https:\/\/iletim.istanbul.edu.tr\/wp-content\/uploads\/5bd82040-bd78-4595-9e89-b04a3442dfa4-768x510.jpeg 768w, https:\/\/iletim.istanbul.edu.tr\/wp-content\/uploads\/5bd82040-bd78-4595-9e89-b04a3442dfa4-1536x1020.jpeg 1536w, https:\/\/iletim.istanbul.edu.tr\/wp-content\/uploads\/5bd82040-bd78-4595-9e89-b04a3442dfa4-750x498.jpeg 750w, https:\/\/iletim.istanbul.edu.tr\/wp-content\/uploads\/5bd82040-bd78-4595-9e89-b04a3442dfa4-1140x757.jpeg 1140w, https:\/\/iletim.istanbul.edu.tr\/wp-content\/uploads\/5bd82040-bd78-4595-9e89-b04a3442dfa4.jpeg 1600w\" sizes=\"(max-width: 1024px) 100vw, 1024px\" \/><\/figure>\n\n\n\n<p><br>Konu\u015fmalar\u0131n ard\u0131ndan Sel\u00e7uk Ta\u015fdemir kat\u0131l\u0131mc\u0131lara te\u015fekk\u00fcr ederek Prof. Dr. Asl\u0131 G\u00f6nen\u00e7\u2019e plaket takdim etti.<\/p>\n\n\n\n<p><\/p>\n\n\n\n<figure class=\"wp-block-image size-large\"><img decoding=\"async\" width=\"1024\" height=\"680\" src=\"https:\/\/iletim.istanbul.edu.tr\/wp-content\/uploads\/e5909500-a7e6-4dbd-9562-3acd93bd0826-1024x680.jpeg\" alt=\"\" class=\"wp-image-22953\" srcset=\"https:\/\/iletim.istanbul.edu.tr\/wp-content\/uploads\/e5909500-a7e6-4dbd-9562-3acd93bd0826-1024x680.jpeg 1024w, https:\/\/iletim.istanbul.edu.tr\/wp-content\/uploads\/e5909500-a7e6-4dbd-9562-3acd93bd0826-300x199.jpeg 300w, https:\/\/iletim.istanbul.edu.tr\/wp-content\/uploads\/e5909500-a7e6-4dbd-9562-3acd93bd0826-768x510.jpeg 768w, https:\/\/iletim.istanbul.edu.tr\/wp-content\/uploads\/e5909500-a7e6-4dbd-9562-3acd93bd0826-1536x1020.jpeg 1536w, https:\/\/iletim.istanbul.edu.tr\/wp-content\/uploads\/e5909500-a7e6-4dbd-9562-3acd93bd0826-750x498.jpeg 750w, https:\/\/iletim.istanbul.edu.tr\/wp-content\/uploads\/e5909500-a7e6-4dbd-9562-3acd93bd0826-1140x757.jpeg 1140w, https:\/\/iletim.istanbul.edu.tr\/wp-content\/uploads\/e5909500-a7e6-4dbd-9562-3acd93bd0826.jpeg 1600w\" sizes=\"(max-width: 1024px) 100vw, 1024px\" \/><\/figure>\n","protected":false},"excerpt":{"rendered":"<p>Haber: Ay\u015feg\u00fcl Ni\u015fli Prof. Dr. Asl\u0131 G\u00f6nen\u00e7 taraf\u0131ndan verilen Dergi Medyas\u0131 dersi kapsam\u0131nda medya sekt\u00f6r\u00fcn\u00fcn \u00f6nemli isimleri \u0130stanbul \u00dcniversitesi \u0130leti\u015fim Fak\u00fcltesi \u00f6\u011frencileriyle bulu\u015ftu. 2 May\u0131s\u2019ta ger\u00e7ekle\u015fen etkinlikle MAKDER Genel Ba\u015fkan\u0131 Sel\u00e7uk Ta\u015fdemir, Gazeteci Kemal \u00d6zt\u00fcrk, TV100 Haber Spikeri Nil\u00fcfer \u00d6zkan, Ak\u015fam Gazetesi G\u00fcne\u015f Eki Haber M\u00fcd\u00fcr\u00fc Yasemin \u0130lan, Karar Gazetesi Spor M\u00fcd\u00fcr\u00fc O\u011fulcan \u00c7oksayar ve [&hellip;]<\/p>\n","protected":false},"author":14,"featured_media":22954,"comment_status":"closed","ping_status":"open","sticky":false,"template":"","format":"standard","meta":{"jnews-multi-image_gallery":[],"jnews_single_post":{"subtitle":"","format":"standard","video":"","gallery":"","source_name":"","source_url":"","via_name":"","via_url":"","override_template":"0","override":[{"template":"1","single_blog_custom":"","parallax":"1","fullscreen":"1","layout":"double-sidebar","sidebar":"single-left","second_sidebar":"default-sidebar","sticky_sidebar":"1","share_position":"top","share_float_style":"share-monocrhome","show_share_counter":"1","show_view_counter":"1","show_featured":"1","show_post_meta":"1","show_post_author":"1","show_post_author_image":"1","show_post_date":"1","post_date_format":"default","post_date_format_custom":"Y\/m\/d","show_post_category":"1","show_post_reading_time":"0","post_reading_time_wpm":"300","show_zoom_button":"0","zoom_button_out_step":"2","zoom_button_in_step":"3","show_post_tag":"1","show_prev_next_post":"1","show_popup_post":"1","number_popup_post":"1","show_author_box":"0","show_post_related":"0","show_inline_post_related":"1"}],"override_image_size":"0","image_override":[{"single_post_thumbnail_size":"crop-500","single_post_gallery_size":"crop-500"}],"trending_post":"0","trending_post_position":"meta","trending_post_label":"Trending","sponsored_post":"0","sponsored_post_label":"Sponsored by","sponsored_post_name":"","sponsored_post_url":"","sponsored_post_logo_enable":"0","sponsored_post_logo":"","sponsored_post_desc":"","disable_ad":"0"},"jnews_primary_category":{"id":"","hide":""},"jnews_social_meta":{"fb_title":"","fb_description":"","fb_image":"","twitter_title":"","twitter_description":"","twitter_image":""},"jnews_override_counter":{"override_view_counter":"0","view_counter_number":"0","override_share_counter":"0","share_counter_number":"0","override_like_counter":"0","like_counter_number":"0","override_dislike_counter":"0","dislike_counter_number":"0"},"footnotes":""},"categories":[25,34,178,2085],"tags":[421,40,52,3044,3041,3045,3047,3040,3042,3046,3043],"class_list":["post-22947","post","type-post","status-publish","format-standard","has-post-thumbnail","hentry","category-egitim","category-universite","category-fakultemizden","category-manset-haber","tag-dergi-medyasi","tag-iletisim-fakultesi","tag-iu-iletisim-fakultesi","tag-kemal-ozturk","tag-makder","tag-nilufer-ozkan","tag-ogulcan-coksayar","tag-prof-dr-asli-gonenc","tag-selcuk-tasdemir","tag-yasemin-ilan","tag-zuhal-sonmezer"],"_links":{"self":[{"href":"https:\/\/iletim.istanbul.edu.tr\/index.php\/wp-json\/wp\/v2\/posts\/22947","targetHints":{"allow":["GET"]}}],"collection":[{"href":"https:\/\/iletim.istanbul.edu.tr\/index.php\/wp-json\/wp\/v2\/posts"}],"about":[{"href":"https:\/\/iletim.istanbul.edu.tr\/index.php\/wp-json\/wp\/v2\/types\/post"}],"author":[{"embeddable":true,"href":"https:\/\/iletim.istanbul.edu.tr\/index.php\/wp-json\/wp\/v2\/users\/14"}],"replies":[{"embeddable":true,"href":"https:\/\/iletim.istanbul.edu.tr\/index.php\/wp-json\/wp\/v2\/comments?post=22947"}],"version-history":[{"count":0,"href":"https:\/\/iletim.istanbul.edu.tr\/index.php\/wp-json\/wp\/v2\/posts\/22947\/revisions"}],"wp:featuredmedia":[{"embeddable":true,"href":"https:\/\/iletim.istanbul.edu.tr\/index.php\/wp-json\/wp\/v2\/media\/22954"}],"wp:attachment":[{"href":"https:\/\/iletim.istanbul.edu.tr\/index.php\/wp-json\/wp\/v2\/media?parent=22947"}],"wp:term":[{"taxonomy":"category","embeddable":true,"href":"https:\/\/iletim.istanbul.edu.tr\/index.php\/wp-json\/wp\/v2\/categories?post=22947"},{"taxonomy":"post_tag","embeddable":true,"href":"https:\/\/iletim.istanbul.edu.tr\/index.php\/wp-json\/wp\/v2\/tags?post=22947"}],"curies":[{"name":"wp","href":"https:\/\/api.w.org\/{rel}","templated":true}]}}